{"id":30687,"date":"2025-10-25T10:27:05","date_gmt":"2025-10-25T10:27:05","guid":{"rendered":"https:\/\/www.europesays.com\/lv\/30687\/"},"modified":"2025-10-25T10:27:05","modified_gmt":"2025-10-25T10:27:05","slug":"zviedrija-latvija-izvietos-bataljonu-ar-pretgaisa-aizsardzibas-lielgabala-kaujas-masinu-vienibam","status":"publish","type":"post","link":"https:\/\/www.europesays.com\/lv\/30687\/","title":{"rendered":"Zviedrija Latvij\u0101 izvietos bataljonu ar pretgaisa aizsardz\u012bbas lielgabala kaujas ma\u0161\u012bnu vien\u012bb\u0101m"},"content":{"rendered":"<p>Zviedrijas Bru\u0146otie sp\u0113ki turpina akt\u012bvi gatavoties n\u0101kamajam Latvijas izvietojumam, kura karav\u012bri pa\u0161laik tiek apm\u0101c\u012bti un kop\u012bgi vingrin\u0101s &#8220;Revingehed&#8221; poligon\u0101. \u0160\u012b vien\u012bba, kas joproj\u0101m saglab\u0101 samazin\u0101ta manevru bataljona strukt\u016bru, b\u016bs pastiprin\u0101ta ar jaunu sp\u0113ju &#8211; pretgaisa aizsardz\u012bbas vien\u012bb\u0101m, kas apr\u012bkotas ar pretgaisa aizsardz\u012bbas lielgabalu kaujas ma\u0161\u012bn\u0101m.<\/p>\n<blockquote class=\"twitter-tweet\">\n<p lang=\"lv\" dir=\"ltr\">Latvij\u0101 tiks izvietotas Zviedrijas pretgaisa aizsardz\u012bbas kaujas ma\u0161\u012bnas LVKV 90. Latvija un <a href=\"https:\/\/www.tvnet.lv\/term\/555552\/zviedrija\" class=\"topicLink\" target=\"_blank\" rel=\"nofollow noopener\">Zviedrija<\/a> kopigi stiprina <a href=\"https:\/\/www.tvnet.lv\/term\/9898\/nato\" class=\"topicLink\" target=\"_blank\" rel=\"nofollow noopener\">NATO<\/a> austrumu flangu. \ud83c\uddf1\ud83c\uddfb\ud83e\udd1d\ud83c\uddf8\ud83c\uddea<\/p>\n<p>\ud83d\udcaa \u0160\u012b pretgaisa aizsardz\u012bbas sp\u0113ja uzlabos vien\u012bbu gatav\u012bbu neitraliz\u0113t gaisa m\u0113r\u0137us \u2014 tostarp dronus un helikopterus \u2014 un\u2026 <a href=\"https:\/\/t.co\/yHkzW2vrkU\" rel=\"nofollow\">pic.twitter.com\/yHkzW2vrkU<\/a><\/p>\n<p>\u2014 Andris Spruds (@AndrisSpruds) <a href=\"https:\/\/twitter.com\/AndrisSpruds\/status\/1982013654938562888?ref_src=twsrc%5Etfw\" rel=\"nofollow noopener\" target=\"_blank\">October 25, 2025<\/a><\/p><\/blockquote>\n<p>Pretgaisa aizsardz\u012bbas vien\u012bbu m\u0113r\u0137is ir uzlabot bataljona sp\u0113ju savlaic\u012bgi atkl\u0101t un neitraliz\u0113t gaisa m\u0113r\u0137us, tostarp dronus un helikopterus, taktisk\u0101 l\u012bmen\u012b. Tas ir b\u016btisks solis Zviedrijas un NATO kolekt\u012bv\u0101s aizsardz\u012bbas sp\u0113ju stiprin\u0101\u0161an\u0101 Baltijas re\u0123ion\u0101, nor\u0101da AM.<\/p>\n<p>Oktobr\u012b pretgaisa lielgabalu kaujas ma\u0161\u012bnu apkalpes &#8220;Revingehed&#8221; poligon\u0101 veica intens\u012bvas kaujas apm\u0101c\u012bbas, sadarbojoties ar &#8220;Helikopter 15&#8221; vien\u012bb\u0101m no Zviedrijas Helikopteru flotiles. M\u0101c\u012bb\u0101s tika iesaist\u012bts ar\u012b civilais helikopters, nodro\u0161inot re\u0101listisku un daudzveid\u012bgu treni\u0146u vidi.<\/p>\n<p>Pretgaisa aizsardz\u012bbas lielgabalu kaujas ma\u0161\u012bna daudz\u0113j\u0101d\u0101 zi\u0146\u0101 l\u012bdzin\u0101s k\u0101jnieku kaujas ma\u0161\u012bnai &#8220;Stridsfordon 90&#8221;, ta\u010du ir apr\u012bkota ar uzraudz\u012bbas un izl\u016bko\u0161anas radaru un augst\u0101ku lielgabala pac\u0113luma le\u0146\u0137i, kas \u013cauj efekt\u012bvi c\u012bn\u012bties ar zema augstuma gaisa m\u0113r\u0137iem.<\/p>\n<p>K\u0101 nor\u0101da AM, min\u0113t\u0101 Zviedrijas armijas bataljona izvieto\u0161ana Latvij\u0101 stiprin\u0101s NATO kolekt\u012bvo dro\u0161\u012bbu un nodro\u0161in\u0101s papildu aizsardz\u012bbas sp\u0113jas aliansei strat\u0113\u0123iski noz\u012bm\u012bgaj\u0101 austrumu flang\u0101.<\/p>\n<p>Jau zi\u0146ots, ka Latvij\u0101 izvietoto sabiedroto brig\u0101de apvieno karav\u012brus no Kan\u0101das, Alb\u0101nijas, \u010cehijas, D\u0101nijas, Islandes, It\u0101lijas, Zieme\u013cma\u0137edonijas, Melnkalnes, Polijas, Slov\u0101kijas, Slov\u0113nijas, Sp\u0101nijas un Zviedrijas.<\/p>\n<p>Zviedrijas karav\u012bri Latvij\u0101 ierad\u0101s \u0161ogad janv\u0101r\u012b.<\/p>\n<p><script async src=\"https:\/\/platform.twitter.com\/widgets.js\" charset=\"utf-8\"><\/script><\/p>\n","protected":false},"excerpt":{"rendered":"Zviedrijas Bru\u0146otie sp\u0113ki turpina akt\u012bvi gatavoties n\u0101kamajam Latvijas izvietojumam, kura karav\u012bri pa\u0161laik tiek apm\u0101c\u012bti un kop\u012bgi vingrin\u0101s &#8220;Revingehed&#8221;&hellip;\n","protected":false},"author":2,"featured_media":30688,"comment_status":"","ping_status":"","sticky":false,"template":"","format":"standard","meta":{"footnotes":""},"categories":[14],"tags":[626,23,57,3700,28,29,32,33,22,74,30,31,35,39,38,36,37,34,40,71,20,26,27,24,25,54,55,56,21,58,185],"class_list":{"0":"post-30687","1":"post","2":"type-post","3":"status-publish","4":"format-standard","5":"has-post-thumbnail","7":"category-zinas-no-arvalstim","8":"tag-aizsardzibas-ministrija","9":"tag-aktualitates","10":"tag-arvalstim","11":"tag-autoritarisma-ena-par-eiropu","12":"tag-breaking-news","13":"tag-breakingnews","14":"tag-featured-news","15":"tag-featurednews","16":"tag-headlines","17":"tag-krievijas-iebrukums-ukraina","18":"tag-latest-news","19":"tag-latestnews","20":"tag-latvia","21":"tag-latvian","22":"tag-latviesu","23":"tag-latviesu-valoda","24":"tag-latviesuvaloda","25":"tag-latvija","26":"tag-lv","27":"tag-nato","28":"tag-news","29":"tag-popularakas-zinas","30":"tag-popularakaszinas","31":"tag-top-stories","32":"tag-topstories","33":"tag-world","34":"tag-world-news","35":"tag-worldnews","36":"tag-zinas","37":"tag-zinas-no-arvalstim","38":"tag-zviedrija"},"share_on_mastodon":{"url":"","error":"Validation failed: Text character limit of 500 exceeded"},"_links":{"self":[{"href":"https:\/\/www.europesays.com\/lv\/wp-json\/wp\/v2\/posts\/30687","targetHints":{"allow":["GET"]}}],"collection":[{"href":"https:\/\/www.europesays.com\/lv\/wp-json\/wp\/v2\/posts"}],"about":[{"href":"https:\/\/www.europesays.com\/lv\/wp-json\/wp\/v2\/types\/post"}],"author":[{"embeddable":true,"href":"https:\/\/www.europesays.com\/lv\/wp-json\/wp\/v2\/users\/2"}],"replies":[{"embeddable":true,"href":"https:\/\/www.europesays.com\/lv\/wp-json\/wp\/v2\/comments?post=30687"}],"version-history":[{"count":0,"href":"https:\/\/www.europesays.com\/lv\/wp-json\/wp\/v2\/posts\/30687\/revisions"}],"wp:featuredmedia":[{"embeddable":true,"href":"https:\/\/www.europesays.com\/lv\/wp-json\/wp\/v2\/media\/30688"}],"wp:attachment":[{"href":"https:\/\/www.europesays.com\/lv\/wp-json\/wp\/v2\/media?parent=30687"}],"wp:term":[{"taxonomy":"category","embeddable":true,"href":"https:\/\/www.europesays.com\/lv\/wp-json\/wp\/v2\/categories?post=30687"},{"taxonomy":"post_tag","embeddable":true,"href":"https:\/\/www.europesays.com\/lv\/wp-json\/wp\/v2\/tags?post=30687"}],"curies":[{"name":"wp","href":"https:\/\/api.w.org\/{rel}","templated":true}]}}