{"id":30700,"date":"2025-10-25T10:59:14","date_gmt":"2025-10-25T10:59:14","guid":{"rendered":"https:\/\/www.europesays.com\/lv\/30700\/"},"modified":"2025-10-25T10:59:14","modified_gmt":"2025-10-25T10:59:14","slug":"bijusais-nato-generalsekretara-vietnieks-deivids-ketlers-nosauc-miera-recepti-ukrainai","status":"publish","type":"post","link":"https:\/\/www.europesays.com\/lv\/30700\/","title":{"rendered":"Biju\u0161ais NATO \u0123ener\u0101lsekret\u0101ra vietnieks Deivids Ketlers nosauc miera recepti Ukrainai"},"content":{"rendered":"<p>Ceru, ka n\u0113. Nez vai ir daudz cilv\u0113ku, kas v\u0113las \u0161\u0101du izn\u0101kumu. Nupat konferenc\u0113 m\u016bsu kol\u0113\u0123is no Francijas atg\u0101din\u0101ja, ka pat p\u0113c gadsimtiem ilgu\u0161iem kariem un \u0101rk\u0101rt\u012bgi intens\u012bv\u0101s karadarb\u012bbas starp Franciju un V\u0101ciju Otr\u0101 pasaules kara laik\u0101, paskatieties, cik tagad tuvas abas valstis ir gan kult\u016bras, gan pilsonisk\u0101s sabiedr\u012bbas zi\u0146\u0101, politik\u0101, diplom\u0101tij\u0101 un NATO strukt\u016br\u0101s. T\u0101p\u0113c es ceru, ka izl\u012bgums ir iesp\u0113jams, jo tas ir ar\u012b galvenais priek\u0161noteikums taisn\u012bgam un ilgsto\u0161am mieram n\u0101kotn\u0113. Ceru, ka neizklausos p\u0101rm\u0113r\u012bgi optimistisks, kad to saku, jo b\u016bt\u012bb\u0101 jau esmu cini\u0137is, esmu ta\u010du biju\u0161ais izl\u016bkdienesta virsnieks, tom\u0113r es dom\u0101ju, ka izl\u012bgums b\u016btu vislab\u0101kais izn\u0101kums visiem. Cik ilgu laiku tas pras\u012bs, tas ir cits jaut\u0101jums. Tas nenotiek vien\u0101 dien\u0101, j\u0101nomain\u0101s paaudzei, k\u0101 tas notika ar Franciju un V\u0101ciju.<\/p>\n","protected":false},"excerpt":{"rendered":"Ceru, ka n\u0113. Nez vai ir daudz cilv\u0113ku, kas v\u0113las \u0161\u0101du izn\u0101kumu. Nupat konferenc\u0113 m\u016bsu kol\u0113\u0123is no Francijas&hellip;\n","protected":false},"author":2,"featured_media":30701,"comment_status":"","ping_status":"","sticky":false,"template":"","format":"standard","meta":{"footnotes":""},"categories":[5],"tags":[23,28,29,32,33,22,30,31,35,39,38,36,37,34,40,20,26,27,24,25,21],"class_list":{"0":"post-30700","1":"post","2":"type-post","3":"status-publish","4":"format-standard","5":"has-post-thumbnail","7":"category-aktualitates","8":"tag-aktualitates","9":"tag-breaking-news","10":"tag-breakingnews","11":"tag-featured-news","12":"tag-featurednews","13":"tag-headlines","14":"tag-latest-news","15":"tag-latestnews","16":"tag-latvia","17":"tag-latvian","18":"tag-latviesu","19":"tag-latviesu-valoda","20":"tag-latviesuvaloda","21":"tag-latvija","22":"tag-lv","23":"tag-news","24":"tag-popularakas-zinas","25":"tag-popularakaszinas","26":"tag-top-stories","27":"tag-topstories","28":"tag-zinas"},"share_on_mastodon":{"url":"https:\/\/pubeurope.com\/@lv\/115434459176078228","error":""},"_links":{"self":[{"href":"https:\/\/www.europesays.com\/lv\/wp-json\/wp\/v2\/posts\/30700","targetHints":{"allow":["GET"]}}],"collection":[{"href":"https:\/\/www.europesays.com\/lv\/wp-json\/wp\/v2\/posts"}],"about":[{"href":"https:\/\/www.europesays.com\/lv\/wp-json\/wp\/v2\/types\/post"}],"author":[{"embeddable":true,"href":"https:\/\/www.europesays.com\/lv\/wp-json\/wp\/v2\/users\/2"}],"replies":[{"embeddable":true,"href":"https:\/\/www.europesays.com\/lv\/wp-json\/wp\/v2\/comments?post=30700"}],"version-history":[{"count":0,"href":"https:\/\/www.europesays.com\/lv\/wp-json\/wp\/v2\/posts\/30700\/revisions"}],"wp:featuredmedia":[{"embeddable":true,"href":"https:\/\/www.europesays.com\/lv\/wp-json\/wp\/v2\/media\/30701"}],"wp:attachment":[{"href":"https:\/\/www.europesays.com\/lv\/wp-json\/wp\/v2\/media?parent=30700"}],"wp:term":[{"taxonomy":"category","embeddable":true,"href":"https:\/\/www.europesays.com\/lv\/wp-json\/wp\/v2\/categories?post=30700"},{"taxonomy":"post_tag","embeddable":true,"href":"https:\/\/www.europesays.com\/lv\/wp-json\/wp\/v2\/tags?post=30700"}],"curies":[{"name":"wp","href":"https:\/\/api.w.org\/{rel}","templated":true}]}}