{"id":30721,"date":"2025-10-25T11:33:07","date_gmt":"2025-10-25T11:33:07","guid":{"rendered":"https:\/\/www.europesays.com\/lv\/30721\/"},"modified":"2025-10-25T11:33:07","modified_gmt":"2025-10-25T11:33:07","slug":"zviedrija-stiprina-nato-austrumu-flangu-latvija-izvietos-pretgaisa-aizsardzibas-kaujas-masinas-jauns-lv","status":"publish","type":"post","link":"https:\/\/www.europesays.com\/lv\/30721\/","title":{"rendered":"Zviedrija stiprina NATO austrumu flangu &#8211; Latvij\u0101 izvietos pretgaisa aizsardz\u012bbas kaujas ma\u0161\u012bnas &#8211; Jauns.lv"},"content":{"rendered":"<ol>\n<li><a href=\"https:\/\/news.google.com\/rss\/articles\/CBMiywFBVV95cUxQODNjUnRMTWZiVGVUZ2dDcndHUWFVQmZHVnpaR0hGUjZnN3ZXT0xZM2g2clg0UnE0TklHUG5uZ1ZHSlNPamlWcFVQZlQzWkVPdlJ6MklnUXRzUHl5TjRBbUFqMGZzUjI2Y0k0M2xTNkVobjkxbThWN1NpaDk2c1R5VkdrZUZzTWtYcVVGT0ZScHU2OXlIQ2dQUmJVSlRsQUhEd2NXaklXNU9hQmNjV0MwZlJUSFYtdlV1Vjh0cjB5cE1WTDVIbkhwVU9TVQ?oc=5\" target=\"_blank\" rel=\"nofollow noopener\">Zviedrija stiprina NATO austrumu flangu &#8211; Latvij\u0101 izvietos pretgaisa aizsardz\u012bbas kaujas ma\u0161\u012bnas<\/a>&nbsp;&nbsp;Jauns.lv<\/li>\n<li><a href=\"https:\/\/news.google.com\/rss\/articles\/CBMiwAFBVV95cUxPeGpyVGlvTnRLRmRuVEJLTGpseXg4aFlBdnZFcURia25waTE1d1hwa1lCUWxRN0hpYlJIQktTNzVIeklNT21hb0VZX0dIemM4SVBfcjQ0SllHYll5enp2NmU3MFc1ejJmcTJ4UHl5eTFGNXR1dUdoQ0VmN2g5OVFyOHkwZmlRRko0Rl9COTFuODNFcEltWWlWejJXNkg3TlJjZGI0R1lCVkJub0xZZnkwOUNNOFBtTzRJeExqVGlKMm0?oc=5\" target=\"_blank\" rel=\"nofollow noopener\">N\u0101kamgad Latvij\u0101 izvietos pretgaisa aizsardz\u012bbas kaujas ma\u0161\u012bnas \/ Raksts<\/a>&nbsp;&nbsp;LSM<\/li>\n<li><a href=\"https:\/\/news.google.com\/rss\/articles\/CBMiwwFBVV95cUxPSTN2MURiNDJEM2ZlZ3lOZFVSWGtlQkNzbTRxTDJtN2lQdlFWSnNKZ0hXOUdGYjE5OEd0TW5tanl6RjI4dl9pWUlIYTh5dlF1M1FRRmg3aGU3OFN6VlMyMklmd3VFVUhUUFV2R0F4Y2ZQWnE1R19raXI5cEZpdklOYl9iWXVyVDdoLUVfWVBTSmVMb3liWk5uSlNhNzVCS2tBY3c2dk5lZ1RMbEFUcnBqOTE1OUVZUV8xY1BpYVM0ZEV1STg?oc=5\" target=\"_blank\" rel=\"nofollow noopener\">Zviedrija Latvij\u0101 izvietos bataljonu ar pretgaisa aizsardz\u012bbas lielgabala kaujas ma\u0161\u012bnu vien\u012bb\u0101m<\/a>&nbsp;&nbsp;TVNET<\/li>\n<li><a href=\"https:\/\/news.google.com\/rss\/articles\/CBMivgFBVV95cUxPRjJTd2xoZHUwQXRQZzE4cmtpczZfM0VqRWVGUFZUSUVBaEx4dUpjQnN0MDVOVEhENGNrRmZCMWZfaW8xQTFINUNrNGkwSENhTzNaTXhsblJadDcyNFlFVmNiZ3JCLThiN2xycjNCczRLNUlnVGxDNnRDeDBuOGtYT01PN1BfWE5rQ2ROWGd2TnV2T1dWNzlGWGZRNk1NSEFjZDl3NTNjeVdnRmRkSld6R3NfeHJwcVdhZ2JDQ1BR?oc=5\" target=\"_blank\" rel=\"nofollow noopener\">Latvijas debesis sarg\u0101 ar zviedru pretgaisa sist\u0113mu. K\u0101 str\u0101d\u0101 karav\u012bri austrumu pierobe\u017e\u0101<\/a>&nbsp;&nbsp;tv3.lv<\/li>\n<li><a href=\"https:\/\/news.google.com\/rss\/articles\/CBMirAFBVV95cUxOY2dNOTFhQzg5eVduRTdiM3U1U0ltODIxWTg0bk02SDJMNkRYaVR5RmEwXzN3dDNkbUQ3dGpQNlZ4aEdiYl8ycUZLNHJndHFmVzdCRy1qc1NlVm02Nmt2WmFNLW1kd2RCcjJhSi1sLVh4STY0WkNrUW9PaUJCLTJ2SlRsaXZNMTNfZzVJaXQzWjlocEhyZ1Y5MFJZcGNiTVV3UTFRTWpfcGRIZ25i?oc=5\" target=\"_blank\" rel=\"nofollow noopener\">&#8220;Latvijas gaisa satiksme&#8221;: Apdraud\u0113juma gad\u012bjum\u0101 gaisa telpu iesp\u0113jams sl\u0113gt \u0101tri<\/a>&nbsp;&nbsp;Apollo.lv<\/li>\n<\/ol>\n","protected":false},"excerpt":{"rendered":"Zviedrija stiprina NATO austrumu flangu &#8211; Latvij\u0101 izvietos pretgaisa aizsardz\u012bbas kaujas ma\u0161\u012bnas&nbsp;&nbsp;Jauns.lv N\u0101kamgad Latvij\u0101 izvietos pretgaisa aizsardz\u012bbas kaujas&hellip;\n","protected":false},"author":2,"featured_media":30722,"comment_status":"","ping_status":"","sticky":false,"template":"","format":"standard","meta":{"footnotes":""},"categories":[14],"tags":[23,57,28,29,32,33,22,30,31,35,39,38,36,37,34,40,20,26,27,24,25,54,55,56,21,58],"class_list":{"0":"post-30721","1":"post","2":"type-post","3":"status-publish","4":"format-standard","5":"has-post-thumbnail","7":"category-zinas-no-arvalstim","8":"tag-aktualitates","9":"tag-arvalstim","10":"tag-breaking-news","11":"tag-breakingnews","12":"tag-featured-news","13":"tag-featurednews","14":"tag-headlines","15":"tag-latest-news","16":"tag-latestnews","17":"tag-latvia","18":"tag-latvian","19":"tag-latviesu","20":"tag-latviesu-valoda","21":"tag-latviesuvaloda","22":"tag-latvija","23":"tag-lv","24":"tag-news","25":"tag-popularakas-zinas","26":"tag-popularakaszinas","27":"tag-top-stories","28":"tag-topstories","29":"tag-world","30":"tag-world-news","31":"tag-worldnews","32":"tag-zinas","33":"tag-zinas-no-arvalstim"},"share_on_mastodon":{"url":"https:\/\/pubeurope.com\/@lv\/115434592863189345","error":""},"_links":{"self":[{"href":"https:\/\/www.europesays.com\/lv\/wp-json\/wp\/v2\/posts\/30721","targetHints":{"allow":["GET"]}}],"collection":[{"href":"https:\/\/www.europesays.com\/lv\/wp-json\/wp\/v2\/posts"}],"about":[{"href":"https:\/\/www.europesays.com\/lv\/wp-json\/wp\/v2\/types\/post"}],"author":[{"embeddable":true,"href":"https:\/\/www.europesays.com\/lv\/wp-json\/wp\/v2\/users\/2"}],"replies":[{"embeddable":true,"href":"https:\/\/www.europesays.com\/lv\/wp-json\/wp\/v2\/comments?post=30721"}],"version-history":[{"count":0,"href":"https:\/\/www.europesays.com\/lv\/wp-json\/wp\/v2\/posts\/30721\/revisions"}],"wp:featuredmedia":[{"embeddable":true,"href":"https:\/\/www.europesays.com\/lv\/wp-json\/wp\/v2\/media\/30722"}],"wp:attachment":[{"href":"https:\/\/www.europesays.com\/lv\/wp-json\/wp\/v2\/media?parent=30721"}],"wp:term":[{"taxonomy":"category","embeddable":true,"href":"https:\/\/www.europesays.com\/lv\/wp-json\/wp\/v2\/categories?post=30721"},{"taxonomy":"post_tag","embeddable":true,"href":"https:\/\/www.europesays.com\/lv\/wp-json\/wp\/v2\/tags?post=30721"}],"curies":[{"name":"wp","href":"https:\/\/api.w.org\/{rel}","templated":true}]}}