{"id":30790,"date":"2025-10-25T13:27:07","date_gmt":"2025-10-25T13:27:07","guid":{"rendered":"https:\/\/www.europesays.com\/lv\/30790\/"},"modified":"2025-10-25T13:27:07","modified_gmt":"2025-10-25T13:27:07","slug":"orbana-fiasko-trampa-prieksa-ungarijai-bijusi-arkartigi-neveiksmiga-nedela","status":"publish","type":"post","link":"https:\/\/www.europesays.com\/lv\/30790\/","title":{"rendered":"Orb\u0101na fiasko Trampa priek\u0161\u0101. Ung\u0101rijai bijusi \u0101rk\u0101rt\u012bgi neveiksm\u012bga ned\u0113\u013ca"},"content":{"rendered":"<p>    <img decoding=\"async\" src=\"https:\/\/www.europesays.com\/lv\/wp-content\/uploads\/2025\/10\/afp_63up2ub-1024x683.jpg\" alt=\"&#10;Viktors Orb\u0101ns&#10;\"\/><\/p>\n<p>Viktors Orb\u0101ns<\/p>\n<p>Foto. Scanpix\/LETA\/NICOLAS TUCAT \/ AFP\n<\/p>\n<p>ASV prezidents Donalds Tramps pl\u0101noja tik\u0161anos ar Krievijas diktatoru Vladimiru Putinu Budape\u0161t\u0101 Ung\u0101rij\u0101, ta\u010du p\u0113k\u0161\u0146i to atc\u0113la un t\u0101 viet\u0101 ieviesa sankcijas pret Krieviju. Ung\u0101rijas premjerministrs Viktors Orb\u0101ns nu \u0161\u0101 visa rezult\u0101t\u0101 ir non\u0101cis \u013coti sare\u017e\u0123\u012bt\u0101 politisk\u0101 situ\u0101cij\u0101, par to zi\u0146o raidsabiedr\u012bba NN. <\/p>\n<p>        Las\u012bt\u0101kie<br \/>\n        <a data-imagesrc=\"{&quot;300&quot;:&quot;https:\\\/\\\/lastatic.ams3.cdn.digitaloceanspaces.com\\\/2025\\\/03\\\/Bez-nosaukuma-1500-x-1000-pikseli-54-300x200.jpg&quot;,&quot;1024&quot;:&quot;https:\\\/\\\/lastatic.ams3.cdn.digitaloceanspaces.com\\\/2025\\\/03\\\/Bez-nosaukuma-1500-x-1000-pikseli-54-1024x683.jpg&quot;,&quot;768&quot;:&quot;https:\\\/\\\/lastatic.ams3.cdn.digitaloceanspaces.com\\\/2025\\\/03\\\/Bez-nosaukuma-1500-x-1000-pikseli-54-768x512.jpg&quot;,&quot;200&quot;:&quot;https:\\\/\\\/lastatic.ams3.cdn.digitaloceanspaces.com\\\/2025\\\/03\\\/Bez-nosaukuma-1500-x-1000-pikseli-54-200x133.jpg&quot;,&quot;400&quot;:&quot;https:\\\/\\\/lastatic.ams3.cdn.digitaloceanspaces.com\\\/2025\\\/03\\\/Bez-nosaukuma-1500-x-1000-pikseli-54-400x267.jpg&quot;,&quot;500&quot;:&quot;https:\\\/\\\/lastatic.ams3.cdn.digitaloceanspaces.com\\\/2025\\\/03\\\/Bez-nosaukuma-1500-x-1000-pikseli-54-500x333.jpg&quot;,&quot;800&quot;:&quot;https:\\\/\\\/lastatic.ams3.cdn.digitaloceanspaces.com\\\/2025\\\/03\\\/Bez-nosaukuma-1500-x-1000-pikseli-54-800x533.jpg&quot;,&quot;1000&quot;:&quot;https:\\\/\\\/lastatic.ams3.cdn.digitaloceanspaces.com\\\/2025\\\/03\\\/Bez-nosaukuma-1500-x-1000-pikseli-54-1000x667.jpg&quot;,&quot;1500&quot;:&quot;https:\\\/\\\/lastatic.ams3.cdn.digitaloceanspaces.com\\\/2025\\\/03\\\/Bez-nosaukuma-1500-x-1000-pikseli-54.jpg&quot;}\" data-focuspoint=\"&quot;&quot;\" data-p=\"2454124\" href=\"https:\/\/www.la.lv\/tramps-izvirza-ultimatu-ukrainai-nekavejoties-japartrauc-uguns-esosaja-frontes-linija\" class=\"content-item lazy-load\" wp_automatic_readability=\"26\" rel=\"nofollow noopener\" target=\"_blank\"><\/p>\n<p>                                <img decoding=\"async\" src=\"\" alt=\"\" style=\"\" data-imageid=\"\"\/><\/p>\n<p>                                TV24<\/p>\n<p>                                            Tramps izvirza ultim\u0101tu Ukrainai: nekav\u0113joties j\u0101p\u0101rtrauc uguns eso\u0161aj\u0101 frontes l\u012bnij\u0101\n                            <\/p>\n<p><\/a><a data-imagesrc=\"{&quot;300&quot;:&quot;https:\\\/\\\/lastatic.ams3.cdn.digitaloceanspaces.com\\\/2020\\\/01\\\/zodiaki-300x222.jpg&quot;,&quot;768&quot;:&quot;https:\\\/\\\/lastatic.ams3.cdn.digitaloceanspaces.com\\\/2020\\\/01\\\/zodiaki-768x569.jpg&quot;,&quot;1024&quot;:&quot;https:\\\/\\\/lastatic.ams3.cdn.digitaloceanspaces.com\\\/2020\\\/01\\\/zodiaki-1024x759.jpg&quot;,&quot;200&quot;:&quot;https:\\\/\\\/lastatic.ams3.cdn.digitaloceanspaces.com\\\/2020\\\/01\\\/zodiaki-200x148.jpg&quot;,&quot;400&quot;:&quot;https:\\\/\\\/lastatic.ams3.cdn.digitaloceanspaces.com\\\/2020\\\/01\\\/zodiaki-400x297.jpg&quot;,&quot;500&quot;:&quot;https:\\\/\\\/lastatic.ams3.cdn.digitaloceanspaces.com\\\/2020\\\/01\\\/zodiaki-500x371.jpg&quot;,&quot;800&quot;:&quot;https:\\\/\\\/lastatic.ams3.cdn.digitaloceanspaces.com\\\/2020\\\/01\\\/zodiaki-800x593.jpg&quot;,&quot;1000&quot;:&quot;https:\\\/\\\/lastatic.ams3.cdn.digitaloceanspaces.com\\\/2020\\\/01\\\/zodiaki-1000x741.jpg&quot;,&quot;1133&quot;:&quot;https:\\\/\\\/lastatic.ams3.cdn.digitaloceanspaces.com\\\/2020\\\/01\\\/zodiaki.jpg&quot;}\" data-focuspoint=\"&quot;&quot;\" data-p=\"2455577\" href=\"https:\/\/www.la.lv\/es-esmu-tev-lidzas-5-pazimes-ka-tavi-milie-no-aizsaules-joprojam-ir-tuvuma-un-sarga\" class=\"content-item lazy-load\" wp_automatic_readability=\"27\" rel=\"nofollow noopener\" target=\"_blank\"><\/p>\n<p>                                <img decoding=\"async\" src=\"\" alt=\"\" style=\"\" data-imageid=\"\"\/><\/p>\n<p>\n                                                \u201cEs esmu tev l\u012bdz\u0101s\u2026\u201d 5 paz\u012bmes, ka tavi m\u012b\u013cie no aizsaules joproj\u0101m ir tuvum\u0101 un sarg\u0101\n                            <\/p>\n<p><\/a><a data-imagesrc=\"{&quot;300&quot;:&quot;https:\\\/\\\/lastatic.ams3.cdn.digitaloceanspaces.com\\\/2020\\\/04\\\/bauskenieks-300x200.jpg&quot;,&quot;768&quot;:&quot;https:\\\/\\\/lastatic.ams3.cdn.digitaloceanspaces.com\\\/2020\\\/04\\\/bauskenieks-768x512.jpg&quot;,&quot;1024&quot;:&quot;https:\\\/\\\/lastatic.ams3.cdn.digitaloceanspaces.com\\\/2020\\\/04\\\/bauskenieks-1024x683.jpg&quot;,&quot;200&quot;:&quot;https:\\\/\\\/lastatic.ams3.cdn.digitaloceanspaces.com\\\/2020\\\/04\\\/bauskenieks-200x133.jpg&quot;,&quot;400&quot;:&quot;https:\\\/\\\/lastatic.ams3.cdn.digitaloceanspaces.com\\\/2020\\\/04\\\/bauskenieks-400x267.jpg&quot;,&quot;500&quot;:&quot;https:\\\/\\\/lastatic.ams3.cdn.digitaloceanspaces.com\\\/2020\\\/04\\\/bauskenieks-500x333.jpg&quot;,&quot;800&quot;:&quot;https:\\\/\\\/lastatic.ams3.cdn.digitaloceanspaces.com\\\/2020\\\/04\\\/bauskenieks-800x533.jpg&quot;,&quot;1000&quot;:&quot;https:\\\/\\\/lastatic.ams3.cdn.digitaloceanspaces.com\\\/2020\\\/04\\\/bauskenieks-1000x667.jpg&quot;,&quot;1263&quot;:&quot;https:\\\/\\\/lastatic.ams3.cdn.digitaloceanspaces.com\\\/2020\\\/04\\\/bauskenieks.jpg&quot;}\" data-focuspoint=\"&quot;&quot;\" data-p=\"2455444\" href=\"https:\/\/www.la.lv\/latviesu-iemilotais-dziesminieks-nonacis-neapskauzama-situacija-dzivo-rigas-centra-bet-labu-sampunu-nevar-atlauties\" class=\"content-item lazy-load\" wp_automatic_readability=\"27\" rel=\"nofollow noopener\" target=\"_blank\"><\/p>\n<p>                                <img decoding=\"async\" src=\"\" alt=\"\" style=\"\" data-imageid=\"\"\/><\/p>\n<p>                                Kokteilis<\/p>\n<p>\n                                                Dz\u012bvo R\u012bgas centr\u0101, bet \u0161amp\u016bnam naudas nav: latvie\u0161u iem\u012b\u013cotais dziesminieks non\u0101cis neapskau\u017eam\u0101 situ\u0101cij\u0101<\/p>\n<p><\/a><br \/>\n        <a class=\"read-more\" href=\"https:\/\/www.la.lv\/top\" rel=\"nofollow noopener\" target=\"_blank\">Las\u012bt citas zi\u0146as<\/a><\/p>\n<p>Gaid\u012bt\u0101 diplom\u0101tisk\u0101 pan\u0101kuma viet\u0101 ar\u012b Ung\u0101rijai nu pastarpin\u0101ti j\u0101saskaras ar jaunaj\u0101m ASV sankcij\u0101m pret Krievijas naftas komp\u0101nij\u0101m, kas k\u013cuvu\u0161as par pirmo nopietno Va\u0161ingtonas soli pret Maskavu p\u0113c Trampa atgrie\u0161an\u0101s Baltaj\u0101 nam\u0101. <\/p>\n<p>Orb\u0101ns v\u0113l pirms ned\u0113\u013cas lepni zi\u0146oja, ka Budape\u0161ta k\u013c\u016bs par \u201cce\u013cu uz mieru\u201d un platformu Putina un Trampa tik\u0161an\u0101s reizei. Tom\u0113r tagad vi\u0146a valsts atrodas dubulta spiediena apst\u0101k\u013cos \u2013 ekonomisk\u0101 un politisk\u0101. <\/p>\n<p>    CITI \u0160OBR\u012aD LASA<\/p>\n<p>ASV ieviesa sankcijas pret Krievijas ener\u0123\u0113tikas mil\u017eiem, lai samazin\u0101tu Krem\u013ca ien\u0101kumus no naftas eksporta. Ta\u010du triecienu izj\u016bt ar\u012b pati Ung\u0101rija, kuras ekonomika ir \u013coti atkar\u012bga no Krievijas energoresursiem. \u0160obr\u012bd aptuveni 92% Ung\u0101rijas naftas importa n\u0101k no Krievijas, lai gan pirms kara \u0161is r\u0101d\u012bt\u0101js bija 61%. <\/p>\n<p>Kop\u0161 2025. gada s\u0101kuma Ung\u0101rijas iepirkumi Krievijai ienesu\u0161i vair\u0101k nek\u0101 5 miljardus eiro \u2013 summu, kas l\u012bdzv\u0113rt\u012bga aptuveni 1800 ra\u0137e\u0161u Iskander-M izmaks\u0101m. T\u0101d\u0113j\u0101di Ung\u0101rija net\u012b\u0161i pal\u012bdz Kremlim finans\u0113t karu pret Ukrainu, kas izraisa neapmierin\u0101t\u012bbu gan Brisel\u0113, gan Va\u0161ington\u0101. <\/p>\n<p>Eiropas Savien\u012bba savuk\u0101rt apstiprin\u0101jusi pl\u0101nus aizliegt Krievijas sa\u0161\u0137idrin\u0101t\u0101s g\u0101zes importu l\u012bdz 2027. gadam, kas v\u0113l vair\u0101k sare\u017e\u0123\u012bs Budape\u0161tas ener\u0123\u0113tisko situ\u0101ciju. Pats Orb\u0101ns agr\u0101k atzinis, ka bez Krievijas resursiem Ung\u0101rijas ekonomika var\u0113tu tikt \u201cnospiesta uz ce\u013ciem\u201d. <\/p>\n<p>Neskatoties uz to, Orb\u0101ns jau pazi\u0146ojis, ka vi\u0146a vald\u012bba mekl\u0113s veidus, k\u0101 \u201capiet sankcijas\u201d, nepreciz\u0113jot, k\u0101 tie\u0161i pl\u0101no to dar\u012bt. Tikm\u0113r  \u0161\u0101da Orb\u0101na nost\u0101ja var k\u013c\u016bt par p\u0101rbaud\u012bjumu Trampam, kuram tagad j\u0101pier\u0101da, cik nopietni vi\u0146\u0161 ir noska\u0146ots ierobe\u017eot Putina sabiedrotos Eirop\u0101. <\/p>\n<p>Tikm\u0113r pa\u0161\u0101 Ung\u0101rij\u0101 pieaug spriedze \u2013 Orb\u0101ns saskaras ar arvien sp\u0113c\u012bg\u0101ku opoz\u012bcijas kust\u012bbu, kuru vada vi\u0146a biju\u0161ais sabiedrotais P\u0113ters Madj\u0101rs. Opoz\u012bcija aps\u016bdz premjerministru valsts izol\u0113\u0161an\u0101 un atkar\u012bbas palielin\u0101\u0161an\u0101 no Krievijas, jo ekonomika strauji zaud\u0113 stabilit\u0101ti sankciju un ener\u0123\u0113tisk\u0101s nestabilit\u0101tes d\u0113\u013c. <\/p>\n<p>T\u0113mas<\/p>\n<p>    SAIST\u012aTIE RAKSTI<\/p>\n","protected":false},"excerpt":{"rendered":"Viktors Orb\u0101ns Foto. Scanpix\/LETA\/NICOLAS TUCAT \/ AFP ASV prezidents Donalds Tramps pl\u0101noja tik\u0161anos ar Krievijas diktatoru Vladimiru Putinu&hellip;\n","protected":false},"author":2,"featured_media":30791,"comment_status":"","ping_status":"","sticky":false,"template":"","format":"standard","meta":{"footnotes":""},"categories":[14],"tags":[23,57,28,29,32,33,22,30,31,35,39,38,36,37,34,40,20,26,27,24,25,54,55,56,21,58],"class_list":{"0":"post-30790","1":"post","2":"type-post","3":"status-publish","4":"format-standard","5":"has-post-thumbnail","7":"category-zinas-no-arvalstim","8":"tag-aktualitates","9":"tag-arvalstim","10":"tag-breaking-news","11":"tag-breakingnews","12":"tag-featured-news","13":"tag-featurednews","14":"tag-headlines","15":"tag-latest-news","16":"tag-latestnews","17":"tag-latvia","18":"tag-latvian","19":"tag-latviesu","20":"tag-latviesu-valoda","21":"tag-latviesuvaloda","22":"tag-latvija","23":"tag-lv","24":"tag-news","25":"tag-popularakas-zinas","26":"tag-popularakaszinas","27":"tag-top-stories","28":"tag-topstories","29":"tag-world","30":"tag-world-news","31":"tag-worldnews","32":"tag-zinas","33":"tag-zinas-no-arvalstim"},"share_on_mastodon":{"url":"https:\/\/pubeurope.com\/@lv\/115435041305153272","error":""},"_links":{"self":[{"href":"https:\/\/www.europesays.com\/lv\/wp-json\/wp\/v2\/posts\/30790","targetHints":{"allow":["GET"]}}],"collection":[{"href":"https:\/\/www.europesays.com\/lv\/wp-json\/wp\/v2\/posts"}],"about":[{"href":"https:\/\/www.europesays.com\/lv\/wp-json\/wp\/v2\/types\/post"}],"author":[{"embeddable":true,"href":"https:\/\/www.europesays.com\/lv\/wp-json\/wp\/v2\/users\/2"}],"replies":[{"embeddable":true,"href":"https:\/\/www.europesays.com\/lv\/wp-json\/wp\/v2\/comments?post=30790"}],"version-history":[{"count":0,"href":"https:\/\/www.europesays.com\/lv\/wp-json\/wp\/v2\/posts\/30790\/revisions"}],"wp:featuredmedia":[{"embeddable":true,"href":"https:\/\/www.europesays.com\/lv\/wp-json\/wp\/v2\/media\/30791"}],"wp:attachment":[{"href":"https:\/\/www.europesays.com\/lv\/wp-json\/wp\/v2\/media?parent=30790"}],"wp:term":[{"taxonomy":"category","embeddable":true,"href":"https:\/\/www.europesays.com\/lv\/wp-json\/wp\/v2\/categories?post=30790"},{"taxonomy":"post_tag","embeddable":true,"href":"https:\/\/www.europesays.com\/lv\/wp-json\/wp\/v2\/tags?post=30790"}],"curies":[{"name":"wp","href":"https:\/\/api.w.org\/{rel}","templated":true}]}}