{"id":30794,"date":"2025-10-25T13:31:13","date_gmt":"2025-10-25T13:31:13","guid":{"rendered":"https:\/\/www.europesays.com\/lv\/30794\/"},"modified":"2025-10-25T13:31:13","modified_gmt":"2025-10-25T13:31:13","slug":"riga-fc-pirmoreiz-kops-2020-gada-klust-par-latvijas-cempioni-futbola","status":"publish","type":"post","link":"https:\/\/www.europesays.com\/lv\/30794\/","title":{"rendered":"&#8220;Riga FC&#8221; pirmoreiz kop\u0161 2020. gada k\u013c\u016bst par Latvijas \u010dempioni futbol\u0101"},"content":{"rendered":"<p>Sp\u0113le beidz\u0101s bez g\u016btiem v\u0101rtiem.<\/p>\n<p>R\u012bdzinieki vair\u0101k uzbruka, pirmaj\u0101 puslaik\u0101 izpildot 12 sitienus pa viesu v\u0101rtiem, bet tukumniekiem atbildot ar diviem sitieniem, ta\u010du v\u0101rtus g\u016bt m\u0101jiniekiem neizdev\u0101s ar\u012b otraj\u0101 puslaik\u0101.<\/p>\n<p>T\u0101 k\u0101 &#8220;Riga&#8221; ir lab\u0101ki r\u0101d\u012bt\u0101ji \u0161\u012bs sezonas ma\u010dos ar tuv\u0101ko sekot\u0101ju RFS (1:0, 3:1 un 0:0), &#8220;Riga&#8221; jau ir nodro\u0161in\u0101jusi \u010dempionu titulu, jo RFS var pan\u0101kt &#8220;Riga&#8221; komandu, bet ne apsteigt.<\/p>\n<p>&#8220;Riga&#8221; Latvijas \u010dempion\u0101t\u0101 uzvaru izc\u012bn\u012bja no 2018. l\u012bdz 2020. gadam. 2021. gad\u0101 r\u012bdzinieki fini\u0161\u0113ja ceturtie, bet iepriek\u0161\u0113jos tr\u012bs gados ie\u0146\u0113ma otro vietu aiz &#8220;Valmieras&#8221; 2022. gad\u0101 un RFS n\u0101kamaj\u0101s div\u0101s sezon\u0101s.<\/p>\n<p>&#8220;Riga&#8221; \u0161osezon ar tukumniekiem pirms piektdienas sp\u0113les bija tikusies \u010detras reizes, tr\u012bsreiz uzvarot virsl\u012bg\u0101 un vienu reizi &#8211; Latvijas kausa sp\u0113l\u0113. Nevien\u0101 no \u0161\u012bm sp\u0113l\u0113m &#8220;Tukums 2000&#8221; komandai neizdev\u0101s g\u016bt v\u0101rtus, bet r\u012bdziniekiem iesitot 11 v\u0101rtus.<\/p>\n<p>Sestdien &#8220;Daugavpils&#8221; m\u0101j\u0101s sp\u0113l\u0113s ar &#8220;Super Nova&#8221; komandu, un &#8220;Liep\u0101ja&#8221; uz\u0146ems &#8220;Jelgavu&#8221;, bet sv\u0113tdien J\u016brmal\u0101 c\u012bn\u012bsies &#8220;Metta&#8221; un &#8220;Auda&#8221;, savuk\u0101rt R\u012bg\u0101 b\u016bs RFS un &#8220;Grobi\u0146as&#8221; ma\u010ds.<\/p>\n<p>P\u0113c 34 sp\u0113l\u0113m &#8220;Riga&#8221; komandai ir 87 punkti, 33 c\u012b\u0146\u0101s RFS &#8211; 78 punkti, &#8220;Liep\u0101jai&#8221; &#8211; 57, &#8220;Daugavpilij&#8221; &#8211; 47 punkti, &#8220;Auda&#8221; vien\u012bbai &#8211; 44, &#8220;Jelgavai&#8221; &#8211; 35 punkti, 34 ma\u010dos &#8220;Tukums 2000&#8221; komandai ir 31 punkts, bet 33 sp\u0113l\u0113s &#8220;Grobi\u0146ai&#8221; ir 30 punkti, &#8220;Super Nova&#8221; komandai &#8211; 28 un &#8220;Metta&#8221; komandai &#8211; 24 punkti.<\/p>\n<p>Virsl\u012bgas \u010dempion\u0101ts ar desmit komandu l\u012bdzdal\u012bbu notiek \u010detros ap\u013cos, katrai komandai l\u012bdz novembrim aizvadot 36 sp\u0113les.<\/p>\n<p>Pag\u0101ju\u0161aj\u0101 sezon\u0101 tre\u0161o reizi par \u010dempioni k\u013cuva RFS.<\/p>\n","protected":false},"excerpt":{"rendered":"Sp\u0113le beidz\u0101s bez g\u016btiem v\u0101rtiem. R\u012bdzinieki vair\u0101k uzbruka, pirmaj\u0101 puslaik\u0101 izpildot 12 sitienus pa viesu v\u0101rtiem, bet tukumniekiem&hellip;\n","protected":false},"author":2,"featured_media":30795,"comment_status":"","ping_status":"","sticky":false,"template":"","format":"standard","meta":{"footnotes":""},"categories":[17],"tags":[676,35,39,38,36,37,34,40,3553,67],"class_list":{"0":"post-30794","1":"post","2":"type-post","3":"status-publish","4":"format-standard","5":"has-post-thumbnail","7":"category-sports","8":"tag-futbols","9":"tag-latvia","10":"tag-latvian","11":"tag-latviesu","12":"tag-latviesu-valoda","13":"tag-latviesuvaloda","14":"tag-latvija","15":"tag-lv","16":"tag-riga-fc","17":"tag-sports"},"share_on_mastodon":{"url":"https:\/\/pubeurope.com\/@lv\/115435056881762622","error":""},"_links":{"self":[{"href":"https:\/\/www.europesays.com\/lv\/wp-json\/wp\/v2\/posts\/30794","targetHints":{"allow":["GET"]}}],"collection":[{"href":"https:\/\/www.europesays.com\/lv\/wp-json\/wp\/v2\/posts"}],"about":[{"href":"https:\/\/www.europesays.com\/lv\/wp-json\/wp\/v2\/types\/post"}],"author":[{"embeddable":true,"href":"https:\/\/www.europesays.com\/lv\/wp-json\/wp\/v2\/users\/2"}],"replies":[{"embeddable":true,"href":"https:\/\/www.europesays.com\/lv\/wp-json\/wp\/v2\/comments?post=30794"}],"version-history":[{"count":0,"href":"https:\/\/www.europesays.com\/lv\/wp-json\/wp\/v2\/posts\/30794\/revisions"}],"wp:featuredmedia":[{"embeddable":true,"href":"https:\/\/www.europesays.com\/lv\/wp-json\/wp\/v2\/media\/30795"}],"wp:attachment":[{"href":"https:\/\/www.europesays.com\/lv\/wp-json\/wp\/v2\/media?parent=30794"}],"wp:term":[{"taxonomy":"category","embeddable":true,"href":"https:\/\/www.europesays.com\/lv\/wp-json\/wp\/v2\/categories?post=30794"},{"taxonomy":"post_tag","embeddable":true,"href":"https:\/\/www.europesays.com\/lv\/wp-json\/wp\/v2\/tags?post=30794"}],"curies":[{"name":"wp","href":"https:\/\/api.w.org\/{rel}","templated":true}]}}