{"id":30811,"date":"2025-10-25T14:16:07","date_gmt":"2025-10-25T14:16:07","guid":{"rendered":"https:\/\/www.europesays.com\/lv\/30811\/"},"modified":"2025-10-25T14:16:07","modified_gmt":"2025-10-25T14:16:07","slug":"svetdien-lietavas-mitesies-un-vietam-debesis-bus-skaidras","status":"publish","type":"post","link":"https:\/\/www.europesays.com\/lv\/30811\/","title":{"rendered":"Sv\u0113tdien lietavas mit\u0113sies un viet\u0101m debesis b\u016bs skaidras"},"content":{"rendered":"<blockquote class=\"twitter-tweet\" data-width=\"550\" data-dnt=\"true\">\n<p lang=\"zxx\" dir=\"ltr\"><a href=\"https:\/\/t.co\/mzUU97IwuT\" rel=\"nofollow\">pic.twitter.com\/mzUU97IwuT<\/a><\/p>\n<p>\u2014 Meteo.lv (@LVGMC_Meteo) <a href=\"https:\/\/twitter.com\/LVGMC_Meteo\/status\/1982041634545037393?ref_src=twsrc%5Etfw\" rel=\"nofollow noopener\" target=\"_blank\">October 25, 2025<\/a><\/p>\n<\/blockquote>\n<p>Gaisa temperat\u016bra pazemin\u0101sies l\u012bdz +5\u2026+9 gr\u0101diem, bet dienvidrietumu rajonos, kur m\u0101ko\u0146u b\u016bs maz\u0101k, gaiss atdzis\u012bs l\u012bdz +3\u2026+4 gr\u0101diem.<\/p>\n<p>R\u012bg\u0101 nakts b\u016bs liel\u0101koties m\u0101ko\u0146aina, palaikam gaid\u0101ms lietus un smidzin\u0101\u0161ana, kas mit\u0113sies r\u012bta stund\u0101s. P\u016bt\u012bs l\u0113ns l\u012bdz m\u0113rens dienvidrietumu, rietumu v\u0113j\u0161. Minim\u0101l\u0101 gaisa temperat\u016bra b\u016bs +6\u2026+7 gr\u0101di.<\/p>\n<p>Ned\u0113\u013cas p\u0113d\u0113j\u0101 diena Latvij\u0101 kopum\u0101 b\u016bs m\u0101ko\u0146aina, no r\u012bta un priek\u0161pusdien\u0101 viet\u0101m skaidrosies. Gaiss iesils l\u012bdz +7\u2026+11 gr\u0101diem, prognoz\u0113 LV\u0122MC.<\/p>\n<p class=\"tv3-fw-500\">Zi\u0146o par k\u013c\u016bdu rakst\u0101<\/p>\n<p class=\"d-md-block d-none\">Iez\u012bm\u0113 k\u013c\u016bdaino tekstu un spied Ctrl+Enter.<\/p>\n<p class=\"d-md-none d-block\">Iez\u012bm\u0113 k\u013c\u016bdaino tekstu un zi\u0146o par to!<\/p>\n<p>                <script async src=\"https:\/\/platform.twitter.com\/widgets.js\" charset=\"utf-8\"><\/script><\/p>\n","protected":false},"excerpt":{"rendered":"pic.twitter.com\/mzUU97IwuT \u2014 Meteo.lv (@LVGMC_Meteo) October 25, 2025 Gaisa temperat\u016bra pazemin\u0101sies l\u012bdz +5\u2026+9 gr\u0101diem, bet dienvidrietumu rajonos, kur m\u0101ko\u0146u&hellip;\n","protected":false},"author":2,"featured_media":30812,"comment_status":"","ping_status":"","sticky":false,"template":"","format":"standard","meta":{"footnotes":""},"categories":[12],"tags":[23,28,29,32,33,22,9305,30,31,35,39,38,36,37,34,40,20,26,27,24,25,21],"class_list":{"0":"post-30811","1":"post","2":"type-post","3":"status-publish","4":"format-standard","5":"has-post-thumbnail","7":"category-latvija","8":"tag-aktualitates","9":"tag-breaking-news","10":"tag-breakingnews","11":"tag-featured-news","12":"tag-featurednews","13":"tag-headlines","14":"tag-laika-prognozelaika-zinaslaikapstaklilatvijas-vides-geologijas-un-meteorologijas-centrslvgmc","15":"tag-latest-news","16":"tag-latestnews","17":"tag-latvia","18":"tag-latvian","19":"tag-latviesu","20":"tag-latviesu-valoda","21":"tag-latviesuvaloda","22":"tag-latvija","23":"tag-lv","24":"tag-news","25":"tag-popularakas-zinas","26":"tag-popularakaszinas","27":"tag-top-stories","28":"tag-topstories","29":"tag-zinas"},"share_on_mastodon":{"url":"https:\/\/pubeurope.com\/@lv\/115435233799257191","error":""},"_links":{"self":[{"href":"https:\/\/www.europesays.com\/lv\/wp-json\/wp\/v2\/posts\/30811","targetHints":{"allow":["GET"]}}],"collection":[{"href":"https:\/\/www.europesays.com\/lv\/wp-json\/wp\/v2\/posts"}],"about":[{"href":"https:\/\/www.europesays.com\/lv\/wp-json\/wp\/v2\/types\/post"}],"author":[{"embeddable":true,"href":"https:\/\/www.europesays.com\/lv\/wp-json\/wp\/v2\/users\/2"}],"replies":[{"embeddable":true,"href":"https:\/\/www.europesays.com\/lv\/wp-json\/wp\/v2\/comments?post=30811"}],"version-history":[{"count":0,"href":"https:\/\/www.europesays.com\/lv\/wp-json\/wp\/v2\/posts\/30811\/revisions"}],"wp:featuredmedia":[{"embeddable":true,"href":"https:\/\/www.europesays.com\/lv\/wp-json\/wp\/v2\/media\/30812"}],"wp:attachment":[{"href":"https:\/\/www.europesays.com\/lv\/wp-json\/wp\/v2\/media?parent=30811"}],"wp:term":[{"taxonomy":"category","embeddable":true,"href":"https:\/\/www.europesays.com\/lv\/wp-json\/wp\/v2\/categories?post=30811"},{"taxonomy":"post_tag","embeddable":true,"href":"https:\/\/www.europesays.com\/lv\/wp-json\/wp\/v2\/tags?post=30811"}],"curies":[{"name":"wp","href":"https:\/\/api.w.org\/{rel}","templated":true}]}}