{"id":30820,"date":"2025-10-25T14:51:07","date_gmt":"2025-10-25T14:51:07","guid":{"rendered":"https:\/\/www.europesays.com\/lv\/30820\/"},"modified":"2025-10-25T14:51:07","modified_gmt":"2025-10-25T14:51:07","slug":"neatkariga-kandidate-ketrina-konolija-klus-par-nakamo-irijas-prezidenti","status":"publish","type":"post","link":"https:\/\/www.europesays.com\/lv\/30820\/","title":{"rendered":"Neatkar\u012bg\u0101 kandid\u0101te Ketr\u012bna Konolija k\u013c\u016bs par n\u0101kamo \u012arijas prezidenti"},"content":{"rendered":"<p>Neatkar\u012bg\u0101 kandid\u0101te Ketr\u012bna Konolija k\u013c\u016bs par n\u0101kamo \u012arijas prezidenti, jo vi\u0146as vien\u012bg\u0101 konkurente v\u0113l\u0113\u0161an\u0101s Hetera Hamfr\u012bsa sestdien atzina savu sak\u0101vi, zi\u0146o \u012arijas nacion\u0101l\u0101 raidorganiz\u0101cija RTE.<\/p>\n<p>Centriski lab\u0113j\u0101s partijas &#8220;Fine Gael&#8221; kandid\u0101te Hamfr\u012bsa apsveica Konoliju ar k\u013c\u016b\u0161anu par n\u0101kamo \u012arijas prezidenti, kad sestdien s\u0101kotn\u0113jie balsu skait\u012b\u0161anas rezult\u0101ti p\u0113c piektdien notiku\u0161aj\u0101m v\u0113l\u0113\u0161an\u0101m par\u0101d\u012bja, ka Konolija ir ce\u013c\u0101 uz p\u0101rliecino\u0161u uzvaru.<\/p>\n<p>Tom\u0113r v\u0113l\u0113\u0161anas ir aiz\u0113nojusi kritiku, ka taj\u0101s tr\u016bka re\u0101las izv\u0113les, un l\u012bdz \u0161im veikt\u0101 skait\u012b\u0161ana liecina par rekordlielu saboj\u0101to bi\u013cetenu skaitu un zemu v\u0113l\u0113t\u0101ju aktivit\u0101ti.<\/p>\n<p>Konolija nomain\u012bs prezidenta amat\u0101 Maiklu Higinsu, kur\u0161 vairs nevar\u0113ja kandid\u0113t uz p\u0101rv\u0113l\u0113\u0161anu, jo jau bijis prezidents likum\u0101 at\u013cautos divus termi\u0146us.<\/p>\n<p>68 gadus vec\u0101 Konolija sevi raksturo k\u0101 miera un vienot\u012bbas balsi. Iepriek\u0161 vi\u0146a str\u0101d\u0101jusi par psiholo\u0123i un advok\u0101ti, un vi\u0146u atbalsta \u012bru republik\u0101\u0146u partija &#8220;Sinn Fein&#8221;, soci\u0101ldemokr\u0101ti, leiboristi un citas kreisi orient\u0113tas partijas. Vi\u0146a iest\u0101jas par \u012arijas milit\u0101ro neitralit\u0101ti un kritiz\u0113 ASV milit\u0101ro kl\u0101tb\u016btni \u0160anonas lidost\u0101.<\/p>\n<p>V\u0113l\u0113\u0161an\u0101s bija ties\u012bbas piedal\u012bties vair\u0101k nek\u0101 3,6 miljoniem cilv\u0113ku. Vi\u0146i v\u0113l\u0113\u0161anu bi\u013ceten\u0101 redz\u0113ja ar\u012b tre\u0161o v\u0101rdu &#8211; lab\u0113ji centrisk\u0101s partijas &#8220;Fianna F\u00e1il&#8221; kandid\u0101tu D\u017eimu Gevinu. Form\u0101li vi\u0146\u0161 bija kandid\u0101ts, lai gan pirms p\u0101ris ned\u0113\u013c\u0101m pazi\u0146oja, ka izst\u0101jas no v\u0113l\u0113\u0161an\u0101m p\u0113c tam, kad atkl\u0101j\u0101s, ka vi\u0146\u0161 k\u0101dam biju\u0161ajam \u012brniekam bija par\u0101d\u0101 t\u016bksto\u0161iem eiro.<\/p>\n<p>\u0160\u012bs bija pirm\u0101s prezidenta v\u0113l\u0113\u0161anas kop\u0161 1973. gada, kad \u012briem bija j\u0101izlemj starp diviem kandid\u0101tiem, ja neskaita Gevinu.<\/p>\n<p>Prezidenta amats \u012arij\u0101 tiek uzskat\u012bts par liel\u0101 m\u0113r\u0101 ceremoni\u0101lu, ta\u010du vi\u0146am ir ar\u012b svar\u012bgi pien\u0101kumi, tai skait\u0101 prezidentam j\u0101sniedz savs viedoklis par ierosin\u0101to likumprojektu atbilst\u012bbu konstit\u016bcijai pirms to parakst\u012b\u0161anas.<\/p>\n<p>Prezidenta amata pilnvaru termi\u0146\u0161 ir septi\u0146i gadi, un viens cilv\u0113ks var ie\u0146emt \u0161o amatu ne ilg\u0101k k\u0101 divus termi\u0146us.<\/p>\n","protected":false},"excerpt":{"rendered":"Neatkar\u012bg\u0101 kandid\u0101te Ketr\u012bna Konolija k\u013c\u016bs par n\u0101kamo \u012arijas prezidenti, jo vi\u0146as vien\u012bg\u0101 konkurente v\u0113l\u0113\u0161an\u0101s Hetera Hamfr\u012bsa sestdien atzina&hellip;\n","protected":false},"author":2,"featured_media":30821,"comment_status":"","ping_status":"","sticky":false,"template":"","format":"standard","meta":{"footnotes":""},"categories":[14],"tags":[23,57,63,28,29,32,33,22,4458,30,31,35,39,38,36,37,34,40,20,26,27,24,25,54,55,56,21,58],"class_list":{"0":"post-30820","1":"post","2":"type-post","3":"status-publish","4":"format-standard","5":"has-post-thumbnail","7":"category-zinas-no-arvalstim","8":"tag-aktualitates","9":"tag-arvalstim","10":"tag-arvalstis","11":"tag-breaking-news","12":"tag-breakingnews","13":"tag-featured-news","14":"tag-featurednews","15":"tag-headlines","16":"tag-irija","17":"tag-latest-news","18":"tag-latestnews","19":"tag-latvia","20":"tag-latvian","21":"tag-latviesu","22":"tag-latviesu-valoda","23":"tag-latviesuvaloda","24":"tag-latvija","25":"tag-lv","26":"tag-news","27":"tag-popularakas-zinas","28":"tag-popularakaszinas","29":"tag-top-stories","30":"tag-topstories","31":"tag-world","32":"tag-world-news","33":"tag-worldnews","34":"tag-zinas","35":"tag-zinas-no-arvalstim"},"share_on_mastodon":{"url":"https:\/\/pubeurope.com\/@lv\/115435371412394950","error":""},"_links":{"self":[{"href":"https:\/\/www.europesays.com\/lv\/wp-json\/wp\/v2\/posts\/30820","targetHints":{"allow":["GET"]}}],"collection":[{"href":"https:\/\/www.europesays.com\/lv\/wp-json\/wp\/v2\/posts"}],"about":[{"href":"https:\/\/www.europesays.com\/lv\/wp-json\/wp\/v2\/types\/post"}],"author":[{"embeddable":true,"href":"https:\/\/www.europesays.com\/lv\/wp-json\/wp\/v2\/users\/2"}],"replies":[{"embeddable":true,"href":"https:\/\/www.europesays.com\/lv\/wp-json\/wp\/v2\/comments?post=30820"}],"version-history":[{"count":0,"href":"https:\/\/www.europesays.com\/lv\/wp-json\/wp\/v2\/posts\/30820\/revisions"}],"wp:featuredmedia":[{"embeddable":true,"href":"https:\/\/www.europesays.com\/lv\/wp-json\/wp\/v2\/media\/30821"}],"wp:attachment":[{"href":"https:\/\/www.europesays.com\/lv\/wp-json\/wp\/v2\/media?parent=30820"}],"wp:term":[{"taxonomy":"category","embeddable":true,"href":"https:\/\/www.europesays.com\/lv\/wp-json\/wp\/v2\/categories?post=30820"},{"taxonomy":"post_tag","embeddable":true,"href":"https:\/\/www.europesays.com\/lv\/wp-json\/wp\/v2\/tags?post=30820"}],"curies":[{"name":"wp","href":"https:\/\/api.w.org\/{rel}","templated":true}]}}