{"id":30822,"date":"2025-10-25T14:57:08","date_gmt":"2025-10-25T14:57:08","guid":{"rendered":"https:\/\/www.europesays.com\/lv\/30822\/"},"modified":"2025-10-25T14:57:08","modified_gmt":"2025-10-25T14:57:08","slug":"asv-gatavo-jaunas-sankcijas-pret-krieviju","status":"publish","type":"post","link":"https:\/\/www.europesays.com\/lv\/30822\/","title":{"rendered":"ASV gatavo jaunas sankcijas pret Krieviju"},"content":{"rendered":"<p>ASV prezidenta Donalda Trampa administr\u0101cija ir sagatavojusi papildu sankcijas, kas var\u0113tu tikt piem\u0113rotas pret svar\u012bg\u0101kaj\u0101m Krievijas ekonomikas nozar\u0113m, ja diktators Vladimirs Putins turpin\u0101s kav\u0113t kara izbeig\u0161anu, zi\u0146o a\u0123ent\u016bra &#8220;Reuters&#8221;, atsaucoties uz saviem avotiem.<\/p>\n<p>Saska\u0146\u0101 ar &#8220;Reuters&#8221; inform\u0101ciju ASV amatpersonas ar\u012b inform\u0113ju\u0161as savus Eiropas kol\u0113\u0123us, ka t\u0101s atbalsta Eiropas Savien\u012bbas (ES) valstu iesald\u0113to Krievijas akt\u012bvu izmanto\u0161anu ASV iero\u010du ieg\u0101dei Kijivai. Turkl\u0101t Va\u0161ingtona ir s\u0101kusi apspriest iesp\u0113ju izmantot ASV uzglab\u0101tos Krievijas akt\u012bvus milit\u0101ram atbalstam Ukrainai, pav\u0113st\u012bja divi ASV avoti.<\/p>\n<p>Pagaid\u0101m nav skaidrs, vai Va\u0161ingtona tuv\u0101kaj\u0101 laik\u0101 spers k\u0101du no \u0161iem so\u013ciem, ta\u010du tas liecina, ka administr\u0101cijai ir labi izstr\u0101d\u0101ts instrumentu kopums, lai v\u0113l vair\u0101k paaugstin\u0101tu likmes p\u0113c sankciju noteik\u0161anas diviem liel\u0101kajiem Krievijas naftas uz\u0146\u0113mumiem &#8211; &#8220;Ros\u0146eftj&#8221; un &#8220;Lukoil&#8221;, koment\u0113 &#8220;Reuters&#8221;.<\/p>\n<p>&#8220;Eiropas sabiedrotie, kurus nom\u0101c Trampa sv\u0101rst\u012bbas starp samierin\u0101\u0161anos un dusm\u0101m pret Putinu, cer, ka vi\u0146\u0161 turpin\u0101s palielin\u0101t spiedienu uz Maskavu, un ar\u012b pa\u0161i apsver nopietnas darb\u012bbas,&#8221; raksta &#8220;Reuters&#8221;.<\/p>\n<p>Viena ASV amatpersona a\u0123ent\u016brai sac\u012bja, ka v\u0113l\u0113tos, lai Eiropas sabiedrotie spertu n\u0101kamo noz\u012bm\u012bgo soli pret Krieviju, kas var\u0113tu ietvert papildu sankcijas vai nodevas. Cits avots sac\u012bja, ka Tramps, visticam\u0101k, uz da\u017e\u0101m ned\u0113\u013c\u0101m ietur\u0113s pauzi, lai izv\u0113rt\u0113tu Krievijas reakciju uz tre\u0161dien izsludin\u0101taj\u0101m sankcij\u0101m.<\/p>\n<p>Da\u017eas no ASV sagatavotaj\u0101m papildu sankcij\u0101m var\u0113tu b\u016bt v\u0113rstas pret Krievijas banku sektoru un infrastrukt\u016bru, ko izmanto naftas pieg\u0101dei tirg\u016b, nor\u0101d\u012bja avoti.<\/p>\n<p><img decoding=\"async\" src=\"https:\/\/www.europesays.com\/lv\/wp-content\/uploads\/2025\/10\/e46d8d7f5cc160b219072c35bca7cfea.jpg\" title=\"Foto: EPA\/MAXIM SHIPENKOV\/Scanpix\" alt=\"Foto: EPA\/MAXIM SHIPENKOV\/Scanpix\"\/><\/p>\n<p class=\"article-img-desc\">Foto: EPA\/MAXIM SHIPENKOV\/Scanpix<\/p>\n","protected":false},"excerpt":{"rendered":"ASV prezidenta Donalda Trampa administr\u0101cija ir sagatavojusi papildu sankcijas, kas var\u0113tu tikt piem\u0113rotas pret svar\u012bg\u0101kaj\u0101m Krievijas ekonomikas nozar\u0113m,&hellip;\n","protected":false},"author":2,"featured_media":30823,"comment_status":"","ping_status":"","sticky":false,"template":"","format":"standard","meta":{"footnotes":""},"categories":[14],"tags":[23,57,28,29,32,33,22,30,31,35,39,38,36,37,34,40,20,26,27,24,25,54,55,56,21,58],"class_list":{"0":"post-30822","1":"post","2":"type-post","3":"status-publish","4":"format-standard","5":"has-post-thumbnail","7":"category-zinas-no-arvalstim","8":"tag-aktualitates","9":"tag-arvalstim","10":"tag-breaking-news","11":"tag-breakingnews","12":"tag-featured-news","13":"tag-featurednews","14":"tag-headlines","15":"tag-latest-news","16":"tag-latestnews","17":"tag-latvia","18":"tag-latvian","19":"tag-latviesu","20":"tag-latviesu-valoda","21":"tag-latviesuvaloda","22":"tag-latvija","23":"tag-lv","24":"tag-news","25":"tag-popularakas-zinas","26":"tag-popularakaszinas","27":"tag-top-stories","28":"tag-topstories","29":"tag-world","30":"tag-world-news","31":"tag-worldnews","32":"tag-zinas","33":"tag-zinas-no-arvalstim"},"share_on_mastodon":{"url":"https:\/\/pubeurope.com\/@lv\/115435395095200410","error":""},"_links":{"self":[{"href":"https:\/\/www.europesays.com\/lv\/wp-json\/wp\/v2\/posts\/30822","targetHints":{"allow":["GET"]}}],"collection":[{"href":"https:\/\/www.europesays.com\/lv\/wp-json\/wp\/v2\/posts"}],"about":[{"href":"https:\/\/www.europesays.com\/lv\/wp-json\/wp\/v2\/types\/post"}],"author":[{"embeddable":true,"href":"https:\/\/www.europesays.com\/lv\/wp-json\/wp\/v2\/users\/2"}],"replies":[{"embeddable":true,"href":"https:\/\/www.europesays.com\/lv\/wp-json\/wp\/v2\/comments?post=30822"}],"version-history":[{"count":0,"href":"https:\/\/www.europesays.com\/lv\/wp-json\/wp\/v2\/posts\/30822\/revisions"}],"wp:featuredmedia":[{"embeddable":true,"href":"https:\/\/www.europesays.com\/lv\/wp-json\/wp\/v2\/media\/30823"}],"wp:attachment":[{"href":"https:\/\/www.europesays.com\/lv\/wp-json\/wp\/v2\/media?parent=30822"}],"wp:term":[{"taxonomy":"category","embeddable":true,"href":"https:\/\/www.europesays.com\/lv\/wp-json\/wp\/v2\/categories?post=30822"},{"taxonomy":"post_tag","embeddable":true,"href":"https:\/\/www.europesays.com\/lv\/wp-json\/wp\/v2\/tags?post=30822"}],"curies":[{"name":"wp","href":"https:\/\/api.w.org\/{rel}","templated":true}]}}