{"id":30828,"date":"2025-10-25T15:11:07","date_gmt":"2025-10-25T15:11:07","guid":{"rendered":"https:\/\/www.europesays.com\/lv\/30828\/"},"modified":"2025-10-25T15:11:07","modified_gmt":"2025-10-25T15:11:07","slug":"latvijas-regbija-izlase-eiropas-cempionata-turnira-spele-cinas-neizskirti-ar-somiju-raksts","status":"publish","type":"post","link":"https:\/\/www.europesays.com\/lv\/30828\/","title":{"rendered":"Latvijas regbija izlase Eiropas \u010dempion\u0101ta turn\u012bra sp\u0113l\u0113 c\u012bn\u0101s neiz\u0161\u0137irti ar Somiju \/ Raksts"},"content":{"rendered":"<p>Latvijas v\u012brie\u0161u regbija izlase sestdien Helsinkos pirmaj\u0101 Eiropas \u010dempion\u0101ta Konferences div\u012bzijas 2025.\/2026. gada sezonas sp\u0113l\u0113 c\u012bn\u012bj\u0101s neiz\u0161\u0137irti. Latvijas valstsvien\u012bba ma\u010du ar Somiju nosl\u0113dza ar 14:14.<\/p>\n<p>Latvijas izlasei t\u0101 bija pirm\u0101 c\u012b\u0146a \u0161aj\u0101 turn\u012br\u0101, bet somi pirms ned\u0113\u013cas sav\u0101 laukum\u0101 ar 62:0 sagr\u0101va Igauniju. V\u0113l A grup\u0101 pirms ned\u0113\u013cas notika sp\u0113le Norv\u0113\u0123ij\u0101, kur m\u0101jinieki ar 6:60 piek\u0101p\u0101s Luksemburgai.<\/p>\n<p>Latvijas izlases galven\u0101 trenera amat\u0101 debit\u0113ja M\u0101rcis Rullis, kuram pal\u012bdz Roberts Bondarenko un Kristaps Sta\u0146a.<\/p>\n<p>Latvijas izlases kandid\u0101ti \u0161oned\u0113\u013c aizvad\u012bja treni\u0146us &#8220;LNK Sporta parka&#8221; laukum\u0101, bet piektdien dev\u0101s uz Helsinkiem, kur p\u0113cpusdien\u0101 aizvad\u012bja nelielu treni\u0146u.<\/p>\n<p>Konferences div\u012bzijas A grup\u0101 Latvija novembra pirmaj\u0101 dien\u0101 Valmier\u0101 uz\u0146ems Norv\u0113\u0123ijas valstsvien\u012bbu, bet 2026. gada 11. apr\u012bl\u012b \u2013\u00a0Igauniju un ned\u0113\u013cu v\u0113l\u0101k sp\u0113l\u0113s Luksemburg\u0101.<\/p>\n<p>&#8220;Rugby Europe&#8221; Konferences div\u012bzij\u0101 21 komanda ir sadal\u012bta piec\u0101s grup\u0101s. P\u0113c grupu sacens\u012bb\u0101m tikai divas lab\u0101k\u0101s komandas piedal\u012bsies izsl\u0113g\u0161anas c\u012b\u0146\u0101 par tik\u0161anu &#8220;Trophy&#8221; div\u012bzij\u0101.<\/p>\n<p>Iepriek\u0161\u0113j\u0101 Konferences div\u012bzijas sezon\u0101 Latvijas izlase svin\u0113ja divas uzvaras \u010detr\u0101s sp\u0113l\u0113s un A grup\u0101 ar 12 punktiem ie\u0146\u0113ma tre\u0161o vietu, bet somi ar trim uzvar\u0101m un 14 punktiem bija otrie.<\/p>\n<p>                    Valodas k\u013c\u016bda rakst\u0101?<\/p>\n<p class=\"d-none d-md-block\">Iez\u012bm\u0113jiet tekstu un spiediet Ctrl+Enter, lai nos\u016bt\u012btu labojamo teksta fragmentu redaktoram! Par faktu k\u013c\u016bd\u0101m l\u016bdzam zi\u0146ot e-past\u0101 <a href=\"https:\/\/www.lsm.lv\/cdn-cgi\/l\/email-protection\" class=\"__cf_email__\" data-cfemail=\"addfc8c9ccc6cec4c7ccedc1dec083c1db\" rel=\"nofollow noopener\" target=\"_blank\">[email\u00a0protected]<\/a>.<\/p>\n<p class=\"d-md-none\">Iez\u012bm\u0113jiet tekstu un spiediet uz Zi\u0146ot par k\u013c\u016bdu pogas, lai nos\u016bt\u012btu labojamo teksta fragmentu redaktoram!<\/p>\n<p>\n                    Zi\u0146ot par k\u013c\u016bdu\n                <\/p>\n","protected":false},"excerpt":{"rendered":"Latvijas v\u012brie\u0161u regbija izlase sestdien Helsinkos pirmaj\u0101 Eiropas \u010dempion\u0101ta Konferences div\u012bzijas 2025.\/2026. gada sezonas sp\u0113l\u0113 c\u012bn\u012bj\u0101s neiz\u0161\u0137irti. Latvijas&hellip;\n","protected":false},"author":2,"featured_media":30829,"comment_status":"","ping_status":"","sticky":false,"template":"","format":"standard","meta":{"footnotes":""},"categories":[5],"tags":[23,28,29,32,33,22,30,31,35,39,38,36,37,34,40,20,26,27,24,25,21],"class_list":{"0":"post-30828","1":"post","2":"type-post","3":"status-publish","4":"format-standard","5":"has-post-thumbnail","7":"category-aktualitates","8":"tag-aktualitates","9":"tag-breaking-news","10":"tag-breakingnews","11":"tag-featured-news","12":"tag-featurednews","13":"tag-headlines","14":"tag-latest-news","15":"tag-latestnews","16":"tag-latvia","17":"tag-latvian","18":"tag-latviesu","19":"tag-latviesu-valoda","20":"tag-latviesuvaloda","21":"tag-latvija","22":"tag-lv","23":"tag-news","24":"tag-popularakas-zinas","25":"tag-popularakaszinas","26":"tag-top-stories","27":"tag-topstories","28":"tag-zinas"},"share_on_mastodon":{"url":"https:\/\/pubeurope.com\/@lv\/115435450108483028","error":""},"_links":{"self":[{"href":"https:\/\/www.europesays.com\/lv\/wp-json\/wp\/v2\/posts\/30828","targetHints":{"allow":["GET"]}}],"collection":[{"href":"https:\/\/www.europesays.com\/lv\/wp-json\/wp\/v2\/posts"}],"about":[{"href":"https:\/\/www.europesays.com\/lv\/wp-json\/wp\/v2\/types\/post"}],"author":[{"embeddable":true,"href":"https:\/\/www.europesays.com\/lv\/wp-json\/wp\/v2\/users\/2"}],"replies":[{"embeddable":true,"href":"https:\/\/www.europesays.com\/lv\/wp-json\/wp\/v2\/comments?post=30828"}],"version-history":[{"count":0,"href":"https:\/\/www.europesays.com\/lv\/wp-json\/wp\/v2\/posts\/30828\/revisions"}],"wp:featuredmedia":[{"embeddable":true,"href":"https:\/\/www.europesays.com\/lv\/wp-json\/wp\/v2\/media\/30829"}],"wp:attachment":[{"href":"https:\/\/www.europesays.com\/lv\/wp-json\/wp\/v2\/media?parent=30828"}],"wp:term":[{"taxonomy":"category","embeddable":true,"href":"https:\/\/www.europesays.com\/lv\/wp-json\/wp\/v2\/categories?post=30828"},{"taxonomy":"post_tag","embeddable":true,"href":"https:\/\/www.europesays.com\/lv\/wp-json\/wp\/v2\/tags?post=30828"}],"curies":[{"name":"wp","href":"https:\/\/api.w.org\/{rel}","templated":true}]}}