{"id":30880,"date":"2025-10-25T16:18:07","date_gmt":"2025-10-25T16:18:07","guid":{"rendered":"https:\/\/www.europesays.com\/lv\/30880\/"},"modified":"2025-10-25T16:18:07","modified_gmt":"2025-10-25T16:18:07","slug":"muziba-devies-latvijas-hokeja-treneris-linkevics","status":"publish","type":"post","link":"https:\/\/www.europesays.com\/lv\/30880\/","title":{"rendered":"M\u016b\u017e\u012bb\u0101 devies Latvijas hokeja treneris Linkevi\u010ds"},"content":{"rendered":"<p>Vi\u0146a tren\u0113taj\u0101s 1972., 1974. un 1979. gada hokejistu grup\u0101s da\u017e\u0101du laika periodu tren\u0113j\u0101s Sergejs \u017doltoks, Sandis Ozoli\u0146\u0161, Grigorijs Pante\u013cejevs, K\u0101rlis Skrasti\u0146\u0161, Raitis Ivan\u0101ns un P\u0113teris Skudra, kuri visi ir sp\u0113l\u0113ju\u0161i Nacion\u0101laj\u0101 hokeja l\u012bg\u0101 (NHL).<\/p>\n<p>Ja 1972. un 1974. gada hokejistu grupas Linkevi\u010ds netren\u0113ja no pa\u0161a s\u0101kuma, tad 1979. gada hokejisti ir izaugu\u0161i vi\u0146a vad\u012bb\u0101. \u0160\u012b gadag\u0101juma hokejisti ir Ivan\u0101ns, Arv\u012bds Re\u0137is, Aleksandrs Andrejevs, Vladimirs Mamonovs, Andrejs Karda\u0161s un Valerijs Fi\u013cimonovs.<\/p>\n<p>1992. gad\u0101 Linkevi\u010ds k\u013cuva par pirmo Latvijas U-20 izlases galveno treneri, bet p\u0113c tam vi\u0146\u0161 tika iev\u0113l\u0113ts par LHF Treneru padomes vad\u012bt\u0101ju.<\/p>\n<p>Linkevi\u010ds 90. gadu vid\u016b divas sezonas bija ASV Hokeja l\u012bgas (USHL) kluba Dibj\u016bkas \u201cFighting Saints\u201d galven\u0101 trenera pal\u012bgs, p\u0113c tam ASV tren\u0113ja jaunos hokejistus.<\/p>\n<p>No 2011. l\u012bdz 2015. gadam vi\u0146\u0161 bija Jelgavas \u201cZemgales\u201d galvenais treneris, tren\u0113jot ar\u012b Danu Lo\u010dmeli, bet v\u0113l\u0101k str\u0101d\u0101ja R\u012bgas Hokeja skol\u0101 un p\u0113d\u0113jos gados \u2013 Ozolnieku \u201cZibe\u0146os\u201d.<\/p>\n<p>LHF uzsver, ka Linkevi\u010da tren\u0113to komandu sp\u0113l\u0113t\u0101ji vienm\u0113r ir biju\u0161i labi slidot\u0101ji un tehniski sagatavoti hokejisti.<\/p>\n<p class=\"tv3-fw-500\">Zi\u0146o par k\u013c\u016bdu rakst\u0101<\/p>\n<p class=\"d-md-block d-none\">Iez\u012bm\u0113 k\u013c\u016bdaino tekstu un spied Ctrl+Enter.<\/p>\n<p class=\"d-md-none d-block\">Iez\u012bm\u0113 k\u013c\u016bdaino tekstu un zi\u0146o par to!<\/p>\n","protected":false},"excerpt":{"rendered":"Vi\u0146a tren\u0113taj\u0101s 1972., 1974. un 1979. gada hokejistu grup\u0101s da\u017e\u0101du laika periodu tren\u0113j\u0101s Sergejs \u017doltoks, Sandis Ozoli\u0146\u0161, Grigorijs&hellip;\n","protected":false},"author":2,"featured_media":30881,"comment_status":"","ping_status":"","sticky":false,"template":"","format":"standard","meta":{"footnotes":""},"categories":[5],"tags":[23,28,29,32,33,22,30,31,35,39,38,36,37,34,4243,40,20,26,27,24,25,21],"class_list":{"0":"post-30880","1":"post","2":"type-post","3":"status-publish","4":"format-standard","5":"has-post-thumbnail","7":"category-aktualitates","8":"tag-aktualitates","9":"tag-breaking-news","10":"tag-breakingnews","11":"tag-featured-news","12":"tag-featurednews","13":"tag-headlines","14":"tag-latest-news","15":"tag-latestnews","16":"tag-latvia","17":"tag-latvian","18":"tag-latviesu","19":"tag-latviesu-valoda","20":"tag-latviesuvaloda","21":"tag-latvija","22":"tag-latvijas-hokeja-federacija","23":"tag-lv","24":"tag-news","25":"tag-popularakas-zinas","26":"tag-popularakaszinas","27":"tag-top-stories","28":"tag-topstories","29":"tag-zinas"},"share_on_mastodon":{"url":"https:\/\/pubeurope.com\/@lv\/115435713494160892","error":""},"_links":{"self":[{"href":"https:\/\/www.europesays.com\/lv\/wp-json\/wp\/v2\/posts\/30880","targetHints":{"allow":["GET"]}}],"collection":[{"href":"https:\/\/www.europesays.com\/lv\/wp-json\/wp\/v2\/posts"}],"about":[{"href":"https:\/\/www.europesays.com\/lv\/wp-json\/wp\/v2\/types\/post"}],"author":[{"embeddable":true,"href":"https:\/\/www.europesays.com\/lv\/wp-json\/wp\/v2\/users\/2"}],"replies":[{"embeddable":true,"href":"https:\/\/www.europesays.com\/lv\/wp-json\/wp\/v2\/comments?post=30880"}],"version-history":[{"count":0,"href":"https:\/\/www.europesays.com\/lv\/wp-json\/wp\/v2\/posts\/30880\/revisions"}],"wp:featuredmedia":[{"embeddable":true,"href":"https:\/\/www.europesays.com\/lv\/wp-json\/wp\/v2\/media\/30881"}],"wp:attachment":[{"href":"https:\/\/www.europesays.com\/lv\/wp-json\/wp\/v2\/media?parent=30880"}],"wp:term":[{"taxonomy":"category","embeddable":true,"href":"https:\/\/www.europesays.com\/lv\/wp-json\/wp\/v2\/categories?post=30880"},{"taxonomy":"post_tag","embeddable":true,"href":"https:\/\/www.europesays.com\/lv\/wp-json\/wp\/v2\/tags?post=30880"}],"curies":[{"name":"wp","href":"https:\/\/api.w.org\/{rel}","templated":true}]}}