{"id":30910,"date":"2025-10-25T16:48:08","date_gmt":"2025-10-25T16:48:08","guid":{"rendered":"https:\/\/www.europesays.com\/lv\/30910\/"},"modified":"2025-10-25T16:48:08","modified_gmt":"2025-10-25T16:48:08","slug":"francija-piespriez-muza-ieslodzijumu-alzirijas-studentei-kura-izvaroja-un-zveriski-noslepkavoja-12-gadus-vecu-meiteni-vinas-noziegums-sokeja-sabiedribu","status":"publish","type":"post","link":"https:\/\/www.europesays.com\/lv\/30910\/","title":{"rendered":"Francij\u0101 piesprie\u017e m\u016b\u017ea ieslodz\u012bjumu Al\u017e\u012brijas studentei, kura izvaroja un zv\u0113riski noslepkavoja 12 gadus vecu meiteni. Vi\u0146as noziegums \u0161ok\u0113ja sabiedr\u012bbu"},"content":{"rendered":"<p>Lola Davj\u0113 tika nogalin\u0101ta 2022. gada oktobr\u012b. Vi\u0146as l\u012b\u0137i atrada kast\u0113 m\u0101jas priek\u0161nam\u0101, kur str\u0101d\u0101ja nogalin\u0101t\u0101s meitenes vec\u0101ki. Nov\u0113ro\u0161anas kameru 2022. gada 14. oktobra ieraksti par\u0101d\u012bja, ka Benkireda pieiet pie Lolas, kad vi\u0146a atgriez\u0101s m\u0101j\u0101s no skolas. Tiek zi\u0146ots, ka Benkireda ievilin\u0101ja Lolu dz\u012bvokl\u012b, kuru \u0161aj\u0101 m\u0101j\u0101 bija no\u012br\u0113jusi vi\u0146as vec\u0101k\u0101 m\u0101sa. Pusotru stundu vi\u0146a sp\u012bdzin\u0101ja meiteni, pak\u013caujot to seksu\u0101lai vardarb\u012bbai, p\u0113c tam d\u016bra ar \u0161\u0137\u0113r\u0113m un nazi. Pabeigusi moc\u012bt savu upuri, vi\u0146a aptina meitenes galvu ar l\u012bmlenti, izraisot vi\u0146as nosmak\u0161anu.<\/p>\n","protected":false},"excerpt":{"rendered":"Lola Davj\u0113 tika nogalin\u0101ta 2022. gada oktobr\u012b. Vi\u0146as l\u012b\u0137i atrada kast\u0113 m\u0101jas priek\u0161nam\u0101, kur str\u0101d\u0101ja nogalin\u0101t\u0101s meitenes vec\u0101ki.&hellip;\n","protected":false},"author":2,"featured_media":30911,"comment_status":"","ping_status":"","sticky":false,"template":"","format":"standard","meta":{"footnotes":""},"categories":[5],"tags":[23,28,29,32,33,22,30,31,35,39,38,36,37,34,40,20,26,27,24,25,21],"class_list":{"0":"post-30910","1":"post","2":"type-post","3":"status-publish","4":"format-standard","5":"has-post-thumbnail","7":"category-aktualitates","8":"tag-aktualitates","9":"tag-breaking-news","10":"tag-breakingnews","11":"tag-featured-news","12":"tag-featurednews","13":"tag-headlines","14":"tag-latest-news","15":"tag-latestnews","16":"tag-latvia","17":"tag-latvian","18":"tag-latviesu","19":"tag-latviesu-valoda","20":"tag-latviesuvaloda","21":"tag-latvija","22":"tag-lv","23":"tag-news","24":"tag-popularakas-zinas","25":"tag-popularakaszinas","26":"tag-top-stories","27":"tag-topstories","28":"tag-zinas"},"share_on_mastodon":{"url":"https:\/\/pubeurope.com\/@lv\/115435831549579043","error":""},"_links":{"self":[{"href":"https:\/\/www.europesays.com\/lv\/wp-json\/wp\/v2\/posts\/30910","targetHints":{"allow":["GET"]}}],"collection":[{"href":"https:\/\/www.europesays.com\/lv\/wp-json\/wp\/v2\/posts"}],"about":[{"href":"https:\/\/www.europesays.com\/lv\/wp-json\/wp\/v2\/types\/post"}],"author":[{"embeddable":true,"href":"https:\/\/www.europesays.com\/lv\/wp-json\/wp\/v2\/users\/2"}],"replies":[{"embeddable":true,"href":"https:\/\/www.europesays.com\/lv\/wp-json\/wp\/v2\/comments?post=30910"}],"version-history":[{"count":0,"href":"https:\/\/www.europesays.com\/lv\/wp-json\/wp\/v2\/posts\/30910\/revisions"}],"wp:featuredmedia":[{"embeddable":true,"href":"https:\/\/www.europesays.com\/lv\/wp-json\/wp\/v2\/media\/30911"}],"wp:attachment":[{"href":"https:\/\/www.europesays.com\/lv\/wp-json\/wp\/v2\/media?parent=30910"}],"wp:term":[{"taxonomy":"category","embeddable":true,"href":"https:\/\/www.europesays.com\/lv\/wp-json\/wp\/v2\/categories?post=30910"},{"taxonomy":"post_tag","embeddable":true,"href":"https:\/\/www.europesays.com\/lv\/wp-json\/wp\/v2\/tags?post=30910"}],"curies":[{"name":"wp","href":"https:\/\/api.w.org\/{rel}","templated":true}]}}