{"id":30917,"date":"2025-10-25T16:59:08","date_gmt":"2025-10-25T16:59:08","guid":{"rendered":"https:\/\/www.europesays.com\/lv\/30917\/"},"modified":"2025-10-25T16:59:08","modified_gmt":"2025-10-25T16:59:08","slug":"nem-vera-%e2%9f%a9-nakti-uz-svetdienu-bus-japagriez-pulkstenis-apollo-lv","status":"publish","type":"post","link":"https:\/\/www.europesays.com\/lv\/30917\/","title":{"rendered":"\u0145EM V\u0112R\u0100! \u27e9 Nakt\u012b uz sv\u0113tdienu b\u016bs j\u0101pagrie\u017e pulkstenis &#8211; Apollo.lv"},"content":{"rendered":"<ol>\n<li><a href=\"https:\/\/news.google.com\/rss\/articles\/CBMiigFBVV95cUxQUVJNczk0bDRnRlRtVWQ1Rl95cFpIb2pyRU9nX05YTjhYdUJqWElXYWFpaEJac2VIQmVCN1VpUGxqOHdUejJxbXpRODNFNEg1SHRqZUJ3UmJsOFdEdlQzTGdzc3dsVnU4UWxxYTJodnhIRGlDV0ZFdUgwRzhoczlkaGR3cEJyRmI2ZGc?oc=5\" target=\"_blank\" rel=\"nofollow noopener\">\u0145EM V\u0112R\u0100! \u27e9 Nakt\u012b uz sv\u0113tdienu b\u016bs j\u0101pagrie\u017e pulkstenis<\/a>&nbsp;&nbsp;Apollo.lv<\/li>\n<li><a href=\"https:\/\/news.google.com\/rss\/articles\/CBMi1AFBVV95cUxQVmxMUlMxVGh4R2psNFIxcS03SWdmU3NqWHpHbFFpVkNYbmpYVDJ4MUdGZWQ0b3o5Y3AxVU01dXN2RWk1SkczWC1MdzZWU25GV3BQOTFtRkktQm5FMHlZd2FwUnpEcmItQTdHbjV6ZVVSclZYZTNITGdJVENqU01IbENrZUhwb3Qxemg3dW1YM2NIcmNPaFZ3UnQ5OUEtWGhuUVNxYkxLV21OV0JyZzB1aldxaWNWQVJ4LThNckNXTktfc2dFbm51cGh2ZkJwXzA1bHg4Sg?oc=5\" target=\"_blank\" rel=\"nofollow noopener\">Eiropas Savien\u012bb\u0101 atdzimst sarunas par pulkste\u0146a groz\u012b\u0161anas ritu\u0101la izbeig\u0161anu \/ Raksts<\/a>&nbsp;&nbsp;LSM<\/li>\n<li><a href=\"https:\/\/news.google.com\/rss\/articles\/CBMi0wFBVV95cUxNRTZlb01vU1QyRTZ3dTliOVhHMnYtS2MzcnBQeGlRRUk1Skt4QlpzWjYxM1lQR1hiQ2I1TVhRZUxORHhjQ1lEQkd2MEhJR0cwQl94MnAyaW9nTFY4a3pkTUlNeDR6LXkwcWVFN3RGWXR0ejhDYmFGdldBWFRuTWpyQnRqMVJ5Z0hLMnBjZWYyaXQwOEZCQUk2OWprSFRTeXpkZHNuMlNYckVWUDNQeEpKa1k3OUt5LUJJU2ZSUVB3QUFlVU55ZS1IU1p5b2pNSDR1c21B?oc=5\" target=\"_blank\" rel=\"nofollow noopener\">Sv\u0113tdien Latvija p\u0101ries uz ziemas laiku: k\u0101 tas ietekm\u0113s elektr\u012bbas pat\u0113ri\u0146u?<\/a>&nbsp;&nbsp;Delfi<\/li>\n<li><a href=\"https:\/\/news.google.com\/rss\/articles\/CBMi9gFBVV95cUxPS2xnQ1BySFlMR25kYWZCLWNMQXhsOEMtSjBGVVNubUhxTm03b0lELTEyODBEbGFuZjlEYW9RZXBvV0Q2Nk5IaC1SUEhyWTlhdkNRY1VQRUVOXzFTNW54cEFkeGRCbjNtSWh2bjBub1hBQzZuUGkwSnZYSG9HaEJoNnl3dTRva0pNSGlnOWtlXy00UnB5R2FTNkV1T1ZvUWUwWUU5Q3QySDBYMjFOYWlRSGUzQ1A0N0wtOHVHV00zSHVEWm5seHp2c0QzMEFTRVlEbWdYRTNWLXlCR1BCeGJ3Wk1HNG1MZlM4QTVvelZfRklzcWgwbGc?oc=5\" target=\"_blank\" rel=\"nofollow noopener\">Ned\u0113\u013cas nogal\u0113 atkal notiks tas, no k\u0101 Eiropa sol\u012bja atteikties uz visiem laikiem. K\u0101p\u0113c joproj\u0101m j\u0101mok\u0101s ar pulkste\u0146u groz\u012b\u0161anu?<\/a>&nbsp;&nbsp;Jauns.lv<\/li>\n<li><a href=\"https:\/\/news.google.com\/rss\/articles\/CBMiwwFBVV95cUxObzVXd3Z2SEtZbExjbVFfQ0FSTFNnSk9nMDlMLTlvTGRSRDk5TkdHNWJMZDhiRWNKWUdYNkl1MElmc05WQ2FBTEZsZjE5YTJrdEpRZl9ldllLZ0lGeTNFZXBacEdzUlBBNDFjb1pGZ0pSVkdSdGRGWEhwQVlZdDNKX2xmZm4zR1dfaGZGeDNSMTU4eGhzQjFTV2s5NERYOXVYcjhIS0dZMkpxcVBSQTNhakowMmhTbHVBREFzcGtmVzNRV00?oc=5\" target=\"_blank\" rel=\"nofollow noopener\">Nakt\u012b uz sv\u0113tdienu pulkstenis j\u0101grie\u017e vienu stundu atpaka\u013c. K\u0101d\u0113\u013c joproj\u0101m tas j\u0101dara?<\/a>&nbsp;&nbsp;tv3.lv<\/li>\n<\/ol>\n","protected":false},"excerpt":{"rendered":"\u0145EM V\u0112R\u0100! \u27e9 Nakt\u012b uz sv\u0113tdienu b\u016bs j\u0101pagrie\u017e pulkstenis&nbsp;&nbsp;Apollo.lv Eiropas Savien\u012bb\u0101 atdzimst sarunas par pulkste\u0146a groz\u012b\u0161anas ritu\u0101la izbeig\u0161anu&hellip;\n","protected":false},"author":2,"featured_media":30918,"comment_status":"","ping_status":"","sticky":false,"template":"","format":"standard","meta":{"footnotes":""},"categories":[12],"tags":[5869,23,28,29,32,33,22,9324,30,31,35,39,38,36,37,34,40,20,26,27,24,25,9184,21],"class_list":{"0":"post-30917","1":"post","2":"type-post","3":"status-publish","4":"format-standard","5":"has-post-thumbnail","7":"category-latvija","8":"tag-ziema","9":"tag-aktualitates","10":"tag-breaking-news","11":"tag-breakingnews","12":"tag-featured-news","13":"tag-featurednews","14":"tag-headlines","15":"tag-laiks","16":"tag-latest-news","17":"tag-latestnews","18":"tag-latvia","19":"tag-latvian","20":"tag-latviesu","21":"tag-latviesu-valoda","22":"tag-latviesuvaloda","23":"tag-latvija","24":"tag-lv","25":"tag-news","26":"tag-popularakas-zinas","27":"tag-popularakaszinas","28":"tag-top-stories","29":"tag-topstories","30":"tag-ziemas-laiks","31":"tag-zinas"},"share_on_mastodon":{"url":"https:\/\/pubeurope.com\/@lv\/115435874823122656","error":""},"_links":{"self":[{"href":"https:\/\/www.europesays.com\/lv\/wp-json\/wp\/v2\/posts\/30917","targetHints":{"allow":["GET"]}}],"collection":[{"href":"https:\/\/www.europesays.com\/lv\/wp-json\/wp\/v2\/posts"}],"about":[{"href":"https:\/\/www.europesays.com\/lv\/wp-json\/wp\/v2\/types\/post"}],"author":[{"embeddable":true,"href":"https:\/\/www.europesays.com\/lv\/wp-json\/wp\/v2\/users\/2"}],"replies":[{"embeddable":true,"href":"https:\/\/www.europesays.com\/lv\/wp-json\/wp\/v2\/comments?post=30917"}],"version-history":[{"count":0,"href":"https:\/\/www.europesays.com\/lv\/wp-json\/wp\/v2\/posts\/30917\/revisions"}],"wp:featuredmedia":[{"embeddable":true,"href":"https:\/\/www.europesays.com\/lv\/wp-json\/wp\/v2\/media\/30918"}],"wp:attachment":[{"href":"https:\/\/www.europesays.com\/lv\/wp-json\/wp\/v2\/media?parent=30917"}],"wp:term":[{"taxonomy":"category","embeddable":true,"href":"https:\/\/www.europesays.com\/lv\/wp-json\/wp\/v2\/categories?post=30917"},{"taxonomy":"post_tag","embeddable":true,"href":"https:\/\/www.europesays.com\/lv\/wp-json\/wp\/v2\/tags?post=30917"}],"curies":[{"name":"wp","href":"https:\/\/api.w.org\/{rel}","templated":true}]}}