{"id":30919,"date":"2025-10-25T17:00:07","date_gmt":"2025-10-25T17:00:07","guid":{"rendered":"https:\/\/www.europesays.com\/lv\/30919\/"},"modified":"2025-10-25T17:00:07","modified_gmt":"2025-10-25T17:00:07","slug":"graudina-samoilova-sasniedz-dar-turnira-ceturtdalfinalu","status":"publish","type":"post","link":"https:\/\/www.europesays.com\/lv\/30919\/","title":{"rendered":"Graudi\u0146a\/Samoilova sasniedz D\u0100R turn\u012bra ceturtda\u013cfin\u0101lu"},"content":{"rendered":"<p>Ar piekto numuru sacens\u012bb\u0101s izs\u0113tais Latvijas p\u0101ris astotda\u013cfin\u0101l\u0101 ar 2-0 (21:19, 21:17) pieveica lietuvietes Ievu Dumbauskaiti un Gerdu Grudzinskaiti (18.), kuras pamatturn\u012br\u0101 iek\u013cuva p\u0113c kvalifik\u0101cijas turn\u012bra sp\u0113l\u0113m.<\/p>\n<p>Ceturtda\u013cfin\u0101l\u0101 latvietes sestdien tiksies ar v\u0113l vienu kvalifik\u0101ciju p\u0101rvar\u0113ju\u0161o duetu T\u012bgana van Gansta\/Paipera F\u0113rka no ASV, kas izs\u0113ts ar 21. numuru.<\/p>\n<p>Latvietes D\u0100R jau ir nopeln\u012bju\u0161as 760 pasaules ranga punktus.<\/p>\n<p>Jau zi\u0146ots, ka E grupas sp\u0113l\u0113s Graudi\u0146a\/Samoilova ar 2-0 (21:10, 21:8) sagr\u0101va ar 20. numuru izlikto Mozambikas p\u0101ri Vanesa Muianga\/Mersija Mu\u010desa, kas iepriek\u0161 p\u0101rvar\u0113ja kvalifik\u0101cijas sacens\u012bbu barjeru, un ar 2-0 (21:16, 21:18) p\u0101rsp\u0113ja N\u012bderlandes duetu Raisa Shona\/Katja Stama (17.), k\u0101 grupas lab\u0101k\u0101 komanda iek\u013c\u016bstot izsl\u0113g\u0161anas sp\u0113\u013cu otraj\u0101 k\u0101rt\u0101.<\/p>\n<p>Ceturtda\u013cfin\u0101li notiks sestdien, bet turn\u012brs nosl\u0113gsies sv\u0113tdien.<\/p>\n<p>&#8220;Pro Beach Tour&#8221; rang\u0101 pirm\u0101s ir &#8220;Elite 16&#8221; sacens\u012bbas, otr\u0101s &#8211; &#8220;Challenge&#8221;, tre\u0161\u0101s &#8211; &#8220;Futures&#8221; sacens\u012bbas.<\/p>\n","protected":false},"excerpt":{"rendered":"Ar piekto numuru sacens\u012bb\u0101s izs\u0113tais Latvijas p\u0101ris astotda\u013cfin\u0101l\u0101 ar 2-0 (21:19, 21:17) pieveica lietuvietes Ievu Dumbauskaiti un Gerdu&hellip;\n","protected":false},"author":2,"featured_media":30920,"comment_status":"","ping_status":"","sticky":false,"template":"","format":"standard","meta":{"footnotes":""},"categories":[5],"tags":[23,566,28,29,32,33,22,30,31,35,39,38,36,37,34,40,20,564,26,27,565,24,25,21],"class_list":{"0":"post-30919","1":"post","2":"type-post","3":"status-publish","4":"format-standard","5":"has-post-thumbnail","7":"category-aktualitates","8":"tag-aktualitates","9":"tag-anastasija-samoilova","10":"tag-breaking-news","11":"tag-breakingnews","12":"tag-featured-news","13":"tag-featurednews","14":"tag-headlines","15":"tag-latest-news","16":"tag-latestnews","17":"tag-latvia","18":"tag-latvian","19":"tag-latviesu","20":"tag-latviesu-valoda","21":"tag-latviesuvaloda","22":"tag-latvija","23":"tag-lv","24":"tag-news","25":"tag-pludmales-volejbols","26":"tag-popularakas-zinas","27":"tag-popularakaszinas","28":"tag-tina-graudina","29":"tag-top-stories","30":"tag-topstories","31":"tag-zinas"},"share_on_mastodon":{"url":"https:\/\/pubeurope.com\/@lv\/115435878712347734","error":""},"_links":{"self":[{"href":"https:\/\/www.europesays.com\/lv\/wp-json\/wp\/v2\/posts\/30919","targetHints":{"allow":["GET"]}}],"collection":[{"href":"https:\/\/www.europesays.com\/lv\/wp-json\/wp\/v2\/posts"}],"about":[{"href":"https:\/\/www.europesays.com\/lv\/wp-json\/wp\/v2\/types\/post"}],"author":[{"embeddable":true,"href":"https:\/\/www.europesays.com\/lv\/wp-json\/wp\/v2\/users\/2"}],"replies":[{"embeddable":true,"href":"https:\/\/www.europesays.com\/lv\/wp-json\/wp\/v2\/comments?post=30919"}],"version-history":[{"count":0,"href":"https:\/\/www.europesays.com\/lv\/wp-json\/wp\/v2\/posts\/30919\/revisions"}],"wp:featuredmedia":[{"embeddable":true,"href":"https:\/\/www.europesays.com\/lv\/wp-json\/wp\/v2\/media\/30920"}],"wp:attachment":[{"href":"https:\/\/www.europesays.com\/lv\/wp-json\/wp\/v2\/media?parent=30919"}],"wp:term":[{"taxonomy":"category","embeddable":true,"href":"https:\/\/www.europesays.com\/lv\/wp-json\/wp\/v2\/categories?post=30919"},{"taxonomy":"post_tag","embeddable":true,"href":"https:\/\/www.europesays.com\/lv\/wp-json\/wp\/v2\/tags?post=30919"}],"curies":[{"name":"wp","href":"https:\/\/api.w.org\/{rel}","templated":true}]}}