{"id":30923,"date":"2025-10-25T17:06:16","date_gmt":"2025-10-25T17:06:16","guid":{"rendered":"https:\/\/www.europesays.com\/lv\/30923\/"},"modified":"2025-10-25T17:06:16","modified_gmt":"2025-10-25T17:06:16","slug":"meteorologisko-balonu-del-vilnas-un-kaunas-lidostas-aptureta-lidmasinu-satiksme-papildinats-raksts","status":"publish","type":"post","link":"https:\/\/www.europesays.com\/lv\/30923\/","title":{"rendered":"Meteorolo\u0123isko balonu d\u0113\u013c Vi\u013c\u0146as un Kau\u0146as lidost\u0101s aptur\u0113ta lidma\u0161\u012bnu satiksme (papildin\u0101ts) \/ Raksts"},"content":{"rendered":"<p>\n                        Vakar, 21:55                    <\/p>\n<p>\n                            Papildin\u0101ts \u0161odien, 9:35                        <\/p>\n<p>                            <a target=\"_blank\" href=\"https:\/\/www.lsm.lv\/raksts\/zinas\/arzemes\/24.10.2025-meteorologisko-balonu-del-vilnas-un-kaunas-lidostas-aptureta-lidmasinu-satiksme-papildinats.a619791\/javascript:;\" rel=\"nofollow noopener\"><img decoding=\"async\" src=\"https:\/\/www.europesays.com\/lv\/wp-content\/uploads\/2025\/10\/logo_593e5d8b93064.jpg\" alt=\"LETA\"\/><\/a>                        <\/p>\n<p>Meteorolo\u0123isko balonu d\u0113\u013c piektdienas, 24. oktobra, vakar\u0101 Vi\u013c\u0146as un Kau\u0146as lidost\u0101s uz laiku aptur\u0113ta lidma\u0161\u012bnu satiksme, zi\u0146o Transporta un sakaru ministrija.\u00a0<\/p>\n<p>Lidojumi Kau\u0146as un Vi\u013c\u0146as lidost\u0101s, kas piektdienas vakar\u0101 tika aptur\u0113ti meteorolo\u0123isko balonu d\u0113\u013c, tika ats\u0101kti sestdienas r\u012bt\u0101.<\/p>\n<p>Piektdien pulksten 20.31 Vi\u013c\u0146as lidost\u0101 un pulksten 20.36 Kau\u0146as lidost\u0101 \u012bslaic\u012bgi tika aptur\u0113ta aviosatiksme. Abu lidostu zonas tika atv\u0113rtas sestdienas r\u012bt\u0101 pulksten 02.35, un dienas laik\u0101 iesp\u0113jama lidojumu kav\u0113\u0161an\u0101s, inform\u0113 Lietuvas lidostu operators &#8220;Lietuvos oro uostai&#8221; (LTOU).<\/p>\n<p>Saska\u0146\u0101 ar LTOU sniegto inform\u0101ciju, pagaidu ierobe\u017eojumi ietekm\u0113ja gan ien\u0101ko\u0161os, gan izejo\u0161os lidojumus, da\u017ei lidojumi tika atcelti. Kopum\u0101 ab\u0101s lidost\u0101s tika ietekm\u0113ti 40 lidojumi un vair\u0101k nek\u0101 6000 pasa\u017eieru.<\/p>\n<p>Ab\u0101s lidost\u0101s kopum\u0101 atcelti 10, novirz\u012bti 14 un aizkav\u0113ti 16 reisi.<\/p>\n<p>Lietuvas Nacion\u0101l\u0101 kr\u012b\u017eu vad\u012bbas centra vad\u012bt\u0101js Vilmants Vitkausks pav\u0113st\u012bja, ka \u0161oreiz baloni bija aptuveni divas l\u012bdz tr\u012bs reizes maz\u0101k nek\u0101 ned\u0113\u013cas s\u0101kum\u0101, un l\u0113mums par sl\u0113gto robe\u017ekontroles punktu darb\u012bbu tiks pie\u0146emts l\u012bdz pusdienlaikam.<\/p>\n<p>L\u0113mums ierobe\u017eot gaisa telpu tika pie\u0146emts saist\u012bb\u0101 ar meteorolo\u0123isko balonu lido\u0161anu Druskininku \u2013 \u0160al\u010dininku virzien\u0101. Gaisa satiksme ab\u0101s lidost\u0101s tika aptur\u0113ta ap plkst. 20.30 l\u012bdz plkst. 22.<\/p>\n<blockquote>\n<p>Ap plkst. 22\u00a0Lietuvas transporta un komunik\u0101ciju ministrija pazi\u0146oja, ka pie\u0146emts l\u0113mums pagarin\u0101t gaisa satiksmes aptur\u0113\u0161anu l\u012bdz plkst. 2 nakt\u012b.<\/p>\n<\/blockquote>\n<p>Kau\u0146as lidost\u0101 tika ietekm\u0113ti tr\u012bs reisi, bet Vi\u013c\u0146as lidost\u0101 \u2013 \u010detri reisi.<\/p>\n<p>Lai skat\u012btu \u0161o resursu, mums ir nepiecie\u0161ama j\u016bsu piekri\u0161ana s\u012bkdatn\u0113m.<\/p>\n<p>Piekr\u012btu &#8220;Tre\u0161\u0101s puses&#8221; s\u012bkdatn\u0113mP\u0101rvald\u012bt s\u012bkdatnes<\/p>\n<p>K\u0101 inform\u0113ja Vi\u013c\u0146as apgabala policija, vi\u0146i sa\u0146\u0113mu\u0161i inform\u0101ciju, ka lido &#8220;vair\u0101k nek\u0101 viens&#8221; balons.<\/p>\n<p>Valsts robe\u017esardze pav\u0113st\u012bja, ka v\u0113l nav p\u0101rtverts neviens balons.<\/p>\n<p>Tikm\u0113r Lietuvas premjerministre Inga Ru\u0123iniene soci\u0101laj\u0101 vietn\u0113 &#8220;Facebook&#8221; pazi\u0146ojusi, ka l\u012bdz r\u012btdienas plkst. 12.00 b\u016bs sl\u0113gti Medininku un \u0160al\u010dininku robe\u017e\u0161\u0137\u0113rso\u0161anas punkti ar Baltkrieviju.<\/p>\n<p>Jau nakt\u012b no otrdienas uz tre\u0161dienu Lietuv\u0101 no Baltkrievijas bija ielidoju\u0161i vair\u0101ki desmiti balonu, kurus kontrabandisti izmanto cigare\u0161u p\u0101rvad\u0101\u0161anai.<\/p>\n<p>Incidents trauc\u0113ja <a href=\"https:\/\/www.lsm.lv\/raksts\/zinas\/arzemes\/22.10.2025-vilnas-lidosta-drosibas-apsverumu-del-partraukusi-darbu-ietekmeti-vairaki-airbaltic-lidojumi.a619300\/\" class=\"lsm-link\" data-type=\"article\" data-id=\"619300\" rel=\"nofollow noopener\" target=\"_blank\">Vi\u013c\u0146as lidostas darb\u012bbu,<\/a> ietekm\u0113jot aptuveni 30 reisus un vair\u0101k nek\u0101 4000 pasa\u017eieru, un izrais\u012bja Medininku un \u0160al\u010dininku robe\u017ekontroles punktu pagaidu sl\u0113g\u0161anu.<\/p>\n<p>                    Valodas k\u013c\u016bda rakst\u0101?<\/p>\n<p class=\"d-none d-md-block\">Iez\u012bm\u0113jiet tekstu un spiediet Ctrl+Enter, lai nos\u016bt\u012btu labojamo teksta fragmentu redaktoram! Par faktu k\u013c\u016bd\u0101m l\u016bdzam zi\u0146ot e-past\u0101 <a href=\"https:\/\/www.lsm.lv\/cdn-cgi\/l\/email-protection\" class=\"__cf_email__\" data-cfemail=\"1f6d7a7b7e747c76757e5f736c72317369\" rel=\"nofollow noopener\" target=\"_blank\">[email\u00a0protected]<\/a>.<\/p>\n<p class=\"d-md-none\">Iez\u012bm\u0113jiet tekstu un spiediet uz Zi\u0146ot par k\u013c\u016bdu pogas, lai nos\u016bt\u012btu labojamo teksta fragmentu redaktoram!<\/p>\n<p>\n                    Zi\u0146ot par k\u013c\u016bdu\n                <\/p>\n","protected":false},"excerpt":{"rendered":"Vakar, 21:55 Papildin\u0101ts \u0161odien, 9:35 Meteorolo\u0123isko balonu d\u0113\u013c piektdienas, 24. oktobra, vakar\u0101 Vi\u013c\u0146as un Kau\u0146as lidost\u0101s uz laiku&hellip;\n","protected":false},"author":2,"featured_media":30458,"comment_status":"","ping_status":"","sticky":false,"template":"","format":"standard","meta":{"footnotes":""},"categories":[5],"tags":[23,28,29,32,33,22,30,31,35,39,38,36,37,34,40,20,26,27,24,25,21],"class_list":{"0":"post-30923","1":"post","2":"type-post","3":"status-publish","4":"format-standard","5":"has-post-thumbnail","7":"category-aktualitates","8":"tag-aktualitates","9":"tag-breaking-news","10":"tag-breakingnews","11":"tag-featured-news","12":"tag-featurednews","13":"tag-headlines","14":"tag-latest-news","15":"tag-latestnews","16":"tag-latvia","17":"tag-latvian","18":"tag-latviesu","19":"tag-latviesu-valoda","20":"tag-latviesuvaloda","21":"tag-latvija","22":"tag-lv","23":"tag-news","24":"tag-popularakas-zinas","25":"tag-popularakaszinas","26":"tag-top-stories","27":"tag-topstories","28":"tag-zinas"},"share_on_mastodon":{"url":"https:\/\/pubeurope.com\/@lv\/115435902328536884","error":""},"_links":{"self":[{"href":"https:\/\/www.europesays.com\/lv\/wp-json\/wp\/v2\/posts\/30923","targetHints":{"allow":["GET"]}}],"collection":[{"href":"https:\/\/www.europesays.com\/lv\/wp-json\/wp\/v2\/posts"}],"about":[{"href":"https:\/\/www.europesays.com\/lv\/wp-json\/wp\/v2\/types\/post"}],"author":[{"embeddable":true,"href":"https:\/\/www.europesays.com\/lv\/wp-json\/wp\/v2\/users\/2"}],"replies":[{"embeddable":true,"href":"https:\/\/www.europesays.com\/lv\/wp-json\/wp\/v2\/comments?post=30923"}],"version-history":[{"count":0,"href":"https:\/\/www.europesays.com\/lv\/wp-json\/wp\/v2\/posts\/30923\/revisions"}],"wp:featuredmedia":[{"embeddable":true,"href":"https:\/\/www.europesays.com\/lv\/wp-json\/wp\/v2\/media\/30458"}],"wp:attachment":[{"href":"https:\/\/www.europesays.com\/lv\/wp-json\/wp\/v2\/media?parent=30923"}],"wp:term":[{"taxonomy":"category","embeddable":true,"href":"https:\/\/www.europesays.com\/lv\/wp-json\/wp\/v2\/categories?post=30923"},{"taxonomy":"post_tag","embeddable":true,"href":"https:\/\/www.europesays.com\/lv\/wp-json\/wp\/v2\/tags?post=30923"}],"curies":[{"name":"wp","href":"https:\/\/api.w.org\/{rel}","templated":true}]}}