{"id":30926,"date":"2025-10-25T17:12:21","date_gmt":"2025-10-25T17:12:21","guid":{"rendered":"https:\/\/www.europesays.com\/lv\/30926\/"},"modified":"2025-10-25T17:12:21","modified_gmt":"2025-10-25T17:12:21","slug":"tramps-izvirza-ultimatu-ukrainai-nekavejoties-japartrauc-uguns-esosaja-frontes-linija","status":"publish","type":"post","link":"https:\/\/www.europesays.com\/lv\/30926\/","title":{"rendered":"Tramps izvirza ultim\u0101tu Ukrainai: nekav\u0113joties j\u0101p\u0101rtrauc uguns eso\u0161aj\u0101 frontes l\u012bnij\u0101"},"content":{"rendered":"<p>TV24 raid\u012bjum\u0101 \u201cAktu\u0101lais par karadarb\u012bbu Ukrain\u0101\u201d NBS majors, Zemessardzes \u0161t\u0101ba virsnieks J\u0101nis Slaidi\u0146\u0161 apsprieda Ukrainas politologa Denisenko koment\u0101ru par Donalda Trampa jauno pl\u0101nu Ukrainai. Politologs nor\u0101d\u012bja, ka p\u0113c sarunas ar Ukrainas prezidentu Volodimiru Zelenski ASV prezidents Donalds Tramps faktiski izvirz\u012bjis ultim\u0101tu, pieprasot nekav\u0113joties p\u0101rtraukt uguni eso\u0161aj\u0101 frontes l\u012bnij\u0101.<\/p>\n<p>        Las\u012bt\u0101kie<br \/>\n        <a data-imagesrc=\"{&quot;300&quot;:&quot;https:\\\/\\\/lastatic.ams3.cdn.digitaloceanspaces.com\\\/2020\\\/01\\\/zodiaki-300x222.jpg&quot;,&quot;768&quot;:&quot;https:\\\/\\\/lastatic.ams3.cdn.digitaloceanspaces.com\\\/2020\\\/01\\\/zodiaki-768x569.jpg&quot;,&quot;1024&quot;:&quot;https:\\\/\\\/lastatic.ams3.cdn.digitaloceanspaces.com\\\/2020\\\/01\\\/zodiaki-1024x759.jpg&quot;,&quot;200&quot;:&quot;https:\\\/\\\/lastatic.ams3.cdn.digitaloceanspaces.com\\\/2020\\\/01\\\/zodiaki-200x148.jpg&quot;,&quot;400&quot;:&quot;https:\\\/\\\/lastatic.ams3.cdn.digitaloceanspaces.com\\\/2020\\\/01\\\/zodiaki-400x297.jpg&quot;,&quot;500&quot;:&quot;https:\\\/\\\/lastatic.ams3.cdn.digitaloceanspaces.com\\\/2020\\\/01\\\/zodiaki-500x371.jpg&quot;,&quot;800&quot;:&quot;https:\\\/\\\/lastatic.ams3.cdn.digitaloceanspaces.com\\\/2020\\\/01\\\/zodiaki-800x593.jpg&quot;,&quot;1000&quot;:&quot;https:\\\/\\\/lastatic.ams3.cdn.digitaloceanspaces.com\\\/2020\\\/01\\\/zodiaki-1000x741.jpg&quot;,&quot;1133&quot;:&quot;https:\\\/\\\/lastatic.ams3.cdn.digitaloceanspaces.com\\\/2020\\\/01\\\/zodiaki.jpg&quot;}\" data-focuspoint=\"&quot;&quot;\" data-p=\"2455577\" href=\"https:\/\/www.la.lv\/es-esmu-tev-lidzas-5-pazimes-ka-tavi-milie-no-aizsaules-joprojam-ir-tuvuma-un-sarga\" class=\"content-item lazy-load\" wp_automatic_readability=\"27\" rel=\"nofollow noopener\" target=\"_blank\"><\/p>\n<p>                                <img decoding=\"async\" src=\"\" alt=\"\" style=\"\" data-imageid=\"\"\/><\/p>\n<p>\n                                                \u201cEs esmu tev l\u012bdz\u0101s\u2026\u201d 5 paz\u012bmes, ka tavi m\u012b\u013cie no aizsaules joproj\u0101m ir tuvum\u0101 un sarg\u0101\n                            <\/p>\n<p><\/a><a data-imagesrc=\"{&quot;300&quot;:&quot;https:\\\/\\\/lastatic.ams3.cdn.digitaloceanspaces.com\\\/2024\\\/11\\\/WhatsApp-Image-2024-11-07-at-14.58.11-300x200.jpeg&quot;,&quot;1024&quot;:&quot;https:\\\/\\\/lastatic.ams3.cdn.digitaloceanspaces.com\\\/2024\\\/11\\\/WhatsApp-Image-2024-11-07-at-14.58.11-1024x682.jpeg&quot;,&quot;768&quot;:&quot;https:\\\/\\\/lastatic.ams3.cdn.digitaloceanspaces.com\\\/2024\\\/11\\\/WhatsApp-Image-2024-11-07-at-14.58.11-768x512.jpeg&quot;,&quot;1536&quot;:&quot;https:\\\/\\\/lastatic.ams3.cdn.digitaloceanspaces.com\\\/2024\\\/11\\\/WhatsApp-Image-2024-11-07-at-14.58.11-1536x1023.jpeg&quot;,&quot;200&quot;:&quot;https:\\\/\\\/lastatic.ams3.cdn.digitaloceanspaces.com\\\/2024\\\/11\\\/WhatsApp-Image-2024-11-07-at-14.58.11-200x133.jpeg&quot;,&quot;400&quot;:&quot;https:\\\/\\\/lastatic.ams3.cdn.digitaloceanspaces.com\\\/2024\\\/11\\\/WhatsApp-Image-2024-11-07-at-14.58.11-400x267.jpeg&quot;,&quot;500&quot;:&quot;https:\\\/\\\/lastatic.ams3.cdn.digitaloceanspaces.com\\\/2024\\\/11\\\/WhatsApp-Image-2024-11-07-at-14.58.11-500x333.jpeg&quot;,&quot;800&quot;:&quot;https:\\\/\\\/lastatic.ams3.cdn.digitaloceanspaces.com\\\/2024\\\/11\\\/WhatsApp-Image-2024-11-07-at-14.58.11-800x533.jpeg&quot;,&quot;1000&quot;:&quot;https:\\\/\\\/lastatic.ams3.cdn.digitaloceanspaces.com\\\/2024\\\/11\\\/WhatsApp-Image-2024-11-07-at-14.58.11-1000x666.jpeg&quot;,&quot;1600&quot;:&quot;https:\\\/\\\/lastatic.ams3.cdn.digitaloceanspaces.com\\\/2024\\\/11\\\/WhatsApp-Image-2024-11-07-at-14.58.11.jpeg&quot;}\" data-focuspoint=\"&quot;&quot;\" data-p=\"2455587\" href=\"https:\/\/www.la.lv\/mezaziem-deretu-paleninat-tempu-bet-auniem-bus-energijas-piepludums-nedelas-nogales-horoskops\" class=\"content-item lazy-load\" wp_automatic_readability=\"27\" rel=\"nofollow noopener\" target=\"_blank\"><\/p>\n<p>                                <img decoding=\"async\" src=\"\" alt=\"\" style=\"\" data-imageid=\"\"\/><\/p>\n<p>                                Kokteilis<\/p>\n<p>\n                                                Me\u017e\u0101\u017eiem der\u0113tu pal\u0113nin\u0101t tempu, bet Auniem b\u016bs ener\u0123ijas piepl\u016bdums. Ned\u0113\u013cas nogales horoskops\n                            <\/p>\n<p><\/a><a data-imagesrc=\"{&quot;300&quot;:&quot;https:\\\/\\\/lastatic.ams3.cdn.digitaloceanspaces.com\\\/2025\\\/10\\\/FotoJet-13-1-1024x683-1-300x200.jpg&quot;,&quot;500&quot;:&quot;https:\\\/\\\/lastatic.ams3.cdn.digitaloceanspaces.com\\\/2025\\\/10\\\/FotoJet-13-1-1024x683-1-500x333.jpg&quot;,&quot;800&quot;:&quot;https:\\\/\\\/lastatic.ams3.cdn.digitaloceanspaces.com\\\/2025\\\/10\\\/FotoJet-13-1-1024x683-1-800x534.jpg&quot;,&quot;1024&quot;:&quot;https:\\\/\\\/lastatic.ams3.cdn.digitaloceanspaces.com\\\/2025\\\/10\\\/FotoJet-13-1-1024x683-1.jpg&quot;}\" data-focuspoint=\"&quot;&quot;\" data-p=\"2455597\" href=\"https:\/\/www.la.lv\/pie-suniem-ierados-3-stundas-pec-vinu-nosausanas-stingumam-vel-nevajadzeja-but-modris-dalas-ar-mulsinosiem-faktiem-par-nosautajiem-suniem\" class=\"content-item lazy-load\" wp_automatic_readability=\"27\" rel=\"nofollow noopener\" target=\"_blank\"><\/p>\n<p>                                <img decoding=\"async\" src=\"\" alt=\"\" style=\"\" data-imageid=\"\"\/><\/p>\n<p>                                            \u201cPie su\u0146iem ierados 3 stundas p\u0113c vi\u0146u no\u0161au\u0161anas, stingumam v\u0113l nevajadz\u0113ja b\u016bt\u2026\u201d Modris dal\u0101s ar mulsino\u0161iem faktiem<\/p>\n<p><\/a><br \/>\n        <a class=\"read-more\" href=\"https:\/\/www.la.lv\/top\" rel=\"nofollow noopener\" target=\"_blank\">Las\u012bt citas zi\u0146as<\/a><\/p>\n<p>Politologs uzsv\u0113ra, ka Trampa galven\u0101 pras\u012bba bijusi uguns p\u0101rtrauk\u0161ana pa\u0161reiz\u0113j\u0101 frontes l\u012bnij\u0101. Kremlis uz \u0161o pazi\u0146ojumu pagaid\u0101m nav rea\u0123\u0113jis, kas var\u0113tu liecin\u0101t vai nu par gatavo\u0161anos piekrist \u0161\u0101dai formulai, vai ar\u012b par kategorisku atteikumu.<\/p>\n<p>Krievijas mediji piln\u012bb\u0101 ignor\u0113 Trampa pazi\u0146ojumu par frontes l\u012bnij\u0101m. \u0160\u0101da vienpr\u0101t\u012bba, visticam\u0101k, iesp\u0113jama tikai ar tie\u0161iem Krem\u013ca r\u012bkojumiem. Pa\u0161laik ir gr\u016bti saprast, k\u0101ds ir \u0161\u012bs klus\u0113\u0161anas iemesls, ta\u010du past\u0101v aizdomas, ka Krievija var\u0113tu pateikt \u201cn\u0113\u201d Budape\u0161tai. <\/p>\n<p>    CITI \u0160OBR\u012aD LASA<\/p>\n<p>Politologs nor\u0101da, ka \u0161obr\u012bd otraj\u0101 pl\u0101n\u0101 paliek jaut\u0101jums par retzemju met\u0101lu ieguves licenc\u0113m Krievijas zieme\u013cos, amerik\u0101\u0146u uz\u0146\u0113mumiem. P\u0113c sarunas ar Vladimiru Putinu Tramps pazi\u0146oja, ka sagaida ekonomisko projektu s\u0101k\u0161anu p\u0113c miera l\u012bguma nosl\u0113g\u0161anas.<\/p>\n<p>Eksperti uzskata, ka tas var\u0113tu k\u013c\u016bt par da\u013cu no Budape\u0161tas vieno\u0161an\u0101s, ja t\u0101 visp\u0101r notiks. \u0160obr\u012bd Putins saskaras ar \u012bpa\u0161i sare\u017e\u0123\u012btu situ\u0101ciju, jo \u0136\u012bna, kas jau ir blo\u0137\u0113jusi retzemju met\u0101lu eksportu, noteikti iebild\u012bs pret \u0161\u0101diem pl\u0101niem. Pa\u0161laik \u0136\u012bna kontrol\u0113 aptuveni 70% \u0161o met\u0101lu ieguves un 90% to p\u0101rstr\u0101des.<\/p>\n<p>Tas ir trieciens ne tikai kosmosa un elektronikas r\u016bpniec\u012bbai, bet ar\u012b aizsardz\u012bbas, medic\u012bnas un autob\u016bves nozarei. Nav nosl\u0113pums, ka Kremlis jau iepriek\u0161 pied\u0101v\u0101jis Trampa administr\u0101cijai kop\u012bgi att\u012bst\u012bt Krievijas retzemju met\u0101lu atradnes un to ieguvi.<\/p>\n<p>Slaidi\u0146\u0161 skaidro: \u201cKam\u0113r Krievija karo ar Ukrainu, tikm\u0113r starp ASV un \u0136\u012bnu norisin\u0101s tirdzniec\u012bbas kar\u0161.\u201d<\/p>\n<p>T\u0113mas<\/p>\n<p>    SAIST\u012aTIE RAKSTI<\/p>\n","protected":false},"excerpt":{"rendered":"TV24 raid\u012bjum\u0101 \u201cAktu\u0101lais par karadarb\u012bbu Ukrain\u0101\u201d NBS majors, Zemessardzes \u0161t\u0101ba virsnieks J\u0101nis Slaidi\u0146\u0161 apsprieda Ukrainas politologa Denisenko koment\u0101ru&hellip;\n","protected":false},"author":2,"featured_media":30927,"comment_status":"","ping_status":"","sticky":false,"template":"","format":"standard","meta":{"footnotes":""},"categories":[5],"tags":[23,28,29,32,33,22,30,31,35,39,38,36,37,34,40,20,26,27,24,25,21],"class_list":{"0":"post-30926","1":"post","2":"type-post","3":"status-publish","4":"format-standard","5":"has-post-thumbnail","7":"category-aktualitates","8":"tag-aktualitates","9":"tag-breaking-news","10":"tag-breakingnews","11":"tag-featured-news","12":"tag-featurednews","13":"tag-headlines","14":"tag-latest-news","15":"tag-latestnews","16":"tag-latvia","17":"tag-latvian","18":"tag-latviesu","19":"tag-latviesu-valoda","20":"tag-latviesuvaloda","21":"tag-latvija","22":"tag-lv","23":"tag-news","24":"tag-popularakas-zinas","25":"tag-popularakaszinas","26":"tag-top-stories","27":"tag-topstories","28":"tag-zinas"},"share_on_mastodon":{"url":"https:\/\/pubeurope.com\/@lv\/115435925865036184","error":""},"_links":{"self":[{"href":"https:\/\/www.europesays.com\/lv\/wp-json\/wp\/v2\/posts\/30926","targetHints":{"allow":["GET"]}}],"collection":[{"href":"https:\/\/www.europesays.com\/lv\/wp-json\/wp\/v2\/posts"}],"about":[{"href":"https:\/\/www.europesays.com\/lv\/wp-json\/wp\/v2\/types\/post"}],"author":[{"embeddable":true,"href":"https:\/\/www.europesays.com\/lv\/wp-json\/wp\/v2\/users\/2"}],"replies":[{"embeddable":true,"href":"https:\/\/www.europesays.com\/lv\/wp-json\/wp\/v2\/comments?post=30926"}],"version-history":[{"count":0,"href":"https:\/\/www.europesays.com\/lv\/wp-json\/wp\/v2\/posts\/30926\/revisions"}],"wp:featuredmedia":[{"embeddable":true,"href":"https:\/\/www.europesays.com\/lv\/wp-json\/wp\/v2\/media\/30927"}],"wp:attachment":[{"href":"https:\/\/www.europesays.com\/lv\/wp-json\/wp\/v2\/media?parent=30926"}],"wp:term":[{"taxonomy":"category","embeddable":true,"href":"https:\/\/www.europesays.com\/lv\/wp-json\/wp\/v2\/categories?post=30926"},{"taxonomy":"post_tag","embeddable":true,"href":"https:\/\/www.europesays.com\/lv\/wp-json\/wp\/v2\/tags?post=30926"}],"curies":[{"name":"wp","href":"https:\/\/api.w.org\/{rel}","templated":true}]}}