{"id":30978,"date":"2025-10-25T18:46:12","date_gmt":"2025-10-25T18:46:12","guid":{"rendered":"https:\/\/www.europesays.com\/lv\/30978\/"},"modified":"2025-10-25T18:46:12","modified_gmt":"2025-10-25T18:46:12","slug":"putina-sutnis-dmitrijevs-ieradies-asv","status":"publish","type":"post","link":"https:\/\/www.europesays.com\/lv\/30978\/","title":{"rendered":"Putina s\u016btnis Dmitrijevs ieradies ASV"},"content":{"rendered":"<p>Krievijas diktatora Vladimira Putina \u012bpa\u0161ais s\u016btnis un Krievijas Tie\u0161o invest\u012bciju fonda vad\u012bt\u0101js Kirils Dmitrijevs ieradies ASV uz ofici\u0101l\u0101m sarun\u0101m, v\u0113sta telekan\u0101ls CNN, atsaucoties uz inform\u0113tiem avotiem.<\/p>\n<p>Dmitrijevam pl\u0101nots tikties ar ASV prezidenta Donalda Trampa administr\u0101cijas amatperson\u0101m, lai &#8220;turpin\u0101tu apspriest attiec\u012bbas starp ASV un Krieviju&#8221;. Izdevums &#8220;Axios&#8221; v\u0113sta, ka vi\u0146am ned\u0113\u013cas nogal\u0113 Maiami paredz\u0113ts tikties ar Trampa s\u016btni St\u012bvu Vitkofu.<\/p>\n<p>Viz\u012bte notiek laik\u0101, kad ASV pieaug neapmierin\u0101t\u012bba ar Krem\u013ca atteik\u0161anos izbeigt karu Ukrain\u0101 un neilgi p\u0113c Trampa pazi\u0146ojuma, ka vi\u0146\u0161 atce\u013c pl\u0101noto samitu ar Putinu.<\/p>\n<p>Trampa administr\u0101cija tre\u0161dien noteica sankcijas diviem liel\u0101kajiem Krievijas naftas uz\u0146\u0113mumiem &#8220;Ros\u0146eftj&#8221; un &#8220;Lukoil&#8221;, \u0161\u0101di v\u0113r\u0161ot papildu spiedienu uz Maskavu centienos pan\u0101kt, ka t\u0101 piekr\u012bt pamieram kar\u0101 ar Ukrainu.<\/p>\n<p>P\u0113c Krievijas pilna m\u0113roga iebrukuma Ukrain\u0101 2022. gada febru\u0101r\u012b ASV Finan\u0161u ministrija noteica sankcijas Dmitrijevam, raksturojot vi\u0146u k\u0101 &#8220;tuvu Putina l\u012bdzgaitnieku&#8221;.<\/p>\n<p>Apr\u012bl\u012b Dmitrijevs k\u013cuva par pirmo Krievijas amatpersonu, kas apmekl\u0113 Va\u0161ingtonu kop\u0161 Krievijas 2022. gada iebrukuma Ukrain\u0101.<\/p>\n<p>Viz\u012btes gait\u0101 vi\u0146\u0161 tik\u0101s ar Vitkofu, un t\u0101 tika uzskat\u012bta par svar\u012bgu soli Krem\u013ca un Balt\u0101 nama attiec\u012bbu uzlabo\u0161anas virzien\u0101.<\/p>\n<p>Apr\u012bl\u012b avots CNN atkl\u0101ja, ka ASV vald\u012bba uz laiku atc\u0113lusi Dmitrijevam noteikt\u0101s sankcijas, lai Valsts departaments var\u0113tu izsniegt vi\u0146am v\u012bzu iece\u013co\u0161anai ASV.<\/p>\n<p><img decoding=\"async\" src=\"https:\/\/www.europesays.com\/lv\/wp-content\/uploads\/2025\/10\/921e721d46ce49ac5db6a454573928b3.jpg\" title=\"Foto: EPA\/MAXIM SHIPENKOV\/Scanpix\" alt=\"Foto: EPA\/MAXIM SHIPENKOV\/Scanpix\"\/><\/p>\n<p class=\"article-img-desc\">Foto: EPA\/MAXIM SHIPENKOV\/Scanpix<\/p>\n","protected":false},"excerpt":{"rendered":"Krievijas diktatora Vladimira Putina \u012bpa\u0161ais s\u016btnis un Krievijas Tie\u0161o invest\u012bciju fonda vad\u012bt\u0101js Kirils Dmitrijevs ieradies ASV uz ofici\u0101l\u0101m&hellip;\n","protected":false},"author":2,"featured_media":30979,"comment_status":"","ping_status":"","sticky":false,"template":"","format":"standard","meta":{"footnotes":""},"categories":[14],"tags":[129,2334,957,23,57,28,29,32,33,22,30,31,35,39,38,36,37,34,40,20,26,27,958,2335,959,2336,24,25,54,55,56,21,58],"class_list":{"0":"post-30978","1":"post","2":"type-post","3":"status-publish","4":"format-standard","5":"has-post-thumbnail","7":"category-zinas-no-arvalstim","8":"tag-__typenameadvicekeyword","9":"tag-id554","10":"tag-id597","11":"tag-aktualitates","12":"tag-arvalstim","13":"tag-breaking-news","14":"tag-breakingnews","15":"tag-featured-news","16":"tag-featurednews","17":"tag-headlines","18":"tag-latest-news","19":"tag-latestnews","20":"tag-latvia","21":"tag-latvian","22":"tag-latviesu","23":"tag-latviesu-valoda","24":"tag-latviesuvaloda","25":"tag-latvija","26":"tag-lv","27":"tag-news","28":"tag-popularakas-zinas","29":"tag-popularakaszinas","30":"tag-slugasv","31":"tag-slugkrievija","32":"tag-titleasv","33":"tag-titlekrievija","34":"tag-top-stories","35":"tag-topstories","36":"tag-world","37":"tag-world-news","38":"tag-worldnews","39":"tag-zinas","40":"tag-zinas-no-arvalstim"},"share_on_mastodon":{"url":"https:\/\/pubeurope.com\/@lv\/115436295541202728","error":""},"_links":{"self":[{"href":"https:\/\/www.europesays.com\/lv\/wp-json\/wp\/v2\/posts\/30978","targetHints":{"allow":["GET"]}}],"collection":[{"href":"https:\/\/www.europesays.com\/lv\/wp-json\/wp\/v2\/posts"}],"about":[{"href":"https:\/\/www.europesays.com\/lv\/wp-json\/wp\/v2\/types\/post"}],"author":[{"embeddable":true,"href":"https:\/\/www.europesays.com\/lv\/wp-json\/wp\/v2\/users\/2"}],"replies":[{"embeddable":true,"href":"https:\/\/www.europesays.com\/lv\/wp-json\/wp\/v2\/comments?post=30978"}],"version-history":[{"count":0,"href":"https:\/\/www.europesays.com\/lv\/wp-json\/wp\/v2\/posts\/30978\/revisions"}],"wp:featuredmedia":[{"embeddable":true,"href":"https:\/\/www.europesays.com\/lv\/wp-json\/wp\/v2\/media\/30979"}],"wp:attachment":[{"href":"https:\/\/www.europesays.com\/lv\/wp-json\/wp\/v2\/media?parent=30978"}],"wp:term":[{"taxonomy":"category","embeddable":true,"href":"https:\/\/www.europesays.com\/lv\/wp-json\/wp\/v2\/categories?post=30978"},{"taxonomy":"post_tag","embeddable":true,"href":"https:\/\/www.europesays.com\/lv\/wp-json\/wp\/v2\/tags?post=30978"}],"curies":[{"name":"wp","href":"https:\/\/api.w.org\/{rel}","templated":true}]}}