{"id":30997,"date":"2025-10-25T19:09:07","date_gmt":"2025-10-25T19:09:07","guid":{"rendered":"https:\/\/www.europesays.com\/lv\/30997\/"},"modified":"2025-10-25T19:09:07","modified_gmt":"2025-10-25T19:09:07","slug":"tesla-steidzami-atsauks-vairak-neka-63-tukstosus-cybertruck-prieksejo-lukturu-programmaturas-del-lente-lv","status":"publish","type":"post","link":"https:\/\/www.europesays.com\/lv\/30997\/","title":{"rendered":"Tesla steidzami atsauks vair\u0101k nek\u0101 63 t\u016bksto\u0161us Cybertruck priek\u0161\u0113jo lukturu programmat\u016bras d\u0113\u013c\u00a0\u2014\u00a0Lente.lv"},"content":{"rendered":"<p>Tesla atjauno savus Cybertruck, nov\u0113r\u0161ot priek\u0161\u0113jo lukturu probl\u0113mu<\/p>\n<p>Pasaul\u0113 liel\u0101kais elektrisko transportl\u012bdzek\u013cu ra\u017eot\u0101js Tesla ir uzs\u0101cis pla\u0161u atsaukumu, kas sk\u0101ris vair\u0101k nek\u0101 63 000 savu novatorisko Cybertruck pikapu. \u0160\u012b masveida atsaukuma iemesls ir programmat\u016bras k\u013c\u016bda, kas ietekm\u0113 priek\u0161\u0113jo gabar\u012btu lukturu spilgtumu. Saska\u0146\u0101 ar Tesla sniegto inform\u0101ciju, \u0161\u012b tehnisk\u0101 nepiln\u012bba padara lukturus p\u0101r\u0101k intens\u012bvus, radot potenci\u0101lu apdraud\u0113jumu satiksmei.<\/p>\n<p>Spilgtais starojums var ap\u017eilbin\u0101t pret\u012b brauco\u0161os vad\u012bt\u0101jus, b\u016btiski pasliktinot vi\u0146u redzam\u012bbu un palielinot ce\u013cu satiksmes negad\u012bjumu risku. \u0160\u012b k\u013c\u016bda skar visus Cybertruck mode\u013cus, kas sara\u017eoti laika posm\u0101 no 2023. gada 13. novembra l\u012bdz pat 2025. gada 11. oktobrim. \u0160is pla\u0161ais perioda aptv\u0113rums noz\u012bm\u0113, ka atsaukums faktiski ietver gandr\u012bz visus l\u012bdz \u0161im sara\u017eotos un pieg\u0101d\u0101tos Cybertruck eksempl\u0101rus.<\/p>\n<p>Bezmaksas programmat\u016bras atjaunin\u0101jums \u2013 \u0113rts risin\u0101jums<\/p>\n<p>Par laimi, Tesla ir sp\u0113rusi operat\u012bvus so\u013cus, lai nov\u0113rstu radu\u0161os probl\u0113mu. Uz\u0146\u0113mums jau ir izlaidis bezmaksas bezvadu programmat\u016bras (OTA) atjaunin\u0101jumu. \u0160is risin\u0101jums ir ne tikai efekt\u012bvs, bet ar\u012b \u0101rk\u0101rt\u012bgi \u0113rts automa\u0161\u012bnu \u012bpa\u0161niekiem. Vi\u0146iem nav nepiecie\u0161ams apmekl\u0113t Tesla servisa centru, lai veiktu nepiecie\u0161amos labojumus. Atjaunin\u0101jums tiks veikts autom\u0101tiski, nodro\u0161inot, ka visas 63 619 automa\u0161\u012bnas dr\u012bzum\u0101 darbosies dro\u0161i.<\/p>\n<p>Tesla p\u0101rst\u0101vji uzsv\u0113ra, ka l\u012bdz \u0161im nav sa\u0146emti nek\u0101di zi\u0146ojumi par ce\u013cu satiksmes negad\u012bjumiem, savainojumiem vai tra\u0123\u0113dij\u0101m, kas b\u016btu tie\u0161i saist\u012bti ar \u0161o specifisko tehnisko defektu. Tas liecina par Tesla sp\u0113ju \u0101tri rea\u0123\u0113t un nov\u0113rst potenci\u0101l\u0101s briesmas, pirms t\u0101s ir materializ\u0113ju\u0161\u0101s.<\/p>\n<p>Citas Tesla atsaukuma kampa\u0146as un dro\u0161\u012bbas izmekl\u0113\u0161anas<\/p>\n<p>\u0160is nav vien\u012bgais nesenais Tesla atsaukums. Neskaidr\u012bbu nov\u0113r\u0161anai uz\u0146\u0113mums jau iepriek\u0161 veica l\u012bdz\u012bgu pas\u0101kumu, kas sk\u0101ra 12 963 Model 3 un Model Y automa\u0161\u012bnas. \u0160aj\u0101 gad\u012bjum\u0101 probl\u0113ma bija saist\u012bta ar defekt\u012bvu akumulatora bloka komponenti, kas var\u0113ja izrais\u012bt p\u0113k\u0161\u0146us vilces zudumus kust\u012bbas laik\u0101. \u0160\u0101ds defekts b\u016btiski palielina av\u0101riju risku uz ce\u013ca.<\/p>\n<p>Taj\u0101 pa\u0161\u0101 laik\u0101 ASV Nacion\u0101l\u0101 ce\u013cu satiksmes dro\u0161\u012bbas p\u0101rvalde (NHTSA) ir uzs\u0101kusi pla\u0161u izmekl\u0113\u0161anu, kas aptver 2,88 miljonus Tesla automa\u0161\u012bnu. \u0160\u012bs p\u0101rbaudes centr\u0101 ir uz\u0146\u0113muma piln\u012bb\u0101 autonom\u0101s brauk\u0161anas sist\u0113ma (Full Self-Driving jeb FSD). Izmekl\u0113\u0161ana tika uzs\u0101kta p\u0113c vair\u0101k nek\u0101 50 zi\u0146ojumiem par satiksmes noteikumu p\u0101rk\u0101pumiem un virkni negad\u012bjumu, kas saist\u012bti ar \u0161\u012bs sist\u0113mas darb\u012bbu. Tas liecina par pastiprin\u0101tu regulatoru uzman\u012bbu pret jaunaj\u0101m automa\u0161\u012bnu tehnolo\u0123ij\u0101m un to dro\u0161umu.<\/p>\n","protected":false},"excerpt":{"rendered":"Tesla atjauno savus Cybertruck, nov\u0113r\u0161ot priek\u0161\u0113jo lukturu probl\u0113mu Pasaul\u0113 liel\u0101kais elektrisko transportl\u012bdzek\u013cu ra\u017eot\u0101js Tesla ir uzs\u0101cis pla\u0161u atsaukumu,&hellip;\n","protected":false},"author":2,"featured_media":30998,"comment_status":"","ping_status":"","sticky":false,"template":"","format":"standard","meta":{"footnotes":""},"categories":[19],"tags":[9349,6721,334,89,90,35,39,38,36,37,34,9350,40,81],"class_list":{"0":"post-30997","1":"post","2":"type-post","3":"status-publish","4":"format-standard","5":"has-post-thumbnail","7":"category-izklaide","8":"tag-atsaukums","9":"tag-cybertruck","10":"tag-drosiba","11":"tag-entertainment","12":"tag-izklaide","13":"tag-latvia","14":"tag-latvian","15":"tag-latviesu","16":"tag-latviesu-valoda","17":"tag-latviesuvaloda","18":"tag-latvija","19":"tag-lukturi","20":"tag-lv","21":"tag-tesla"},"share_on_mastodon":{"url":"https:\/\/pubeurope.com\/@lv\/115436385923945788","error":""},"_links":{"self":[{"href":"https:\/\/www.europesays.com\/lv\/wp-json\/wp\/v2\/posts\/30997","targetHints":{"allow":["GET"]}}],"collection":[{"href":"https:\/\/www.europesays.com\/lv\/wp-json\/wp\/v2\/posts"}],"about":[{"href":"https:\/\/www.europesays.com\/lv\/wp-json\/wp\/v2\/types\/post"}],"author":[{"embeddable":true,"href":"https:\/\/www.europesays.com\/lv\/wp-json\/wp\/v2\/users\/2"}],"replies":[{"embeddable":true,"href":"https:\/\/www.europesays.com\/lv\/wp-json\/wp\/v2\/comments?post=30997"}],"version-history":[{"count":0,"href":"https:\/\/www.europesays.com\/lv\/wp-json\/wp\/v2\/posts\/30997\/revisions"}],"wp:featuredmedia":[{"embeddable":true,"href":"https:\/\/www.europesays.com\/lv\/wp-json\/wp\/v2\/media\/30998"}],"wp:attachment":[{"href":"https:\/\/www.europesays.com\/lv\/wp-json\/wp\/v2\/media?parent=30997"}],"wp:term":[{"taxonomy":"category","embeddable":true,"href":"https:\/\/www.europesays.com\/lv\/wp-json\/wp\/v2\/categories?post=30997"},{"taxonomy":"post_tag","embeddable":true,"href":"https:\/\/www.europesays.com\/lv\/wp-json\/wp\/v2\/tags?post=30997"}],"curies":[{"name":"wp","href":"https:\/\/api.w.org\/{rel}","templated":true}]}}