{"id":30999,"date":"2025-10-25T19:14:12","date_gmt":"2025-10-25T19:14:12","guid":{"rendered":"https:\/\/www.europesays.com\/lv\/30999\/"},"modified":"2025-10-25T19:14:12","modified_gmt":"2025-10-25T19:14:12","slug":"kreisajiem-spekiem-jaunais-irijas-prezidents-katarina-konolija-uzvar-parliecinosi-lente-lv","status":"publish","type":"post","link":"https:\/\/www.europesays.com\/lv\/30999\/","title":{"rendered":"Kreisajiem sp\u0113kiem jaunais \u012arijas prezidents: Katar\u012bna Konolija uzvar p\u0101rliecino\u0161i\u00a0\u2014\u00a0Lente.lv"},"content":{"rendered":"<p>Kreisajiem sp\u0113kiem jaunais \u012arijas prezidents<\/p>\n<p>Katar\u012bna Konolija, neatkar\u012bg\u0101 kandid\u0101te ar kreisu ievirzi, ir p\u0101rliecino\u0161i uzvar\u0113jusi \u012arijas prezidenta v\u0113l\u0113\u0161an\u0101s. Vi\u0146as centriski lab\u0113j\u0101 pretiniece Heter Humfriza no Fine Gael partijas jau agr\u012bn\u0101s balso\u0161anas apl\u0113s\u0113s atzina sak\u0101vi, apsveicot Konoliju ar uzvaru.<\/p>\n<p>\u0160is rezult\u0101ts iez\u012bm\u0113 noz\u012bm\u012bgu pav\u0113rsienu \u012arijas politik\u0101, dodot priek\u0161roku kandid\u0101tei, kuru atbalst\u012bjis pla\u0161s kreiso partiju spektrs, tostarp Sinn F\u00e9in, Leiboristu partija un Soci\u0101ldemokr\u0101ti. Konolija, 68 gadus veca bijus\u012b juriste, jau kop\u0161 2016. gada sevi d\u0113v\u0113 par neatkar\u012bgu likumdev\u0113ju.<\/p>\n<p>Konolijas politiskais redz\u0113jums un priorit\u0101tes<\/p>\n<p>Konolija savas kampa\u0146as laik\u0101 stingri kritiz\u0113jusi gan Eiropas Savien\u012bbu, gan Amerikas Savienot\u0101s Valstis. Vi\u0146a \u012bpa\u0161i nosod\u012bjusi ES pl\u0101nus palielin\u0101t milit\u0101ros izdevumus, k\u0101 ar\u012b paudusi ska\u013cus iebildumus pret Izra\u0113las milit\u0101ro ofens\u012bvu Gazas josl\u0101. Vi\u0146as kritisko nost\u0101ju pret aktu\u0101lajiem starptautiskajiem notikumiem ir atzin\u012bgi nov\u0113rt\u0113ju\u0161i daudzi v\u0113l\u0113t\u0101ji.<\/p>\n<p>Ieg\u016bstot iev\u0113rojamu atbalstu jaunie\u0161u vid\u016b, Konolija ir nor\u0101d\u012bjusi uz vald\u012bbas politikas neveiksm\u0113m, \u012bpa\u0161i attiec\u012bb\u0101 uz m\u0101jok\u013cu kr\u012bzi, kuru vi\u0146a uzskata par vienu no aktu\u0101l\u0101kaj\u0101m probl\u0113m\u0101m valst\u012b. \u0160\u012b probl\u0113ma ir likusi daudziem jaunie\u0161iem un \u0123imen\u0113m saskarties ar nopietn\u0101m gr\u016bt\u012bb\u0101m.<\/p>\n<p>V\u0113l\u0113\u0161anu process un kandid\u0101tu izst\u0101\u0161an\u0101s<\/p>\n<p>S\u0101kotn\u0113ji prezidenta amata izv\u0113l\u0113 piedal\u012bj\u0101s tr\u012bs kandid\u0101ti. Tom\u0113r premjerministra Mi\u0161ela M\u0101rtina p\u0101rst\u0101v\u0113t\u0101s Fianna F\u00e1il partijas kandid\u0101ts D\u017eims Gevins negaid\u012bti izst\u0101j\u0101s no sacens\u012bbas sakar\u0101 ar finansi\u0101lu str\u012bdu, kas radies jau 2009. gad\u0101. Lai gan Gevins izst\u0101j\u0101s, vi\u0146a v\u0101rds palika uz balso\u0161anas bi\u013ceteniem, kas var\u0113tu rad\u012bt nelielu neskaidr\u012bbu da\u013cai v\u0113l\u0113t\u0101ju.<\/p>\n<p>Prezidenta loma \u012arij\u0101<\/p>\n<p>\u012arijas prezidents pilda galvenok\u0101rt ceremoni\u0101las funkcijas. Vi\u0146\u0161 p\u0101rst\u0101v valsti starptautiskaj\u0101 ar\u0113n\u0101, uz\u0146em \u0101rvalstu deleg\u0101cijas un l\u012bderus, k\u0101 ar\u012b \u012bsteno noteiktas konstitucion\u0101l\u0101s pilnvaras. Tom\u0113r svar\u012bgi uzsv\u0113rt, ka prezidentam nav ties\u012bbu ietekm\u0113t likumu pie\u0146em\u0161anu vai vald\u012bbas politikas virzienus. \u0160\u012b loma ir vair\u0101k simboliska un reprezentat\u012bva.<\/p>\n<blockquote>\n<p>Heter Humfriza, atz\u012bstot savu sak\u0101vi, teica: \u201eKatar\u012bna b\u016bs visu m\u016bsu prezidente, un vi\u0146a b\u016bs mana prezidente, un es vi\u0146ai \u013coti, \u013coti v\u0113lu visu to lab\u0101ko.\u201d<\/p>\n<\/blockquote>\n<p>Konolijas uzvara ir svar\u012bgs sign\u0101ls par sabiedr\u012bbas noska\u0146ojumu un v\u0113lm\u0113m p\u0113c p\u0101rmai\u0146\u0101m \u012arijas politiskaj\u0101 ainav\u0101. Vi\u0146as skaidri defin\u0113t\u0101 nost\u0101ja pret starptautisko politiku un iek\u0161zemes probl\u0113m\u0101m liecina par jaunu prezidentes \u0113ras s\u0101kumu.<\/p>\n","protected":false},"excerpt":{"rendered":"Kreisajiem sp\u0113kiem jaunais \u012arijas prezidents Katar\u012bna Konolija, neatkar\u012bg\u0101 kandid\u0101te ar kreisu ievirzi, ir p\u0101rliecino\u0161i uzvar\u0113jusi \u012arijas prezidenta v\u0113l\u0113\u0161an\u0101s.&hellip;\n","protected":false},"author":2,"featured_media":31000,"comment_status":"","ping_status":"","sticky":false,"template":"","format":"standard","meta":{"footnotes":""},"categories":[5],"tags":[23,28,29,32,33,9354,22,9355,9352,9351,30,31,35,39,38,36,37,34,40,20,26,27,9353,24,25,21],"class_list":{"0":"post-30999","1":"post","2":"type-post","3":"status-publish","4":"format-standard","5":"has-post-thumbnail","7":"category-aktualitates","8":"tag-aktualitates","9":"tag-breaking-news","10":"tag-breakingnews","11":"tag-featured-news","12":"tag-featurednews","13":"tag-fine-gael","14":"tag-headlines","15":"tag-heter-humfriza","16":"tag-irijas-prezidents","17":"tag-katarina-konolija","18":"tag-latest-news","19":"tag-latestnews","20":"tag-latvia","21":"tag-latvian","22":"tag-latviesu","23":"tag-latviesu-valoda","24":"tag-latviesuvaloda","25":"tag-latvija","26":"tag-lv","27":"tag-news","28":"tag-popularakas-zinas","29":"tag-popularakaszinas","30":"tag-prezidenta-velesanas","31":"tag-top-stories","32":"tag-topstories","33":"tag-zinas"},"share_on_mastodon":{"url":"https:\/\/pubeurope.com\/@lv\/115436405721748197","error":""},"_links":{"self":[{"href":"https:\/\/www.europesays.com\/lv\/wp-json\/wp\/v2\/posts\/30999","targetHints":{"allow":["GET"]}}],"collection":[{"href":"https:\/\/www.europesays.com\/lv\/wp-json\/wp\/v2\/posts"}],"about":[{"href":"https:\/\/www.europesays.com\/lv\/wp-json\/wp\/v2\/types\/post"}],"author":[{"embeddable":true,"href":"https:\/\/www.europesays.com\/lv\/wp-json\/wp\/v2\/users\/2"}],"replies":[{"embeddable":true,"href":"https:\/\/www.europesays.com\/lv\/wp-json\/wp\/v2\/comments?post=30999"}],"version-history":[{"count":0,"href":"https:\/\/www.europesays.com\/lv\/wp-json\/wp\/v2\/posts\/30999\/revisions"}],"wp:featuredmedia":[{"embeddable":true,"href":"https:\/\/www.europesays.com\/lv\/wp-json\/wp\/v2\/media\/31000"}],"wp:attachment":[{"href":"https:\/\/www.europesays.com\/lv\/wp-json\/wp\/v2\/media?parent=30999"}],"wp:term":[{"taxonomy":"category","embeddable":true,"href":"https:\/\/www.europesays.com\/lv\/wp-json\/wp\/v2\/categories?post=30999"},{"taxonomy":"post_tag","embeddable":true,"href":"https:\/\/www.europesays.com\/lv\/wp-json\/wp\/v2\/tags?post=30999"}],"curies":[{"name":"wp","href":"https:\/\/api.w.org\/{rel}","templated":true}]}}