{"id":31001,"date":"2025-10-25T19:15:09","date_gmt":"2025-10-25T19:15:09","guid":{"rendered":"https:\/\/www.europesays.com\/lv\/31001\/"},"modified":"2025-10-25T19:15:09","modified_gmt":"2025-10-25T19:15:09","slug":"festivala-riga-iff-galveno-balvu-ieguvusi-lietuviesu-rezisora-vitauta-katkus-filma-viesis-raksts","status":"publish","type":"post","link":"https:\/\/www.europesays.com\/lv\/31001\/","title":{"rendered":"Festiv\u0101la Riga IFF galveno balvu ieguvusi lietuvie\u0161u re\u017eisora Vitauta Katkus filma \u00abViesis\u00bb \/ Raksts"},"content":{"rendered":"<p>Festiv\u0101la m\u0101jviet\u0101 &#8220;Splendid Palace&#8221; pulc\u0113jot konkursu dal\u012bbniekus, pa\u0161m\u0101ju un \u0101rzemju \u017e\u016brijas, festiv\u0101la viesus un apmekl\u0113t\u0101jus, Gerda Lapo\u0161kas re\u017eis\u0113t\u0101 ceremonij\u0101 godalgoti R\u012bgas Starptautisk\u0101 kino festiv\u0101la (Riga IFF) konkursu un nozares programmas laure\u0101ti. Riga IFF pilnmetr\u0101\u017eas filmu konkurs\u0101 galveno balvu ieguva lietuvie\u0161u re\u017eisora Vitauta Katkus filma &#8220;Viesis&#8221;, v\u0113sta festiv\u0101la r\u012bkot\u0101ji.<\/p>\n<p>Apsp\u0113l\u0113jot festiv\u0101la saukli &#8220;Redzi. Mainies. P\u0101rtopi&#8221;, Riga IFF apbalvo\u0161anas ceremonija, kuru ar\u012b \u0161ogad re\u017eis\u0113jis Gerds Lapo\u0161ka, rosin\u0101ja svin\u0113t p\u0101rmai\u0146as, ko skat\u012bt\u0101j\u0101 rada izmekl\u0113ta kino pieredze. Ceremonijas vad\u012bt\u0101ja gods festiv\u0101la 12. sezonas kulmin\u0101cij\u0101 tika uztic\u0113ts aktierim un re\u017eisoram Tomam Harjo, bet vakara gait\u0101 par muzik\u0101liem p\u0101rsteigumiem r\u016bp\u0113j\u0101s grupa &#8220;Alejas&#8221;.<\/p>\n<p>Par godalg\u0101m \u2013 m\u0101kslinieka Ervina Broka veidotaj\u0101m bronzas statuet\u0113m un balv\u0101m no festiv\u0101la atbalst\u012bt\u0101jiem &#8220;BBRental&#8221;, &#8220;BBPostHouse&#8221;, &#8220;Nafta Films&#8221;, &#8220;TV3&#8221;, &#8220;SWH TV&#8221;, &#8220;Erica Synths&#8221;, Oulu M\u016bzikas Video festiv\u0101la un &#8220;Lights On&#8221; \u2013 \u0161ogad sacent\u0101s 78 kino darbi. 11 dienu garum\u0101 \u017e\u016briju v\u0113rt\u0113jumam tika nodotas devi\u0146as pilnmetr\u0101\u017eas filmas no Baltijas j\u016bras re\u0123iona, 30 \u012bsfilmas no Latvijas un pasaules, k\u0101 ar\u012b 15 m\u016bzikas video, kuros kust\u012bg\u0101 att\u0113la un m\u016bzikas mijiedarb\u012bbu atkl\u0101ja Baltijas re\u017eisori un m\u016bzi\u0137i. T\u0101pat apbalvo\u0161anas ceremonij\u0101 tika godin\u0101ti ar\u012b festiv\u0101la nozares programmas Riga IFF &#8220;Forum&#8221; sada\u013cu\u00a0&#8220;Showcase&#8221; un &#8220;Short Riga Test Screenings&#8221; laure\u0101ti.<\/p>\n<blockquote>\n<p>Par Riga IFF galven\u0101 \u2013 pilnmetr\u0101\u017eas filmu konkursa \u2013\u00a0laure\u0101tu k\u013cuva re\u017eisora Vitauta Katkus filma\u00a0&#8220;Viesis&#8221;.<\/p>\n<\/blockquote>\n<p>\u017d\u016brija\u00a0koment\u0113\u00a0filmas izv\u0113li: &#8220;Film\u0101 ar patiesu emp\u0101tiju atainoti varo\u0146i ar tr\u016bkumiem, neattiecoties pret tiem k\u0101 fikcion\u0101liem konstruktiem, bet gan k\u0101 pilnasin\u012bgiem, elpojo\u0161iem indiv\u012bdiem.<\/p>\n<blockquote>\n<p>Ar gauso tempu\u00a0t\u0101 aicina skat\u012bt\u0101ju ien\u0101kt pasaul\u0113, kas ir reiz\u0113 gan int\u012bma, gan univers\u0101la. Izcilais operatodarbs fiks\u0113 mazpils\u0113tas dz\u012bves ritmu un skaistumu,<\/p>\n<\/blockquote>\n<p>kur aiz \u0161\u0137ietami klus\u0101s virsk\u0101rtas sl\u0113pjas dzi\u013cas emocion\u0101las straumes. Taj\u0101 nav \u0101r\u0113ja konflikta \u2013 tikai klusa, sp\u0113c\u012bga c\u012b\u0146a sev\u012b: sp\u0113ja atlaist va\u013c\u0101, s\u0113rot, doties uz priek\u0161u. Ar nians\u0113tu ironiju un po\u0113tisku attur\u012bbu \u0161is darbs apliecina meistar\u012bgu debiju un atkl\u0101j jaunu, izteiksm\u012bgu Baltijas kino balsi.&#8221;<\/p>\n<p>Pilnmetr\u0101\u017eas filmu konkursa\u00a0\u017e\u016brijas atzin\u012bbu ieguva filma &#8220;Speci\u0101l\u0101 oper\u0101cija&#8221; (re\u017eisors Oleksijs Radinskis).<\/p>\n<p>&#8220;Ar iespaid\u012bgu vienk\u0101r\u0161\u012bbu un precizit\u0101ti \u0161\u012b filma neapstr\u0101d\u0101tus nov\u0113ro\u0161anas kameru ierakstus p\u0101rrada par sp\u0113c\u012bgu liec\u012bbas aktu. Filmas distanc\u0113tais skatiens notver l\u0113no vardarb\u012bbas notikumu att\u012bst\u012bbu, atkl\u0101jot \u013caunuma banalit\u0101ti. \u00a0Ar detaliz\u0113tu mont\u0101\u017eu un izsv\u0113rtu ska\u0146as dizainu filma pan\u0101k to, ka \u0161ausmas atkl\u0101jas nevis vizu\u0101l\u0101 v\u0113rien\u0101, bet gan tie\u0161i nov\u0113rojum\u0101. T\u0101 atmasko agresijas absurdu un kalpo k\u0101 skarba liec\u012bba par cilv\u0113ka iztur\u012bbu un kara p\u0113d\u0101m,&#8221; nor\u0101da \u017e\u016brija.<\/p>\n<p>Par \u012bsfilmu nacion\u0101l\u0101 konkursa\u00a0uzvar\u0113t\u0101ju k\u013cuva\u00a0&#8220;Kur saul\u012bte nakti gu\u013c?&#8221; (re\u017eisore\u00a0Ildze Felsberga).<\/p>\n<p>\u017d\u016brijas sniedza koment\u0101ru: &#8220;Apliecinot izcilu talantu vad\u012bt aktieru ansambli, re\u017eisore savij kop\u0101 virkni izsmalcin\u0101tu vinje\u0161u. Iespaid\u012bga studentu filma par dz\u012bves un darba absurdu, kas atrod \u012bsto l\u012bdzsvaru starp humoru un nopietn\u012bbu.&#8221;<\/p>\n<p>            <img decoding=\"async\" src=\"https:\/\/www.europesays.com\/lv\/wp-content\/uploads\/2025\/10\/rhsv.jpg\" alt=\"Kadrs no \u012bsfilmas &quot;Kur saul\u012bte nakti gu\u013c&quot;\"\/><\/p>\n<p>Kadrs no \u012bsfilmas &#8220;Kur saul\u012bte nakti gu\u013c&#8221;<\/p>\n<p>Foto: Publicit\u0101tes foto<\/p>\n<\/p>\n<p>\u012asfilmu starptautisk\u0101 konkursa balvu ieguva filma &#8220;Dreif\u0113jot, dienvidi&#8221; (re\u017eisore\u00a0D\u012b D\u017eana).<\/p>\n<p>&#8220;\u0160is po\u0113tiskais acumirkl\u012bgu saik\u0146u portrets ar l\u012bdzj\u016bt\u012bgu un cie\u0146pilnu attieksmi savij tr\u012bs perif\u0113rij\u0101 eso\u0161as dz\u012bves. Caur zaud\u0113juma, p\u0101rmai\u0146u un cer\u012bbas mirk\u013ciem filma atkl\u0101j nejau\u0161u sastap\u0161anos kluso sp\u0113ku un cilv\u0113ka v\u0113lmi ieder\u0113ties dz\u012bves nemier\u012bgaj\u0101 pl\u016bdum\u0101,&#8221; st\u0101sta \u017e\u016brija.<\/p>\n<p>\u012asfilmu starptautisk\u0101 konkursa\u00a0\u017e\u016brijas atzin\u012bbu ieguva\u00a0&#8220;Neliela filma par izvaro\u0161anu&#8221; (re\u017eisore Nebe Motilova).<\/p>\n<p>&#8220;Meistar\u012bgi un iej\u016bt\u012bgi veidota un izst\u0101st\u012bta person\u012bg\u0101 tra\u0123\u0113dija, kuras centr\u0101 ir piekri\u0161anas principa t\u0113ma \u2013 tam sen jau vajadz\u0113tu b\u016bt akcept\u0113tam standartam, jo \u012bpa\u0161i int\u012bmaj\u0101s attiec\u012bb\u0101s, nevis atst\u0101tam relat\u012bvism\u0101,&#8221; nor\u0101da \u017e\u016brija.<\/p>\n<p>Kandidat\u016bra Eiropas Kino akad\u0113mijas balvai &#8220;Eiropas \u012bsfilma 2027 \u2013 Prix Vimeo&#8221; pie\u0161\u0137irta filmai\u00a0&#8220;Antigone jeb S\u0101ras Benoljelas st\u0101sts&#8221; (re\u017eisore\u00a0Fransi\u0161ku Mira Godi\u0146u).<\/p>\n<p>&#8220;\u0160aj\u0101 baisaj\u0101 m\u012blest\u012bbas, b\u0113du un solidarit\u0101tes st\u0101st\u0101 sieviete atsak\u0101s sp\u0113l\u0113t p\u0113c noteikumiem. Skaisti veidoto un uz\u0146emto filmu ar savu maigo un nians\u0113to sniegumu iznes izcil\u0101 galven\u0101s lomas atveidot\u0101ja,&#8221; koment\u0113 \u017e\u016brija.<\/p>\n<p>Baltijas m\u016bzikas video konkursa uzvar\u0113t\u0101js ir videoklips\u00a0Lapkri\u010dio dvide\u0161imtosios orkestras dziesmai &#8220;Dragas&#8221; (re\u017eisors\u00a0Roberts Neveckis).\u00a0<\/p>\n<p>\u017d\u016brija atz\u012bst: &#8220;M\u016bzikas video. Ma\u0161\u012bnas. Kur nu v\u0113l lab\u0101ks p\u0101ris. \u0160\u012b gada Baltijas m\u016bzikas video konkursa balvas ieguv\u0113js ir spilgts un priekpilns piedz\u012bvojums, kur\u0101 automa\u0161\u012bnas, atkritumu tvertnes un tualetes trako provokat\u012bv\u0101s kr\u0101s\u0101s un lauztos pikse\u013cos, spogu\u013cojot pankroka garu. M\u0101n\u012bgi vienk\u0101r\u0161\u0101 anim\u0101cija, kas pies\u0101tin\u0101ta ar ne mazumu ironijas, ar savu unik\u0101lo pieeju neatvair\u0101mi sagr\u0101ba visus \u017e\u016brijas locek\u013cus sav\u0101 var\u0101.&#8221;<\/p>\n<p>Baltijas m\u016bzikas video konkursa Erica Synths vecin\u0101\u0161anas balvu\u00a0(ska\u0146as efektu sintezatoru\u00a0&#8220;Echolocator&#8221;) ieguva Evijas V\u0113bers un E.V. dziesma\u00a0&#8220;Ir par maz&#8221; (re\u017eisors D\u0101vis Gauja), Erica Synths vecin\u0101\u0161anas balvu\u00a0(bungu sintezatoru\u00a0&#8220;LXR&#8221;) \u2013 Annikas &#8220;Zeme grie\u017eas&#8221; (re\u017eisore\u00a0Ieva Aleksa), bet\u00a0Oulu M\u016bzikas video festiv\u0101la veicin\u0101\u0161anas balvu \u2013 grupas &#8220;Tesa&#8221;\u00a0&#8220;Interval III&#8221; (re\u017eisore\u00a0Ieva Balode).<\/p>\n<p>\u017d\u016brijas koment\u0101rs par m\u016bzikas video: &#8220;P\u0101rveidojot vienk\u0101r\u0161u, tom\u0113r atjaut\u012bgu grupas uzst\u0101\u0161an\u0101s klipu par nejau\u0161i uzietu kadru mont\u0101\u017eu, \u0161is neaizmirstamais video padara redzamu emociju spektru, kas pretojas verb\u0101lai izpausmei: v\u0113sturisk\u0101s atk\u0101rto\u0161an\u0101s rad\u012bto nemieru, ilgsto\u0161o kara traumu un nesaraujamo saikni starp pag\u0101tni un tagadni. Demonstr\u0113jot dzi\u013cu izpratni par kino materialit\u0101ti, filma ir visiedvesmojo\u0161\u0101kaj\u0101 veid\u0101 uzbrukums ma\u0146\u0101m.&#8221;<\/p>\n<p>Toties par \u012bsfilmu\u00a0&#8220;Test Screenings&#8221; uzvar\u0113t\u0101ju k\u013cuva &#8220;Last Days&#8221; (re\u017eisors\u00a0Korn\u0113lijs Stu\u010dka).<\/p>\n<p>Ekspertu koment\u0101rs par filmu: &#8220;M\u0113s cildin\u0101m amb\u012bcijas st\u0101st\u012bt st\u0101stu ar daudzpus\u012bg\u0101m t\u0113m\u0101m un saturu, p\u0101rdom\u0101jot dz\u012bves situ\u0101cijas un izdar\u012bt\u0101s vai v\u0113l neizdar\u012bt\u0101s izv\u0113les. Filma, kas caur daudzsolo\u0161a re\u017eisora \u200b\u200bprizmu pied\u0101v\u0101 p\u0101rdomu perspekt\u012bvu par da\u017e\u0101d\u0101m t\u0113m\u0101m.&#8221;<\/p>\n<p>Kino sv\u0113tki turpin\u0101s v\u0113l l\u012bdz sv\u0113tdienas, 26. oktobra, vakaram, aicinot kino cien\u012bt\u0101jus izmantot p\u0113d\u0113jo iesp\u0113ju nodoties festiv\u0101la komandas sagatavotajiem izmekl\u0113tajiem liel\u0101 ekr\u0101na piedz\u012bvojumiem.\u00a0<\/p>\n<p>Riga IFF top ar Valsts kult\u016brkapit\u0101la fonda, ES programmas &#8220;Rado\u0161\u0101 Eiropa \u2013 MEDIA&#8221;, R\u012bgas valstspils\u0113tas pa\u0161vald\u012bbas, Latvijas Invest\u012bciju un att\u012bst\u012bbas a\u0123ent\u016bras, Nacion\u0101l\u0101 kino centra un R\u012bgas invest\u012bciju un t\u016brisma a\u0123ent\u016bras atbalstu.<\/p>\n<p style=\"text-align:right\"><a href=\"https:\/\/www.lsm.lv\/temas\/rigas-starptautiskais-kino-festivals-riga-iff\/\" target=\"_blank\" class=\"lsm-link\" data-type=\"theme\" data-id=\"7660\" rel=\"nofollow noopener\">Vair\u0101k<\/a><\/p>\n","protected":false},"excerpt":{"rendered":"Festiv\u0101la m\u0101jviet\u0101 &#8220;Splendid Palace&#8221; pulc\u0113jot konkursu dal\u012bbniekus, pa\u0161m\u0101ju un \u0101rzemju \u017e\u016brijas, festiv\u0101la viesus un apmekl\u0113t\u0101jus, Gerda Lapo\u0161kas re\u017eis\u0113t\u0101&hellip;\n","protected":false},"author":2,"featured_media":31002,"comment_status":"","ping_status":"","sticky":false,"template":"","format":"standard","meta":{"footnotes":""},"categories":[19],"tags":[89,90,35,39,38,36,37,34,40],"class_list":{"0":"post-31001","1":"post","2":"type-post","3":"status-publish","4":"format-standard","5":"has-post-thumbnail","7":"category-izklaide","8":"tag-entertainment","9":"tag-izklaide","10":"tag-latvia","11":"tag-latvian","12":"tag-latviesu","13":"tag-latviesu-valoda","14":"tag-latviesuvaloda","15":"tag-latvija","16":"tag-lv"},"share_on_mastodon":{"url":"https:\/\/pubeurope.com\/@lv\/115436409570102202","error":""},"_links":{"self":[{"href":"https:\/\/www.europesays.com\/lv\/wp-json\/wp\/v2\/posts\/31001","targetHints":{"allow":["GET"]}}],"collection":[{"href":"https:\/\/www.europesays.com\/lv\/wp-json\/wp\/v2\/posts"}],"about":[{"href":"https:\/\/www.europesays.com\/lv\/wp-json\/wp\/v2\/types\/post"}],"author":[{"embeddable":true,"href":"https:\/\/www.europesays.com\/lv\/wp-json\/wp\/v2\/users\/2"}],"replies":[{"embeddable":true,"href":"https:\/\/www.europesays.com\/lv\/wp-json\/wp\/v2\/comments?post=31001"}],"version-history":[{"count":0,"href":"https:\/\/www.europesays.com\/lv\/wp-json\/wp\/v2\/posts\/31001\/revisions"}],"wp:featuredmedia":[{"embeddable":true,"href":"https:\/\/www.europesays.com\/lv\/wp-json\/wp\/v2\/media\/31002"}],"wp:attachment":[{"href":"https:\/\/www.europesays.com\/lv\/wp-json\/wp\/v2\/media?parent=31001"}],"wp:term":[{"taxonomy":"category","embeddable":true,"href":"https:\/\/www.europesays.com\/lv\/wp-json\/wp\/v2\/categories?post=31001"},{"taxonomy":"post_tag","embeddable":true,"href":"https:\/\/www.europesays.com\/lv\/wp-json\/wp\/v2\/tags?post=31001"}],"curies":[{"name":"wp","href":"https:\/\/api.w.org\/{rel}","templated":true}]}}