{"id":31009,"date":"2025-10-25T19:26:08","date_gmt":"2025-10-25T19:26:08","guid":{"rendered":"https:\/\/www.europesays.com\/lv\/31009\/"},"modified":"2025-10-25T19:26:08","modified_gmt":"2025-10-25T19:26:08","slug":"pareja-uz-ziemas-un-vasaras-laiku-nedod-butisku-ieguvumu-elektroenergijas-paterina","status":"publish","type":"post","link":"https:\/\/www.europesays.com\/lv\/31009\/","title":{"rendered":"p\u0101reja uz ziemas un vasaras laiku nedod b\u016btisku ieguvumu elektroener\u0123ijas pat\u0113ri\u0146\u0101"},"content":{"rendered":"<p>\u201cM\u0113s redzam, ka, s\u0101koties aukstajam un tum\u0161ajam gada laikam, klienti arvien vair\u0101k interes\u0113jas, k\u0101 samazin\u0101t elektroener\u0123ijas pat\u0113ri\u0146u. \u0160odien, kad elektroener\u0123ijas cenas bir\u017e\u0101 iesp\u0113jams v\u0113rot 15 min\u016b\u0161u interv\u0101los, lab\u0101kais veids, k\u0101 ietaup\u012bt, ir nevis groz\u012bt pulkste\u0146a r\u0101d\u012bt\u0101jus, bet gan savus paradumus, proti, p\u0101rcelt liel\u0101ko ener\u0123ijas pat\u0113ri\u0146u uz l\u0113t\u0101k\u0101s elektr\u012bbas stund\u0101m. T\u0101d\u0101 veid\u0101 m\u016bsu klientiem izdodas par elektr\u012bbu ietaup\u012bt ne vienu vien eiro. T\u0101pat ir svar\u012bgi ieguld\u012bt akumulatoru sist\u0113m\u0101s, kas \u013cauj uzkr\u0101t ener\u0123iju, kad t\u0101 ir l\u0113ta, un izmantot uzkr\u0101to, kad cenas pieaug,\u201d skaidro eksperte.<\/p>\n","protected":false},"excerpt":{"rendered":"\u201cM\u0113s redzam, ka, s\u0101koties aukstajam un tum\u0161ajam gada laikam, klienti arvien vair\u0101k interes\u0113jas, k\u0101 samazin\u0101t elektroener\u0123ijas pat\u0113ri\u0146u. \u0160odien,&hellip;\n","protected":false},"author":2,"featured_media":31010,"comment_status":"","ping_status":"","sticky":false,"template":"","format":"standard","meta":{"footnotes":""},"categories":[5],"tags":[23,28,29,32,33,22,30,31,35,39,38,36,37,34,40,20,26,27,24,25,21],"class_list":{"0":"post-31009","1":"post","2":"type-post","3":"status-publish","4":"format-standard","5":"has-post-thumbnail","7":"category-aktualitates","8":"tag-aktualitates","9":"tag-breaking-news","10":"tag-breakingnews","11":"tag-featured-news","12":"tag-featurednews","13":"tag-headlines","14":"tag-latest-news","15":"tag-latestnews","16":"tag-latvia","17":"tag-latvian","18":"tag-latviesu","19":"tag-latviesu-valoda","20":"tag-latviesuvaloda","21":"tag-latvija","22":"tag-lv","23":"tag-news","24":"tag-popularakas-zinas","25":"tag-popularakaszinas","26":"tag-top-stories","27":"tag-topstories","28":"tag-zinas"},"share_on_mastodon":{"url":"https:\/\/pubeurope.com\/@lv\/115436452777112053","error":""},"_links":{"self":[{"href":"https:\/\/www.europesays.com\/lv\/wp-json\/wp\/v2\/posts\/31009","targetHints":{"allow":["GET"]}}],"collection":[{"href":"https:\/\/www.europesays.com\/lv\/wp-json\/wp\/v2\/posts"}],"about":[{"href":"https:\/\/www.europesays.com\/lv\/wp-json\/wp\/v2\/types\/post"}],"author":[{"embeddable":true,"href":"https:\/\/www.europesays.com\/lv\/wp-json\/wp\/v2\/users\/2"}],"replies":[{"embeddable":true,"href":"https:\/\/www.europesays.com\/lv\/wp-json\/wp\/v2\/comments?post=31009"}],"version-history":[{"count":0,"href":"https:\/\/www.europesays.com\/lv\/wp-json\/wp\/v2\/posts\/31009\/revisions"}],"wp:featuredmedia":[{"embeddable":true,"href":"https:\/\/www.europesays.com\/lv\/wp-json\/wp\/v2\/media\/31010"}],"wp:attachment":[{"href":"https:\/\/www.europesays.com\/lv\/wp-json\/wp\/v2\/media?parent=31009"}],"wp:term":[{"taxonomy":"category","embeddable":true,"href":"https:\/\/www.europesays.com\/lv\/wp-json\/wp\/v2\/categories?post=31009"},{"taxonomy":"post_tag","embeddable":true,"href":"https:\/\/www.europesays.com\/lv\/wp-json\/wp\/v2\/tags?post=31009"}],"curies":[{"name":"wp","href":"https:\/\/api.w.org\/{rel}","templated":true}]}}