{"id":31059,"date":"2025-10-25T20:57:13","date_gmt":"2025-10-25T20:57:13","guid":{"rendered":"https:\/\/www.europesays.com\/lv\/31059\/"},"modified":"2025-10-25T20:57:13","modified_gmt":"2025-10-25T20:57:13","slug":"alina-peinere-nodemonstre-augoso-vederinu-atklajot-kas-ir-grutakais-otraja-grutnieciba","status":"publish","type":"post","link":"https:\/\/www.europesays.com\/lv\/31059\/","title":{"rendered":"Al\u012bna Peinere nodemonstr\u0113 augo\u0161o v\u0113deri\u0146u, atkl\u0101jot, kas ir gr\u016bt\u0101kais otraj\u0101 gr\u016btniec\u012bb\u0101"},"content":{"rendered":"<p>Otr\u0101 gr\u016btniec\u012bba prasa, ko citu, vi\u0146a j\u016bt, ka \u0137ermenis v\u0113las mieru, l\u0113numu un vair\u0101k sp\u0113ka vienk\u0101r\u0161i b\u016bt.<\/p>\n<p>Tie\u0161i at\u0161\u0137ir\u012bbas starp ab\u0101m gruntniec\u012bb\u0101m Peinere uzskata par liel\u0101ko izaicin\u0101jumu, pie\u0146emt, ka \u0161oreiz ritms ir cit\u0101d\u0101ks, un tas ir norm\u0101li.<\/p>\n<p>\u017danis un Al\u012bna nesl\u0113pj, ka vi\u0146u otrais b\u0113rns b\u016bs meiti\u0146a.<\/p>\n<p>\u017danis un Al\u012bna apprec\u0113j\u0101s 2021. gada vasar\u0101 p\u0113c asto\u0146us gadus ilg\u0101m attiec\u012bb\u0101m. P\u0101ra pirmajam b\u0113rnam ir tikai gads un \u010detri m\u0113ne\u0161i.<\/p>\n<blockquote class=\"instagram-media\" style=\"background: #FFF; border: 0; border-radius: 3px; box-shadow: 0 0 1px 0 rgba(0,0,0,0.5),0 1px 10px 0 rgba(0,0,0,0.15); margin: 1px; max-width: 540px; min-width: 326px; padding: 0; width: calc(100% - 2px);\" data-instgrm-permalink=\"https:\/\/www.instagram.com\/p\/DQMs9uEjUTt\/?utm_source=ig_embed&amp;utm_campaign=loading\" data-instgrm-version=\"14\">\n<\/blockquote>\n<p class=\"tv3-fw-500\">Zi\u0146o par k\u013c\u016bdu rakst\u0101<\/p>\n<p class=\"d-md-block d-none\">Iez\u012bm\u0113 k\u013c\u016bdaino tekstu un spied Ctrl+Enter.<\/p>\n<p class=\"d-md-none d-block\">Iez\u012bm\u0113 k\u013c\u016bdaino tekstu un zi\u0146o par to!<\/p>\n<p>                <script async src=\"\/\/www.instagram.com\/embed.js\"><\/script><\/p>\n","protected":false},"excerpt":{"rendered":"Otr\u0101 gr\u016btniec\u012bba prasa, ko citu, vi\u0146a j\u016bt, ka \u0137ermenis v\u0113las mieru, l\u0113numu un vair\u0101k sp\u0113ka vienk\u0101r\u0161i b\u016bt. Tie\u0161i&hellip;\n","protected":false},"author":2,"featured_media":31060,"comment_status":"","ping_status":"","sticky":false,"template":"","format":"standard","meta":{"footnotes":""},"categories":[5],"tags":[23,9368,28,29,32,33,22,30,31,35,39,38,36,37,34,40,20,26,27,24,25,21],"class_list":{"0":"post-31059","1":"post","2":"type-post","3":"status-publish","4":"format-standard","5":"has-post-thumbnail","7":"category-aktualitates","8":"tag-aktualitates","9":"tag-alina-peinereinfluencereslavenibu-grutniecibas","10":"tag-breaking-news","11":"tag-breakingnews","12":"tag-featured-news","13":"tag-featurednews","14":"tag-headlines","15":"tag-latest-news","16":"tag-latestnews","17":"tag-latvia","18":"tag-latvian","19":"tag-latviesu","20":"tag-latviesu-valoda","21":"tag-latviesuvaloda","22":"tag-latvija","23":"tag-lv","24":"tag-news","25":"tag-popularakas-zinas","26":"tag-popularakaszinas","27":"tag-top-stories","28":"tag-topstories","29":"tag-zinas"},"share_on_mastodon":{"url":"https:\/\/pubeurope.com\/@lv\/115436810621083249","error":""},"_links":{"self":[{"href":"https:\/\/www.europesays.com\/lv\/wp-json\/wp\/v2\/posts\/31059","targetHints":{"allow":["GET"]}}],"collection":[{"href":"https:\/\/www.europesays.com\/lv\/wp-json\/wp\/v2\/posts"}],"about":[{"href":"https:\/\/www.europesays.com\/lv\/wp-json\/wp\/v2\/types\/post"}],"author":[{"embeddable":true,"href":"https:\/\/www.europesays.com\/lv\/wp-json\/wp\/v2\/users\/2"}],"replies":[{"embeddable":true,"href":"https:\/\/www.europesays.com\/lv\/wp-json\/wp\/v2\/comments?post=31059"}],"version-history":[{"count":0,"href":"https:\/\/www.europesays.com\/lv\/wp-json\/wp\/v2\/posts\/31059\/revisions"}],"wp:featuredmedia":[{"embeddable":true,"href":"https:\/\/www.europesays.com\/lv\/wp-json\/wp\/v2\/media\/31060"}],"wp:attachment":[{"href":"https:\/\/www.europesays.com\/lv\/wp-json\/wp\/v2\/media?parent=31059"}],"wp:term":[{"taxonomy":"category","embeddable":true,"href":"https:\/\/www.europesays.com\/lv\/wp-json\/wp\/v2\/categories?post=31059"},{"taxonomy":"post_tag","embeddable":true,"href":"https:\/\/www.europesays.com\/lv\/wp-json\/wp\/v2\/tags?post=31059"}],"curies":[{"name":"wp","href":"https:\/\/api.w.org\/{rel}","templated":true}]}}