{"id":31063,"date":"2025-10-25T21:08:15","date_gmt":"2025-10-25T21:08:15","guid":{"rendered":"https:\/\/www.europesays.com\/lv\/31063\/"},"modified":"2025-10-25T21:08:15","modified_gmt":"2025-10-25T21:08:15","slug":"video-%e2%9f%a9-tur-nebija-kur-likt-masinu-sieviete-riga-notriec-skolenu-un-aizmuk","status":"publish","type":"post","link":"https:\/\/www.europesays.com\/lv\/31063\/","title":{"rendered":"VIDEO \u27e9 &#8220;Tur nebija, kur likt ma\u0161\u012bnu.&#8221; Sieviete R\u012bg\u0101 notriec skol\u0113nu un aizm\u016bk"},"content":{"rendered":"<p>Negad\u012bjums notika R\u012bg\u0101, Vien\u012bbas un Graudu ielas krustojum\u0101. Noskaidrots, ka &#8220;Seat&#8221; \u012bpa\u0161niece auto uztic\u0113jusi meitai, bet meita savuk\u0101rt mazmeitai, kura no R\u012bgas dev\u0101s uz Ropa\u017eu pusi. Likumsargu uzrun\u0101ta, un izvaic\u0101ta, k\u0101 vi\u0146ai t\u0101 gad\u012bjies izrais\u012bt ce\u013cu satiksmes negad\u012bjumu, El\u012bna klusi atbild, ka braukusi no R\u012bgas, &#8220;Tur\u012bbas&#8221; uz Ropa\u017eiem.<\/p>\n<p>Sieviete grie\u017eoties notrieca 17 gadus vecu puisi un, k\u0101 jau pati skaidroja, vi\u0146aspr\u0101t, tur nebija kur apst\u0101ties, t\u0101d\u0113\u013c vi\u0146a dev\u0101s t\u0101l\u0101k. Jaunietis savuk\u0101rt aizvests uz slimn\u012bcu apmierino\u0161\u0101 st\u0101vokl\u012b ar da\u017e\u0101da veida traum\u0101m. Policistu izvaic\u0101ta: &#8220;J\u016bs vienk\u0101r\u0161i aizbrauc\u0101t prom?&#8221;, El\u012bna atbild\u0113ja, ka &#8220;vienk\u0101r\u0161i nebija kur nolikt ma\u0161\u012bnu&#8221;.<\/p>\n<p>Policijas video ierakst\u0101 redzams, ka El\u012bna likumsargiem vaic\u0101: &#8220;Kas man par to b\u016bs? Sekas k\u0101das?&#8221; Likumsargi vi\u0146ai izskaidro, ka, vi\u0146upr\u0101t, uz k\u0101du laiku vi\u0146ai tiks at\u0146emtas vad\u012b\u0161anas ties\u012bbas. T\u0101pat ar\u012b tiks skaidrotas, cik smagas traumas ir guvis g\u0101j\u0113js, kuru El\u012bna pameta notikuma viet\u0101, nep\u0101rbaudot vi\u0146a st\u0101vokli.<\/p>\n<p>Vair\u0101k skaties raid\u012bjuma &#8220;Degpunkt\u0101&#8221; si\u017eet\u0101:<\/p>\n","protected":false},"excerpt":{"rendered":"Negad\u012bjums notika R\u012bg\u0101, Vien\u012bbas un Graudu ielas krustojum\u0101. Noskaidrots, ka &#8220;Seat&#8221; \u012bpa\u0161niece auto uztic\u0113jusi meitai, bet meita savuk\u0101rt&hellip;\n","protected":false},"author":2,"featured_media":31064,"comment_status":"","ping_status":"","sticky":false,"template":"","format":"standard","meta":{"footnotes":""},"categories":[12],"tags":[23,2849,28,29,32,33,22,30,31,35,39,38,36,37,34,40,20,26,27,1529,24,25,138,21],"class_list":{"0":"post-31063","1":"post","2":"type-post","3":"status-publish","4":"format-standard","5":"has-post-thumbnail","7":"category-latvija","8":"tag-aktualitates","9":"tag-avarija","10":"tag-breaking-news","11":"tag-breakingnews","12":"tag-featured-news","13":"tag-featurednews","14":"tag-headlines","15":"tag-latest-news","16":"tag-latestnews","17":"tag-latvia","18":"tag-latvian","19":"tag-latviesu","20":"tag-latviesu-valoda","21":"tag-latviesuvaloda","22":"tag-latvija","23":"tag-lv","24":"tag-news","25":"tag-popularakas-zinas","26":"tag-popularakaszinas","27":"tag-satiksme","28":"tag-top-stories","29":"tag-topstories","30":"tag-valsts-policija","31":"tag-zinas"},"share_on_mastodon":{"url":"https:\/\/pubeurope.com\/@lv\/115436853862058027","error":""},"_links":{"self":[{"href":"https:\/\/www.europesays.com\/lv\/wp-json\/wp\/v2\/posts\/31063","targetHints":{"allow":["GET"]}}],"collection":[{"href":"https:\/\/www.europesays.com\/lv\/wp-json\/wp\/v2\/posts"}],"about":[{"href":"https:\/\/www.europesays.com\/lv\/wp-json\/wp\/v2\/types\/post"}],"author":[{"embeddable":true,"href":"https:\/\/www.europesays.com\/lv\/wp-json\/wp\/v2\/users\/2"}],"replies":[{"embeddable":true,"href":"https:\/\/www.europesays.com\/lv\/wp-json\/wp\/v2\/comments?post=31063"}],"version-history":[{"count":0,"href":"https:\/\/www.europesays.com\/lv\/wp-json\/wp\/v2\/posts\/31063\/revisions"}],"wp:featuredmedia":[{"embeddable":true,"href":"https:\/\/www.europesays.com\/lv\/wp-json\/wp\/v2\/media\/31064"}],"wp:attachment":[{"href":"https:\/\/www.europesays.com\/lv\/wp-json\/wp\/v2\/media?parent=31063"}],"wp:term":[{"taxonomy":"category","embeddable":true,"href":"https:\/\/www.europesays.com\/lv\/wp-json\/wp\/v2\/categories?post=31063"},{"taxonomy":"post_tag","embeddable":true,"href":"https:\/\/www.europesays.com\/lv\/wp-json\/wp\/v2\/tags?post=31063"}],"curies":[{"name":"wp","href":"https:\/\/api.w.org\/{rel}","templated":true}]}}