{"id":31080,"date":"2025-10-25T21:34:14","date_gmt":"2025-10-25T21:34:14","guid":{"rendered":"https:\/\/www.europesays.com\/lv\/31080\/"},"modified":"2025-10-25T21:34:14","modified_gmt":"2025-10-25T21:34:14","slug":"jana-timmas-tevs-publice-annas-sedokovas-pikantu-fotografiju-atsakot-stridu-starp-bijusajiem-gimenes-locekliem-lente-lv","status":"publish","type":"post","link":"https:\/\/www.europesays.com\/lv\/31080\/","title":{"rendered":"J\u0101\u0146a Timmas t\u0113vs public\u0113 Annas Sedokovas pikantu fotogr\u0101fiju, ats\u0101kot str\u012bdu starp biju\u0161ajiem \u0123imenes locek\u013ciem\u00a0\u2014\u00a0Lente.lv"},"content":{"rendered":"<p>Str\u012bd\u012bg\u0101 fotogr\u0101fija un t\u0113va dusmas<\/p>\n<p>P\u0113c basketbolista J\u0101\u0146a Timmas tra\u0123isk\u0101s n\u0101ves publiskaj\u0101 telp\u0101 turpin\u0101s spriedze starp vi\u0146a biju\u0161o sievu, dzied\u0101t\u0101ju Annu Sedokovu, un Timmu \u0123imeni. Neskatoties uz tra\u0123\u0113diju, J\u0101\u0146a Timmas t\u0113vs Raitis nesen soci\u0101lajos t\u012bklos public\u0113jis atkl\u0101tu fotogr\u0101fiju ar savu biju\u0161o vedeklu, ko pavad\u012bjis ar ironisku koment\u0101ru: &#8220;L\u016bk, ar ko vi\u0146a nodarbojas&#8221;. Fotogr\u0101fij\u0101 redzams Sedakovas puskails dibens, un to pavada \u0161\u0101ds paraksts: &#8220;\u0160edevrs. Ceru, ka nevienam p\u0101ri neizdar\u012bju? To jau vi\u0146a pati.&#8221; \u0160is notikums ir k\u0101rt\u0113jais apliecin\u0101jums dzi\u013caj\u0101m domstarp\u012bb\u0101m un nesaska\u0146\u0101m, kas turpin\u0101s starp ab\u0101m pus\u0113m kop\u0161 J\u0101\u0146a Timmas aizie\u0161anas m\u016b\u017e\u012bb\u0101. Raitis Timma publiski ir izteicis savu neapmierin\u0101t\u012bbu ar Sedakovas uzved\u012bbu un publiskajiem izteikumiem, uzskatot, ka vi\u0146as r\u012bc\u012bba ir vulg\u0101ra un nepiedien\u012bga.<\/p>\n<p>Aps\u016bdz\u012bbas un person\u012bg\u0101s tra\u0123\u0113dijas<\/p>\n<p>J\u0101\u0146a Timmas t\u0113vs jau iepriek\u0161 ir publiski kritiz\u0113jis savu biju\u0161o vedeklu, apgalvojot, ka tie\u0161i vi\u0146as r\u012bc\u012bba un uzved\u012bba novedusi J\u0101ni l\u012bdz pa\u0161n\u0101v\u012bbai. Vi\u0146\u0161 ir paudis sa\u0161utumu par Sedakovas fotogr\u0101fij\u0101m un izteicieniem, uzskatot, ka vi\u0146as uzved\u012bba nav savienojama ar norm\u0101las sievietes standartiem. Raitis Timma pat publiski paudis, ka dzied\u0101t\u0101ja nesen tika hospitaliz\u0113ta nervu trauc\u0113jumu d\u0113\u013c, un ir \u0161aub\u012bgs par vi\u0146as piln\u012bgu atvese\u013co\u0161anos. Lai gan Anna Sedokova pati tie\u0161i nekoment\u0113 Timmas t\u0113va kritiku, vi\u0146as publisk\u0101 telpa ir pilna ar pretrun\u012bgu inform\u0101ciju un notikumiem. P\u0113c J\u0101\u0146a Timmas n\u0101ves 2024. gada 17. decembr\u012b, Sedokova sask\u0101rusies ar pla\u0161u nosod\u012bjumu soci\u0101lajos t\u012bklos, kas piespiedis vi\u0146u uz laiku atsl\u0113gt koment\u0101ru iesp\u0113ju. Vi\u0146a pati ir atzinusi, ka dz\u012bvo liel\u0101 stres\u0101 un baid\u0101s iziet sabiedr\u012bb\u0101, nor\u0101dot, ka s\u0101kotn\u0113j\u0101 publicit\u0101te p\u0113c tra\u0123\u0113dijas bija \u013coti smaga. Tom\u0113r vi\u0146a ar\u012b pau\u017e v\u0113lmi turpin\u0101t dz\u012bvi, atgriezties pie darba un r\u016bp\u0113ties par saviem b\u0113rniem.<\/p>\n<p>Juridisk\u0101s un emocion\u0101l\u0101s sekas<\/p>\n<p>Attiec\u012bbas starp Sedokovu un Timmas \u0123imeni ir k\u013cuvu\u0161as \u013coti saspringtas. J\u0101\u0146a Timmas vec\u0101ki pat ir iesniegu\u0161i ties\u0101 pras\u012bbu pret Annu Sedokovu, aps\u016bdzot vi\u0146u par d\u0113la novirz\u012b\u0161anu pa\u0161n\u0101v\u012bb\u0101. Tika ierosin\u0101ts krimin\u0101lprocess, un vi\u0146a tika izsaukta uz nopratin\u0101\u0161anu. V\u0113l nesen J\u0101\u0146a Timmas t\u0113vs publiski izteicies, ka Sedokova izmis\u012bgi mekl\u0113jusi noteiktas J\u0101\u0146a person\u012bg\u0101s mantas, tostarp d\u0101rgus gredzenus un rokasspr\u0101dzi, kas rad\u012bjis aizdomas. Vi\u0146\u0161 ar\u012b kritiz\u0113jis vi\u0146as publiskos izteikumus un video, uzskatot tos par teatr\u0101liem un p\u0101r\u0101k emocion\u0101liem, pau\u017eot, ka Sedokova nav izr\u0101d\u012bjusi pietiekami daudz l\u012bdzj\u016bt\u012bbas pret J\u0101\u0146a m\u0101ti. Lai gan Anna Sedokova publiski nav koment\u0113jusi t\u0113va izteikumus un aps\u016bdz\u012bbas, vi\u0146as p\u0101rst\u0101vji zi\u0146oja par smagu psihoemocion\u0101lu st\u0101vokli un nepiecie\u0161am\u012bbu p\u0113c medic\u012bniskas apr\u016bpes, kas lika vi\u0146ai uz laiku aptur\u0113t karjeru. Neskatoties uz to, vi\u0146a ir devusi m\u0101jienus, ka vi\u0146as person\u012bgaj\u0101 dz\u012bv\u0113 viss nav k\u0101rt\u012bb\u0101 un vi\u0146a ir sa\u0146\u0113musi uzman\u012bbu no nosl\u0113pumainiem piel\u016bdz\u0113jiem, kas sol\u012bju\u0161i vi\u0146u apb\u0113rt ar d\u0101van\u0101m.<\/p>\n<p>Atmi\u0146as un n\u0101kotnes skat\u012bjums<\/p>\n<p>J\u0101\u0146a Timmas n\u0101ve ir smags trieciens vi\u0146a tuviniekiem un sporta sabiedr\u012bbai kopum\u0101. Lai gan attiec\u012bbas starp vi\u0146a biju\u0161o sievu un \u0123imeni ir \u013coti sare\u017e\u0123\u012btas, abi ir paudu\u0161i v\u0113lmi atrasties sav\u0101 ce\u013c\u0101. Anna Sedokova publiski pau\u017e ap\u0146em\u0161anos sarg\u0101t J\u0101\u0146a v\u0101rdu, vienlaikus atkl\u0101jot da\u013cu no sav\u0101m pieredz\u0113m un p\u0101rdz\u012bvojumiem. Tom\u0113r Timmas \u0123imenes viedoklis par Sedakovas r\u012bc\u012bbu saglab\u0101jas kritisks. Neskatoties uz s\u0101p\u012bgajiem notikumiem, abi ir centu\u0161ies turpin\u0101t savas dz\u012bves. Ir pl\u0101notas ar\u012b J\u0101\u0146a Timmas piemi\u0146as pas\u0101kumi, tostarp iespaid\u012bga pieminek\u013ca izveide. Vi\u0146a n\u0101ves izmekl\u0113\u0161ana Krievij\u0101 turpin\u0101s.<\/p>\n","protected":false},"excerpt":{"rendered":"Str\u012bd\u012bg\u0101 fotogr\u0101fija un t\u0113va dusmas P\u0113c basketbolista J\u0101\u0146a Timmas tra\u0123isk\u0101s n\u0101ves publiskaj\u0101 telp\u0101 turpin\u0101s spriedze starp vi\u0146a biju\u0161o&hellip;\n","protected":false},"author":2,"featured_media":31081,"comment_status":"","ping_status":"","sticky":false,"template":"","format":"standard","meta":{"footnotes":""},"categories":[19],"tags":[1155,9375,89,9376,90,6622,35,39,38,36,37,34,40,7353],"class_list":{"0":"post-31080","1":"post","2":"type-post","3":"status-publish","4":"format-standard","5":"has-post-thumbnail","7":"category-izklaide","8":"tag-anna-sedokova","9":"tag-atklata-fotografija","10":"tag-entertainment","11":"tag-gimenes-konflikts","12":"tag-izklaide","13":"tag-janis-timma","14":"tag-latvia","15":"tag-latvian","16":"tag-latviesu","17":"tag-latviesu-valoda","18":"tag-latviesuvaloda","19":"tag-latvija","20":"tag-lv","21":"tag-raitis-timma"},"share_on_mastodon":{"url":"https:\/\/pubeurope.com\/@lv\/115436956084199016","error":""},"_links":{"self":[{"href":"https:\/\/www.europesays.com\/lv\/wp-json\/wp\/v2\/posts\/31080","targetHints":{"allow":["GET"]}}],"collection":[{"href":"https:\/\/www.europesays.com\/lv\/wp-json\/wp\/v2\/posts"}],"about":[{"href":"https:\/\/www.europesays.com\/lv\/wp-json\/wp\/v2\/types\/post"}],"author":[{"embeddable":true,"href":"https:\/\/www.europesays.com\/lv\/wp-json\/wp\/v2\/users\/2"}],"replies":[{"embeddable":true,"href":"https:\/\/www.europesays.com\/lv\/wp-json\/wp\/v2\/comments?post=31080"}],"version-history":[{"count":0,"href":"https:\/\/www.europesays.com\/lv\/wp-json\/wp\/v2\/posts\/31080\/revisions"}],"wp:featuredmedia":[{"embeddable":true,"href":"https:\/\/www.europesays.com\/lv\/wp-json\/wp\/v2\/media\/31081"}],"wp:attachment":[{"href":"https:\/\/www.europesays.com\/lv\/wp-json\/wp\/v2\/media?parent=31080"}],"wp:term":[{"taxonomy":"category","embeddable":true,"href":"https:\/\/www.europesays.com\/lv\/wp-json\/wp\/v2\/categories?post=31080"},{"taxonomy":"post_tag","embeddable":true,"href":"https:\/\/www.europesays.com\/lv\/wp-json\/wp\/v2\/tags?post=31080"}],"curies":[{"name":"wp","href":"https:\/\/api.w.org\/{rel}","templated":true}]}}