{"id":31101,"date":"2025-10-25T22:14:11","date_gmt":"2025-10-25T22:14:11","guid":{"rendered":"https:\/\/www.europesays.com\/lv\/31101\/"},"modified":"2025-10-25T22:14:11","modified_gmt":"2025-10-25T22:14:11","slug":"riga-norit-evakuacijas-macibas-2","status":"publish","type":"post","link":"https:\/\/www.europesays.com\/lv\/31101\/","title":{"rendered":"R\u012bg\u0101 norit evaku\u0101cijas m\u0101c\u012bbas"},"content":{"rendered":"<p>Latvijas Sarkan\u0101 Krusta sadarb\u012bb\u0101 ar Valsts ugunsdz\u0113s\u012bbas un gl\u0101b\u0161anas dienestu un R\u012bgas pa\u0161vald\u012bbas Civil\u0101s aizsardz\u012bbas un operat\u012bv\u0101s inform\u0101cijas p\u0101rvaldi r\u012bkoto evaku\u0101cijas m\u0101c\u012bbu dal\u012bbniekiem ir iesp\u0113ja iejusties re\u0101l\u0101 situ\u0101cij\u0101 \u2013 laikapst\u0101k\u013cu rad\u012btas \u0101rk\u0101rtas situ\u0101cijas d\u0113\u013c pamest m\u0101jvietu un doties uz pa\u0161vald\u012bbas nodro\u0161in\u0101tu dro\u0161u patv\u0113rumu. <\/p>\n<p>Evaku\u0101cijas process tiek organiz\u0113ts no diviem pulc\u0113\u0161an\u0101s punktiem \u2013 Nat\u0101lijas Draudzi\u0146as vidusskolas un R\u012bgas Ark\u0101dijas vidusskolas. No \u0161iem punktiem dal\u012bbniekiem ir nodro\u0161in\u0101ts transports uz evaku\u0101cijas centru \u2013 R\u012bgas 9. vidusskolu. <\/p>\n<p>Tur dal\u012bbniekiem ir nodro\u0161in\u0101ta \u0113din\u0101\u0161ana un nepiecie\u0161amais apr\u012bkojums nak\u0161\u0146o\u0161anai. M\u0101c\u012bbu laik\u0101 dal\u012bbniekiem ir ar\u012b iesp\u0113ja atsvaidzin\u0101t zin\u0101\u0161anas par pirmo pal\u012bdz\u012bbu un sagatavot savu &#8220;72 stundu somu&#8221;, kas noder\u0113s X stund\u0101. <\/p>\n<p>Zin\u0101\u0161anas papildina ar\u012b evaku\u0101cijas m\u0101c\u012bbu r\u012bkot\u0101ji. &#8220;M\u0113s test\u0113jam evaku\u0101cijas centra person\u0101la sp\u0113jas iek\u0101rtot centru un uz\u0146emt \u0161os iedz\u012bvot\u0101jus. <\/p>\n<p>Tas noz\u012bm\u0113 ne tikai novietot vi\u0146iem gultu skolas z\u0101l\u0113, bet re\u0123istr\u0113t vi\u0146us, izsniegt vi\u0146iem vakari\u0146as, nodro\u0161in\u0101t ar higi\u0113nas prec\u0113m, sniegt pirmo medic\u012bnisko un psiholo\u0123isko pal\u012bdz\u012bbu,&#8221; st\u0101sta Latvijas Sarkan\u0101 krusta p\u0101rst\u0101vis Lauris Mainieks. M\u0101c\u012bbas norisin\u0101sies l\u012bdz sestdienas, 25. oktobra, r\u012btam.<\/p>\n","protected":false},"excerpt":{"rendered":"Latvijas Sarkan\u0101 Krusta sadarb\u012bb\u0101 ar Valsts ugunsdz\u0113s\u012bbas un gl\u0101b\u0161anas dienestu un R\u012bgas pa\u0161vald\u012bbas Civil\u0101s aizsardz\u012bbas un operat\u012bv\u0101s inform\u0101cijas&hellip;\n","protected":false},"author":2,"featured_media":30407,"comment_status":"","ping_status":"","sticky":false,"template":"","format":"standard","meta":{"footnotes":""},"categories":[12],"tags":[129,1450,23,28,29,32,33,22,30,31,35,39,38,36,37,34,40,20,26,27,1451,1452,24,25,21],"class_list":{"0":"post-31101","1":"post","2":"type-post","3":"status-publish","4":"format-standard","5":"has-post-thumbnail","7":"category-latvija","8":"tag-__typenameadvicekeyword","9":"tag-id1045","10":"tag-aktualitates","11":"tag-breaking-news","12":"tag-breakingnews","13":"tag-featured-news","14":"tag-featurednews","15":"tag-headlines","16":"tag-latest-news","17":"tag-latestnews","18":"tag-latvia","19":"tag-latvian","20":"tag-latviesu","21":"tag-latviesu-valoda","22":"tag-latviesuvaloda","23":"tag-latvija","24":"tag-lv","25":"tag-news","26":"tag-popularakas-zinas","27":"tag-popularakaszinas","28":"tag-slugdrosiba","29":"tag-titledrosiba","30":"tag-top-stories","31":"tag-topstories","32":"tag-zinas"},"share_on_mastodon":{"url":"https:\/\/pubeurope.com\/@lv\/115437113413567940","error":""},"_links":{"self":[{"href":"https:\/\/www.europesays.com\/lv\/wp-json\/wp\/v2\/posts\/31101","targetHints":{"allow":["GET"]}}],"collection":[{"href":"https:\/\/www.europesays.com\/lv\/wp-json\/wp\/v2\/posts"}],"about":[{"href":"https:\/\/www.europesays.com\/lv\/wp-json\/wp\/v2\/types\/post"}],"author":[{"embeddable":true,"href":"https:\/\/www.europesays.com\/lv\/wp-json\/wp\/v2\/users\/2"}],"replies":[{"embeddable":true,"href":"https:\/\/www.europesays.com\/lv\/wp-json\/wp\/v2\/comments?post=31101"}],"version-history":[{"count":0,"href":"https:\/\/www.europesays.com\/lv\/wp-json\/wp\/v2\/posts\/31101\/revisions"}],"wp:featuredmedia":[{"embeddable":true,"href":"https:\/\/www.europesays.com\/lv\/wp-json\/wp\/v2\/media\/30407"}],"wp:attachment":[{"href":"https:\/\/www.europesays.com\/lv\/wp-json\/wp\/v2\/media?parent=31101"}],"wp:term":[{"taxonomy":"category","embeddable":true,"href":"https:\/\/www.europesays.com\/lv\/wp-json\/wp\/v2\/categories?post=31101"},{"taxonomy":"post_tag","embeddable":true,"href":"https:\/\/www.europesays.com\/lv\/wp-json\/wp\/v2\/tags?post=31101"}],"curies":[{"name":"wp","href":"https:\/\/api.w.org\/{rel}","templated":true}]}}