{"id":31102,"date":"2025-10-25T22:32:09","date_gmt":"2025-10-25T22:32:09","guid":{"rendered":"https:\/\/www.europesays.com\/lv\/31102\/"},"modified":"2025-10-25T22:32:09","modified_gmt":"2025-10-25T22:32:09","slug":"koalicija-saskaras-ar-grutiem-jautajumiem-budzeta-un-vertibu-krustceles-lente-lv","status":"publish","type":"post","link":"https:\/\/www.europesays.com\/lv\/31102\/","title":{"rendered":"Koal\u012bcija saskaras ar gr\u016btiem jaut\u0101jumiem: Bud\u017eeta un v\u0113rt\u012bbu krustceles\u00a0\u2014\u00a0Lente.lv"},"content":{"rendered":"<p>Koal\u012bcijas spriedze un bud\u017eeta izaicin\u0101jumi: K\u0101 risin\u0101s gr\u016btos jaut\u0101jumus?<\/p>\n<p>Latvijas valdo\u0161aj\u0101 koal\u012bcij\u0101, tuvojoties n\u0101kam\u0101 gada bud\u017eeta pie\u0146em\u0161anas laikam, joproj\u0101m j\u016btama iev\u0113rojama spriedze. Lai gan Ministru prezidente Evika Sili\u0146a (JV) uzsver, ka viedok\u013cu at\u0161\u0137ir\u012bbas ir norm\u0101la politiska procesa da\u013ca un t\u0101s stiprina politisko gribu atrast inovat\u012bvus risin\u0101jumus, diskusijas par bud\u017eeta priorit\u0101t\u0113m un cit\u0101m aktu\u0101l\u0101m t\u0113m\u0101m, piem\u0113ram, Stambulas konvenciju, atkl\u0101j dzi\u013c\u0101kas domstarp\u012bbas starp koal\u012bcijas partneriem. \u0160\u012bs nesaska\u0146as rada jaut\u0101jumus par vald\u012bbas stabilit\u0101ti un sp\u0113ju veiksm\u012bgi virz\u012bties uz priek\u0161u.<\/p>\n<p>Gr\u016btu jaut\u0101jumu risin\u0101\u0161ana k\u0101 koal\u012bcijas stiprin\u0101t\u0101js<\/p>\n<p>Premjere Evika Sili\u0146a uzskata, ka sare\u017e\u0123\u012btu jaut\u0101jumu risin\u0101\u0161ana, lai gan var paildzin\u0101t sarunas, galu gal\u0101 stiprina koal\u012bciju un mudina mekl\u0113t neierastus, ta\u010du efekt\u012bv\u0101kus risin\u0101jumus valsts p\u0101rvaldes moderniz\u0101cijai. Vi\u0146a atskat\u0101s uz iepriek\u0161\u0113j\u0101 gada pan\u0101kumiem, piem\u0113ram, vieno\u0161anos par atalgojuma griestu nepalielin\u0101\u0161anu valsts p\u0101rvald\u0113 un l\u0113mumu par valdes locek\u013cu atalgojuma samazin\u0101\u0161anu sliktu rezult\u0101tu gad\u012bjum\u0101 kapit\u0101lsabiedr\u012bb\u0101s, k\u0101 piem\u0113rus veiksm\u012bgai kop\u012bgai r\u012bc\u012bbai. \u0160\u0101da pieeja, kur\u0101 diskusijas ir intens\u012bvas, bet v\u0113rstas uz risin\u0101jumu atra\u0161anu, tiek uzskat\u012bta par v\u0113rt\u012bgu pieredzi.<\/p>\n<blockquote>\n<p>&#8220;Manupr\u0101t, \u0161\u0101das sarunas tikai stiprina, nor\u016bda m\u016bsu politisko v\u0113lmi atrast risin\u0101jumus, kas nav pierasti vai viegli,&#8221; teica premjere, nor\u0101dot, ka sarunas ir gar\u0101kas, ta\u010du tas liek dom\u0101t par to, k\u0101 valsts p\u0101rvaldi moderniz\u0113t un padar\u012bt efekt\u012bv\u0101ku.<\/p>\n<\/blockquote>\n<p>At\u0161\u0137ir\u012bgie skat\u012bjumi uz bud\u017eeta priorit\u0101t\u0113m<\/p>\n<p>Neskatoties uz premjeres optimistisko skat\u012bjumu, atsevi\u0161\u0137i koal\u012bcijas partneri pau\u017e ba\u017eas par eso\u0161o situ\u0101ciju. Viktors Valainis, Za\u013co un Zemnieku savien\u012bbas (ZZS) p\u0101rst\u0101vis un ekonomikas ministrs, ir nor\u0101d\u012bjis, ka ZZS pagaid\u0101m neredz iesp\u0113ju virz\u012bt 2025. gada bud\u017eeta projektu, jo nav pan\u0101kta vieno\u0161an\u0101s par vair\u0101kiem svar\u012bgiem jaut\u0101jumiem, \u012bpa\u0161i par samazin\u0101tu pievienot\u0101s v\u0113rt\u012bbas nodok\u013ca (PVN) likmi da\u013cai p\u0101rtikas produktu un lauku skolu uztur\u0113\u0161anu . Valainis uzsver, ka ZZS ir konservat\u012bv\u0101ks un centrisk\u0101ks sp\u0113ks, un tam ir b\u016btiskas at\u0161\u0137ir\u012bbas ar &#8220;Progres\u012bvajiem&#8221; vair\u0101kos jaut\u0101jumos .<\/p>\n<p>Savuk\u0101rt &#8220;Jaun\u0101s Vienot\u012bbas&#8221; Saeimas frakcijas vad\u012bt\u0101js Edmunds Jur\u0113vics aicina partnerus attur\u0113ties no ultim\u0101tu do\u0161anas, uzsverot, ka bud\u017eeta priorit\u0101t\u0113m ir j\u0101b\u016bt iek\u0161\u0113jai un \u0101r\u0113jai dro\u0161\u012bbai, atbalstam \u0123imen\u0113m un izgl\u012bt\u012bbai, par ko jau pan\u0101kta iepriek\u0161\u0113ja vieno\u0161an\u0101s . Jur\u0113vics ar\u012b nor\u0101d\u012bjis, ka politisk\u0101 vieno\u0161an\u0101s par 99% bud\u017eeta satura jau pan\u0101kta, ta\u010du atzina, ka joproj\u0101m ir jaut\u0101jumi, kas prasa risin\u0101jumus .<\/p>\n<p>Stambulas konvencija un t\u0101s sekas koal\u012bcij\u0101<\/p>\n<p>V\u0113l viens noz\u012bm\u012bgs sasp\u012bl\u0113juma avots ir Stambulas konvencija. Nacion\u0101l\u0101 apvien\u012bba un ZZS ir paudu\u0161as stingru nost\u0101ju pret konvenciju, pied\u0101v\u0101jot tai &#8220;alternat\u012bvu&#8221; deklar\u0101ciju, kam\u0113r &#8220;Progres\u012bvie&#8221; uzsver, ka likumdo\u0161ana nevar pilnv\u0113rt\u012bgi aizst\u0101t starptautisk\u0101s saist\u012bbas . ZZS deput\u0101tu balsojums par opoz\u012bcijas rosin\u0101to Stambulas konvencijas denons\u0113\u0161anas procesu ir interpret\u0113ts k\u0101 koal\u012bcijas l\u012bguma p\u0101rk\u0101pums, radot nopietnu neuztic\u012bbas saj\u016btu citu koal\u012bcijas partneru vid\u016b. Premjere Sili\u0146a ir piepras\u012bjusi paskaidrojumu no labkl\u0101j\u012bbas ministra par \u0161o balsojumu, bet ZZS aizst\u0101v savu poz\u012bciju, apgalvojot, ka konvencijas da\u017ei aspekti ir pretrun\u0101 ar konservat\u012bvaj\u0101m v\u0113rt\u012bb\u0101m .<\/p>\n<p>Satiksmes ministrijas un zemkop\u012bbas politikas izaicin\u0101jumi<\/p>\n<p>Satiksmes ministrs Atis \u0160vinka (P) nor\u0101da, ka attiec\u012bbas ar koal\u012bcijas partneriem ir cie\u0146pilnas un intens\u012bvas sarunas nenoz\u012bm\u0113 probl\u0113mas . Vi\u0146\u0161 ar\u012b piemin\u0113jis, ka &#8220;Progres\u012bvo&#8221; frakcija pl\u0101no padzi\u013cin\u0101tu diskusiju ar zemkop\u012bbas ministru Armandu Krauzi (ZZS) par me\u017eu jaut\u0101jumiem . Krauze savuk\u0101rt pau\u017e ba\u017eas par Eiropas Komisijas (EK) pied\u0101v\u0101jumu samazin\u0101t finans\u0113jumu lauksaimniec\u012bbai un zivsaimniec\u012bbai turpm\u0101kaj\u0101 ES bud\u017eeta period\u0101, uzsverot, ka KLP ir j\u0101paliek sp\u0113c\u012bgai politikai ar pietiekamu bud\u017eetu, lai nodro\u0161in\u0101tu p\u0101rtikas ra\u017eo\u0161anas stabilit\u0101ti . Vi\u0146\u0161 ar\u012b nor\u0101da, ka Latvijas lauksaimniekiem ir nepiecie\u0161ams konkur\u0113tsp\u0113j\u012bgs ien\u0101kumu atbalsts .<\/p>\n<p>PVN politikas diskusijas un infl\u0101cijas apkaro\u0161ana<\/p>\n<p>Jaut\u0101jums par samazin\u0101tu PVN p\u0101rtikas produktiem turpina rad\u012bt diskusijas. Lai gan koal\u012bcija ir konceptu\u0101li vienojusies par samazin\u0101tu PVN likmi pienam, maizei, ol\u0101m un putna ga\u013cai (12% no n\u0101kam\u0101 gada), diskusijas turpin\u0101s par c\u016bkga\u013cas iek\u013cau\u0161anu \u0161aj\u0101 kategorij\u0101 . Ekonomikas ministrs Valainis aicin\u0101jis p\u0101rtikas nozari negodpr\u0101t\u012bgi neizmantot PVN likmes izmai\u0146as un nesamazin\u0101t cenas nepamatoti . &#8220;Progres\u012bvie&#8221; pieprasa skaidrojumus par turpm\u0101ko r\u012bc\u012bbas pl\u0101nu p\u0101rtikas cenu samazin\u0101\u0161anai un rosin\u0101s apspriest PVN likmes samazin\u0101\u0161anu atsevi\u0161\u0137iem produktiem, nor\u0101dot, ka, lai gan da\u017ei produkti ir k\u013cuvu\u0161i l\u0113t\u0101ki, kopum\u0101 cenu kritumam tuv\u0101kaj\u0101 laik\u0101 nav prognoz\u0113ts b\u016btisks pamats .<\/p>\n<p>N\u0101kotnes perspekt\u012bvas un koal\u012bcijas izaicin\u0101jumi<\/p>\n<p>Vald\u012bbas stabilit\u0101te ir svar\u012bgs jaut\u0101jums, \u012bpa\u0161i \u0146emot v\u0113r\u0101 \u0123eopolitisko situ\u0101ciju un nepiecie\u0161am\u012bbu stiprin\u0101t valsts dro\u0161\u012bbu. Finan\u0161u ministrs Arvils A\u0161eradens n\u0101kam\u0101 gada bud\u017eetu raksturo k\u0101 dro\u0161\u012bbas bud\u017eetu, kas v\u0113rsts uz iedz\u012bvot\u0101ju aizsardz\u012bbu un ekonomikas izaugsmi . Tom\u0113r opoz\u012bcija ir kritiska, nor\u0101dot, ka bud\u017eets ir veidots uz par\u0101da un p\u0101r\u0101k optimistiski . Situ\u0101cija, kur\u0101 koal\u012bcijas partneri, piem\u0113ram, ZZS, pau\u017e at\u0161\u0137ir\u012bgus viedok\u013cus un r\u012bkojas pret\u0113ji kop\u012bgajam saska\u0146ojumam, rada ba\u017eas par vald\u012bbas sp\u0113ju pild\u012bt savus sol\u012bjumus. Turpm\u0101k\u0101s diskusijas par partiju finans\u0113jumu un bud\u017eeta priorit\u0101t\u0113m nor\u0101da uz nep\u0101rtrauktu nepiecie\u0161am\u012bbu p\u0113c kompromisiem un saska\u0146as, lai nodro\u0161in\u0101tu stabilu vald\u012bbas darbu un efekt\u012bvu valsts p\u0101rvaldi.<\/p>\n","protected":false},"excerpt":{"rendered":"Koal\u012bcijas spriedze un bud\u017eeta izaicin\u0101jumi: K\u0101 risin\u0101s gr\u016btos jaut\u0101jumus? Latvijas valdo\u0161aj\u0101 koal\u012bcij\u0101, tuvojoties n\u0101kam\u0101 gada bud\u017eeta pie\u0146em\u0161anas laikam,&hellip;\n","protected":false},"author":2,"featured_media":31103,"comment_status":"","ping_status":"","sticky":false,"template":"","format":"standard","meta":{"footnotes":""},"categories":[5],"tags":[23,28,29,32,33,22,9385,30,31,35,39,38,36,37,34,6661,40,20,9386,26,27,9387,24,25,4506,21],"class_list":{"0":"post-31102","1":"post","2":"type-post","3":"status-publish","4":"format-standard","5":"has-post-thumbnail","7":"category-aktualitates","8":"tag-aktualitates","9":"tag-breaking-news","10":"tag-breakingnews","11":"tag-featured-news","12":"tag-featurednews","13":"tag-headlines","14":"tag-koalicijas-stabilitate","15":"tag-latest-news","16":"tag-latestnews","17":"tag-latvia","18":"tag-latvian","19":"tag-latviesu","20":"tag-latviesu-valoda","21":"tag-latviesuvaloda","22":"tag-latvija","23":"tag-latvijas-valdiba","24":"tag-lv","25":"tag-news","26":"tag-politiskas-domstarpibas","27":"tag-popularakas-zinas","28":"tag-popularakaszinas","29":"tag-pvn-partikai","30":"tag-top-stories","31":"tag-topstories","32":"tag-valsts-budzets-2025","33":"tag-zinas"},"share_on_mastodon":{"url":"https:\/\/pubeurope.com\/@lv\/115437184156023141","error":""},"_links":{"self":[{"href":"https:\/\/www.europesays.com\/lv\/wp-json\/wp\/v2\/posts\/31102","targetHints":{"allow":["GET"]}}],"collection":[{"href":"https:\/\/www.europesays.com\/lv\/wp-json\/wp\/v2\/posts"}],"about":[{"href":"https:\/\/www.europesays.com\/lv\/wp-json\/wp\/v2\/types\/post"}],"author":[{"embeddable":true,"href":"https:\/\/www.europesays.com\/lv\/wp-json\/wp\/v2\/users\/2"}],"replies":[{"embeddable":true,"href":"https:\/\/www.europesays.com\/lv\/wp-json\/wp\/v2\/comments?post=31102"}],"version-history":[{"count":0,"href":"https:\/\/www.europesays.com\/lv\/wp-json\/wp\/v2\/posts\/31102\/revisions"}],"wp:featuredmedia":[{"embeddable":true,"href":"https:\/\/www.europesays.com\/lv\/wp-json\/wp\/v2\/media\/31103"}],"wp:attachment":[{"href":"https:\/\/www.europesays.com\/lv\/wp-json\/wp\/v2\/media?parent=31102"}],"wp:term":[{"taxonomy":"category","embeddable":true,"href":"https:\/\/www.europesays.com\/lv\/wp-json\/wp\/v2\/categories?post=31102"},{"taxonomy":"post_tag","embeddable":true,"href":"https:\/\/www.europesays.com\/lv\/wp-json\/wp\/v2\/tags?post=31102"}],"curies":[{"name":"wp","href":"https:\/\/api.w.org\/{rel}","templated":true}]}}