{"id":31104,"date":"2025-10-25T22:50:10","date_gmt":"2025-10-25T22:50:10","guid":{"rendered":"https:\/\/www.europesays.com\/lv\/31104\/"},"modified":"2025-10-25T22:50:10","modified_gmt":"2025-10-25T22:50:10","slug":"latvijas-florbola-savieniba-lv-2025-2026-jaunumi-mily-latvijas-kausu-zu13-grupa-iegust-lielvarde","status":"publish","type":"post","link":"https:\/\/www.europesays.com\/lv\/31104\/","title":{"rendered":"Latvijas Florbola savien\u012bba \u00bb LV \u00bb 2025\/2026 \u00bb Jaunumi \u00bb &#8220;Mily&#8221; Latvijas kausu ZU13 grup\u0101 ieg\u016bst &#8220;Lielv\u0101rde&#8221;"},"content":{"rendered":"<p>&#8220;Mily&#8221; Latvijas kausu ZU13 grup\u0101 ieg\u016bst &#8220;Lielv\u0101rde&#8221;<\/p>\n<p><\/p>\n<p>\t\t\t\t\t<img decoding=\"async\" src=\"https:\/\/www.europesays.com\/lv\/wp-content\/uploads\/2025\/10\/zu13_lievarde_kauss_2025.jpg\" class=\"news-title-image\" width=\"292.5\" alt=\"zu13_lievarde_kauss_2025.jpg\" title=\"&quot;Mily&quot; Latvijas kausu ZU13 grup\u0101 ieg\u016bst &quot;Lielv\u0101rde&quot;\" \/><\/p>\n<p style=\"text-align: justify;\">\u0160odien Lielv\u0101rdes sporta centr\u0101 norisin\u0101j\u0101s &#8220;Mily&#8221; Latvijas kausa izc\u012b\u0146a jaunie\u0161iem ZU13 vecuma grup\u0101. Galveno trofeju ieguva m\u0101jiniece &#8220;Lielv\u0101rde&#8221;, kas fin\u0101l\u0101 ar <a href=\"https:\/\/www.floorball.lv\/lv\/2025\/latvijas-kauss\/zu13-lk\/proto\/53282-rub-lvd\" target=\"_self\" rel=\"nofollow noopener\">3:1<\/a> p\u0101rsp\u0113ja &#8220;Rubene\/KSS&#8221; komandu. Ma\u010d\u0101 par tre\u0161o vietu &#8220;Talsu NSS\/Krauzers&#8221; p\u0113csp\u0113les metienos ar <a href=\"https:\/\/www.floorball.lv\/lv\/2025\/latvijas-kauss\/zu13-lk\/proto\/53281-tal-ril\" target=\"_self\" rel=\"nofollow noopener\">3:2<\/a> uzvar\u0113ja &#8220;R\u012bgas Lauvas&#8221;.<\/p>\n<p style=\"text-align: justify;\">\u00a0<\/p>\n<p style=\"text-align: justify;\"><a href=\"https:\/\/mily.lv\/\" target=\"_blank\" rel=\"nofollow noopener\">Mily.lv<\/a> \u2013 \u0101tri un \u0113rti piesaki b\u0113rnu sporta nodarb\u012bb\u0101m vai pulci\u0146am!<\/p>\n<p>\u00a0<\/p>\n<p><\/p>\n","protected":false},"excerpt":{"rendered":"&#8220;Mily&#8221; Latvijas kausu ZU13 grup\u0101 ieg\u016bst &#8220;Lielv\u0101rde&#8221; \u0160odien Lielv\u0101rdes sporta centr\u0101 norisin\u0101j\u0101s &#8220;Mily&#8221; Latvijas kausa izc\u012b\u0146a jaunie\u0161iem ZU13&hellip;\n","protected":false},"author":2,"featured_media":31105,"comment_status":"","ping_status":"","sticky":false,"template":"","format":"standard","meta":{"footnotes":""},"categories":[5],"tags":[405,23,28,29,32,33,22,30,31,35,39,38,36,37,34,40,20,26,27,8686,24,25,21],"class_list":{"0":"post-31104","1":"post","2":"type-post","3":"status-publish","4":"format-standard","5":"has-post-thumbnail","7":"category-aktualitates","8":"tag-405","9":"tag-aktualitates","10":"tag-breaking-news","11":"tag-breakingnews","12":"tag-featured-news","13":"tag-featurednews","14":"tag-headlines","15":"tag-latest-news","16":"tag-latestnews","17":"tag-latvia","18":"tag-latvian","19":"tag-latviesu","20":"tag-latviesu-valoda","21":"tag-latviesuvaloda","22":"tag-latvija","23":"tag-lv","24":"tag-news","25":"tag-popularakas-zinas","26":"tag-popularakaszinas","27":"tag-sporta","28":"tag-top-stories","29":"tag-topstories","30":"tag-zinas"},"share_on_mastodon":{"url":"https:\/\/pubeurope.com\/@lv\/115437254973536506","error":""},"_links":{"self":[{"href":"https:\/\/www.europesays.com\/lv\/wp-json\/wp\/v2\/posts\/31104","targetHints":{"allow":["GET"]}}],"collection":[{"href":"https:\/\/www.europesays.com\/lv\/wp-json\/wp\/v2\/posts"}],"about":[{"href":"https:\/\/www.europesays.com\/lv\/wp-json\/wp\/v2\/types\/post"}],"author":[{"embeddable":true,"href":"https:\/\/www.europesays.com\/lv\/wp-json\/wp\/v2\/users\/2"}],"replies":[{"embeddable":true,"href":"https:\/\/www.europesays.com\/lv\/wp-json\/wp\/v2\/comments?post=31104"}],"version-history":[{"count":0,"href":"https:\/\/www.europesays.com\/lv\/wp-json\/wp\/v2\/posts\/31104\/revisions"}],"wp:featuredmedia":[{"embeddable":true,"href":"https:\/\/www.europesays.com\/lv\/wp-json\/wp\/v2\/media\/31105"}],"wp:attachment":[{"href":"https:\/\/www.europesays.com\/lv\/wp-json\/wp\/v2\/media?parent=31104"}],"wp:term":[{"taxonomy":"category","embeddable":true,"href":"https:\/\/www.europesays.com\/lv\/wp-json\/wp\/v2\/categories?post=31104"},{"taxonomy":"post_tag","embeddable":true,"href":"https:\/\/www.europesays.com\/lv\/wp-json\/wp\/v2\/tags?post=31104"}],"curies":[{"name":"wp","href":"https:\/\/api.w.org\/{rel}","templated":true}]}}