{"id":31109,"date":"2025-10-25T22:57:07","date_gmt":"2025-10-25T22:57:07","guid":{"rendered":"https:\/\/www.europesays.com\/lv\/31109\/"},"modified":"2025-10-25T22:57:07","modified_gmt":"2025-10-25T22:57:07","slug":"janis-rungis-ar-jaunu-energiju-ieskano-ainara-mielava-jubileju-ar-imanta-kalnina-klasiku-lente-lv","status":"publish","type":"post","link":"https:\/\/www.europesays.com\/lv\/31109\/","title":{"rendered":"J\u0101nis Ru\u0146\u0123is Ar Jaunu Ener\u0123iju Ieskano Ainara Mielava Jubileju Ar Imanta Kalni\u0146a Klasiku\u00a0\u2014\u00a0Lente.lv"},"content":{"rendered":"<p>J\u0101nis Ru\u0146\u0123is Ar Jaunu Ener\u0123iju Ieskano Ainara Mielava Jubileju Ar Imanta Kalni\u0146a Klasiku<\/p>\n<p>M\u016bzi\u0137is J\u0101nis Ru\u0146\u0123is, zin\u0101ms ar savu daudzpus\u012bbu un dzi\u013co izpratni par latvie\u0161u m\u016bziku, ir laidis klaj\u0101 jaunu velt\u012bjuma singlu, godinot le\u0123end\u0101ro Ainaru Mielavu vi\u0146a 65. jubilej\u0101. \u0160is muzik\u0101lais \u017eests ir ne tikai cie\u0146as apliecin\u0101jums Mielava ilgajai un noz\u012bm\u012bgajai karjerai, bet ar\u012b apliecin\u0101jums Ru\u0146\u0123a sp\u0113jai atdz\u012bvin\u0101t klasiku ar svaigu skat\u012bjumu.<\/p>\n<p>Dziesmas \u201cAplis\u201d Jaun\u0101 Elpa un T\u0101s St\u0101sts<\/p>\n<p>Par godu Ainara Mielava 65. dzim\u0161anas dienai un gaid\u0101majam jubilejas koncertam \u201cXiaomi Ar\u0113n\u0101\u201d, J\u0101nis Ru\u0146\u0123is kop\u0101 ar Lauru Tu\u010du ir rad\u012bjis jaunu interpret\u0101ciju Imanta Kalni\u0146a dziesmai \u201cAplis\u201d. \u0160\u012b dziesma, kuras v\u0101rdus sacer\u0113jis pats Ainars Mielavs, ieguvusi jaunu skan\u0113jumu vasaras svelm\u0113 tapu\u0161\u0101 saj\u016btu video. Ru\u0146\u0123is un Tu\u010da ir ien\u0113mu\u0161i dziesm\u0101 jaunu dz\u012bv\u012bbu, radot atmosf\u0113ru, kas atspogu\u013co gan ori\u0123in\u0101ldziesmas dzi\u013cumu, gan vasaras \u012bpa\u0161o saj\u016btu. Video, kas uz\u0146emts J\u0101\u0146a Ru\u0146\u0123a dzimtaj\u0101s m\u0101j\u0101s Tei\u013cos, Madonas pus\u0113, izce\u013c dabas kl\u0101tb\u016btni un iek\u0161\u0113jo mieru, simboliz\u0113jot dziesmas b\u016bt\u012bbu.<\/p>\n<p>M\u016bzika K\u0101 Atspulgs Laikam Un Dom\u0101m<\/p>\n<p>J\u0101nis Ru\u0146\u0123is uzsver, ka dziesma \u201cAplis\u201d sev\u012b nes m\u016b\u017e\u012bbas paradoksu un liek aizdom\u0101ties par savstarp\u0113jo saskat\u012b\u0161anu m\u016bsdienu pasaul\u0113. \u201cDziesma ir k\u0101 latvie\u0161u mantra,\u201d vi\u0146\u0161 nor\u0101da, piebilstot, ka vi\u0146\u0161 un Ainars Mielavs sadarboju\u0161ies da\u017e\u0101d\u0101s rado\u0161\u0101s izpausm\u0113s, uz skatuves un ierakstu studij\u0101. Ru\u0146\u0123is atkl\u0101j, ka \u0161is ir pirmais singls no vi\u0146a topo\u0161\u0101 kaverversiju minialbuma, kur\u0101 tiks iek\u013cautas latvie\u0161u dziesmas, kas vi\u0146am biju\u0161as \u012bpa\u0161i noz\u012bm\u012bgas un tuvas. \u0160is projekts apliecina Ru\u0146\u0123a dzi\u013co cie\u0146u pret latvie\u0161u m\u016bzikas mantojumu un vi\u0146a v\u0113lmi dal\u012bties ar sav\u0101m muzik\u0101laj\u0101m atkl\u0101sm\u0113m.<\/p>\n<p>Ainara Mielava Jubilejas Gaisotne<\/p>\n<p>Ainara Mielava 65. jubileja tiek atz\u012bm\u0113ta ne tikai ar Ru\u0146\u0123a singlu, bet ar\u012b ar gaid\u0101mo grandiozo koncertu \u201cXiaomi Ar\u0113n\u0101\u201d, kas notiks 2025. gada 25. oktobr\u012b. Koncerts, kas iecer\u0113ts k\u0101 \u201ctautas sadzied\u0101\u0161an\u0101s\u201d, pulc\u0113s gan Ainaru Mielavu, gan grupu \u201cJauns M\u0113ness\u201d, k\u0101 ar\u012b sen\u0101s m\u016bzikas vok\u0101lo grupu \u201cSchola Cantorum Riga\u201d. Pas\u0101kum\u0101 tiks projic\u0113ti dziesmu v\u0101rdi, aicinot visus kl\u0101teso\u0161os vienoties kop\u012bg\u0101 dzied\u0101\u0161an\u0101. Tiek prognoz\u0113ts, ka \u0161is pas\u0101kums k\u013c\u016bs par neaizmirstamu notikumu latvie\u0161u m\u016bzikas cien\u012bt\u0101jiem, apliecinot Mielava neizdz\u0113\u0161amo ieguld\u012bjumu Latvijas kult\u016bras ain\u0101. Bi\u013cetes uz \u0161o iespaid\u012bgo notikumu jau ir pieejamas.<\/p>\n<p>J\u0101\u0146a Ru\u0146\u0123a Muzik\u0101l\u0101 Ce\u013ca L\u012bnija<\/p>\n<p>J\u0101nis Ru\u0146\u0123is ir atpaz\u012bstams k\u0101 talant\u012bgs multiinstrument\u0101lists, dziesmu autors un producents, \u012bpa\u0161i izce\u013coties k\u0101 profesion\u0101ls \u0123it\u0101rists. Vi\u0146a rado\u0161\u0101 darb\u012bba nav aprobe\u017eojusies tikai ar solo projektiem; vi\u0146\u0161 ir ar\u012b grupas \u201cJ\u0101\u0146a Ru\u0146\u0123a Kl\u0101tb\u016btne\u201d dal\u012bbnieks. 2020. gad\u0101 Ru\u0146\u0123is izdeva divus ori\u0123in\u0101lm\u016bzikas albumus, kas tika nomin\u0113ti \u201cM\u016bzikas ierakstu gada balvai Zelta Mikrofons\u201d. Ru\u0146\u0123is ir paz\u012bstams ar\u012b ar savu darbu pie kinom\u016bzikas, radot ska\u0146u celi\u0146us vair\u0101k\u0101m film\u0101m, kas apliecina vi\u0146a sp\u0113ju izjust un p\u0101rv\u0113rst vizu\u0101los st\u0101stus muzik\u0101l\u0101 form\u0101. Vi\u0146a sadarb\u012bba ar Lauru Tu\u010du dziesmas \u201cAplis\u201d jaunaj\u0101 aran\u017eij\u0101 ir k\u0101 apliecin\u0101jums vi\u0146a nep\u0101rtrauktajai v\u0113lmei eksperiment\u0113t un rad\u012bt jaunas muzik\u0101las v\u0113rt\u012bbas.<\/p>\n<p>\u201cAplis\u201d \u2013 Vair\u0101k Nek\u0101 Tikai Dziesma<\/p>\n<p>Imanta Kalni\u0146a ori\u0123in\u0101ldziesma \u201cAplis\u201d, ar Ainara Mielava v\u0101rdiem, ir k\u013cuvusi par sirdi Latvijas m\u016bzikas v\u0113stur\u0113. \u0160\u012b dziesma, kas bie\u017ei tiek izpild\u012bta da\u017e\u0101d\u0101s koncertprogramm\u0101s un uzvedumos, tai skait\u0101 Dziesmu sv\u0113tku pas\u0101kumos, simboliz\u0113 ciklisko dabu un dz\u012bves nep\u0101rtraukt\u012bbu. Ru\u0146\u0123a versija, papildin\u0101ta ar Lauras Tu\u010das vok\u0101lu un m\u016bsdien\u012bgu aran\u017eiju, pie\u0161\u0137ir tai jaunu dimensiju, vienlaikus saglab\u0101jot ori\u0123in\u0101la dv\u0113seli. Vertik\u0101l\u0101 form\u0101ta video, kas dokument\u0113 vasaras atmosf\u0113ru, pie\u0161\u0137ir dziesmai vizu\u0101lu dzi\u013cumu un saista to ar m\u016bsdienu digit\u0101lo laikmetu, kur\u0101 vertik\u0101lais form\u0101ts ir domin\u0113jo\u0161s.<\/p>\n<p>Sadarb\u012bbas Sp\u0113ks Un N\u0101kotnes Perspekt\u012bvas<\/p>\n<p>Sadarb\u012bba starp J\u0101ni Ru\u0146\u0123i un Lauru Tu\u010du dziesmas \u201cAplis\u201d jaunaj\u0101 iet\u0113rp\u0101 ir veiksm\u012bgs piem\u0113rs tam, k\u0101 da\u017e\u0101di m\u0101kslinieki var apvienoties, lai rad\u012btu ko jaunu un v\u0113rt\u012bgu. Ru\u0146\u0123a jaunais kaverversiju albums, kur\u0101 vi\u0146\u0161 piev\u0113r\u0161as noz\u012bm\u012bg\u0101m latvie\u0161u dziesm\u0101m, sola bag\u0101t\u012bgu muzik\u0101lu pieredzi klaus\u012bt\u0101jiem. \u0160is projekts ne tikai atdz\u012bvina pag\u0101tnes klasiku, bet ar\u012b stiprina latvie\u0161u m\u016bzikas kult\u016bras saikni ar jaun\u0101k\u0101m paaudz\u0113m, nodro\u0161inot t\u0101s nep\u0101rtrauktu att\u012bst\u012bbu un saglab\u0101\u0161anu.<\/p>\n","protected":false},"excerpt":{"rendered":"J\u0101nis Ru\u0146\u0123is Ar Jaunu Ener\u0123iju Ieskano Ainara Mielava Jubileju Ar Imanta Kalni\u0146a Klasiku M\u016bzi\u0137is J\u0101nis Ru\u0146\u0123is, zin\u0101ms ar&hellip;\n","protected":false},"author":2,"featured_media":31110,"comment_status":"","ping_status":"","sticky":false,"template":"","format":"standard","meta":{"footnotes":""},"categories":[19],"tags":[9392,89,9393,90,9391,35,39,38,36,37,34,40],"class_list":{"0":"post-31109","1":"post","2":"type-post","3":"status-publish","4":"format-standard","5":"has-post-thumbnail","7":"category-izklaide","8":"tag-ainars-mielavs","9":"tag-entertainment","10":"tag-imanta-kalnina-dziesma","11":"tag-izklaide","12":"tag-janis-rungis","13":"tag-latvia","14":"tag-latvian","15":"tag-latviesu","16":"tag-latviesu-valoda","17":"tag-latviesuvaloda","18":"tag-latvija","19":"tag-lv"},"share_on_mastodon":{"url":"https:\/\/pubeurope.com\/@lv\/115437282425916917","error":""},"_links":{"self":[{"href":"https:\/\/www.europesays.com\/lv\/wp-json\/wp\/v2\/posts\/31109","targetHints":{"allow":["GET"]}}],"collection":[{"href":"https:\/\/www.europesays.com\/lv\/wp-json\/wp\/v2\/posts"}],"about":[{"href":"https:\/\/www.europesays.com\/lv\/wp-json\/wp\/v2\/types\/post"}],"author":[{"embeddable":true,"href":"https:\/\/www.europesays.com\/lv\/wp-json\/wp\/v2\/users\/2"}],"replies":[{"embeddable":true,"href":"https:\/\/www.europesays.com\/lv\/wp-json\/wp\/v2\/comments?post=31109"}],"version-history":[{"count":0,"href":"https:\/\/www.europesays.com\/lv\/wp-json\/wp\/v2\/posts\/31109\/revisions"}],"wp:featuredmedia":[{"embeddable":true,"href":"https:\/\/www.europesays.com\/lv\/wp-json\/wp\/v2\/media\/31110"}],"wp:attachment":[{"href":"https:\/\/www.europesays.com\/lv\/wp-json\/wp\/v2\/media?parent=31109"}],"wp:term":[{"taxonomy":"category","embeddable":true,"href":"https:\/\/www.europesays.com\/lv\/wp-json\/wp\/v2\/categories?post=31109"},{"taxonomy":"post_tag","embeddable":true,"href":"https:\/\/www.europesays.com\/lv\/wp-json\/wp\/v2\/tags?post=31109"}],"curies":[{"name":"wp","href":"https:\/\/api.w.org\/{rel}","templated":true}]}}