{"id":31137,"date":"2025-10-26T02:00:06","date_gmt":"2025-10-26T02:00:06","guid":{"rendered":"https:\/\/www.europesays.com\/lv\/31137\/"},"modified":"2025-10-26T02:00:06","modified_gmt":"2025-10-26T02:00:06","slug":"metala-cenas-rada-kalsanas-krizi-lente-lv","status":"publish","type":"post","link":"https:\/\/www.europesays.com\/lv\/31137\/","title":{"rendered":"met\u0101la cenas rada kal\u0161anas kr\u012bzi\u00a0\u2014\u00a0Lente.lv"},"content":{"rendered":"<p>Sudraba mon\u0113tu kal\u0161anas kr\u012bze V\u0101cij\u0101<\/p>\n<p>V\u0101cijas Finan\u0161u ministrija ir aptur\u0113jusi divu sudraba piemi\u0146as mon\u0113tu izlai\u0161anu, jo met\u0101la cenu straujais pieaugums padar\u012bjis to kal\u0161anu ekonomiski neizdev\u012bgu. \u0160is l\u0113mums signaliz\u0113 par piesardz\u012bgu pauzi gadu desmitiem ilgu\u0161aj\u0101s trad\u012bcij\u0101s, kas godina V\u0101cijas kult\u016bru un inov\u0101cijas.<\/p>\n<p>P\u0101rdom\u0101tas trad\u012bcijas<\/p>\n<p>V\u0101cijas \u013coti iecien\u012bt\u0101s kolekcion\u0113jam\u0101s sudraba mon\u0113tas saskaras ar eksistenci\u0101lu izaicin\u0101jumu. Bundesbanka apstiprin\u0101jusi, ka divu gaid\u0101mo mon\u0113tu lai\u0161ana klaj\u0101 \u2013 25 eiro un 20 eiro v\u0113rta mon\u0113ta \u2013 ir atlikta, rea\u0123\u0113jot uz strauji augo\u0161aj\u0101m sudraba izmaks\u0101m. Viena no t\u0101m, kas s\u0101kotn\u0113ji bija pl\u0101nota novembr\u012b, att\u0113lo \u201cTr\u012bs gudros \u0137\u0113ni\u0146us\u201d (Heilige Drei K\u00f6nige). Otr\u0101, kas bija paredz\u0113ta janv\u0101r\u012b, godin\u0101s \u201c125 gadus kop\u0161 Vuperes piek\u0101rta dzelzce\u013ca\u201d (Wuppertaler Schwebebahn), atz\u012bm\u0113jot v\u0101cu in\u017eenierzin\u0101t\u0146u ikonas gadadienu.<\/p>\n<p>Glob\u0101lo tirgu ietekme<\/p>\n<p>Lai gan sudraba v\u0113rt\u012bbas pieaugums nav tik dramatisks k\u0101 zeltam, tas ir k\u013cuvis tik d\u0101rgs, ka met\u0101ls, kas atrodas katr\u0101 mon\u0113t\u0101, nu izmaks\u0101 vair\u0101k nek\u0101 t\u0101s nomin\u0101lv\u0113rt\u012bba. Kop\u0161 janv\u0101ra d\u0101rgmet\u0101la cena ir pieaugusi par aptuveni 65%. Tas da\u013c\u0113ji saist\u012bts ar dro\u0161as patv\u0113ruma akt\u012bvu piepras\u012bjumu \u0123eopolitisk\u0101s nenoteikt\u012bbas laik\u0101, ta\u010du sudrabam ir ar\u012b daudz praktisku pielietojumu, kas palielina r\u016bpniecisko piepras\u012bjumu un l\u012bdz ar to ar\u012b cenas. Sudrabam, pateicoties t\u0101 augstajai elektriskajai vad\u012btsp\u0113jai, ir iev\u0113rojami tehnolo\u0123iski pielietojumi.<\/p>\n<p>Mon\u0113tu neparastais statuss<\/p>\n<p>Kolekcion\u0113jam\u0101s mon\u0113tas, lai gan ir likum\u012bgs maks\u0101\u0161anas l\u012bdzeklis, netiek izmantotas pirkumiem un nav apgroz\u012bb\u0101. T\u0101s tiek p\u0101rdotas nedaudz virs nomin\u0101lv\u0113rt\u012bbas, radot zin\u0101mu pe\u013c\u0146u \u2013 ko ekonomisti d\u0113v\u0113 par senjor\u0101\u017eu. Tom\u0113r, kad sudraba cenas strauji pieaug, \u0161\u012b pe\u013c\u0146a iztvaiko. \u0160is pazi\u0146ojums nenoz\u012bm\u0113, ka V\u0101cija ir atteikusies no vis\u0101m sav\u0101m mirdzo\u0161aj\u0101m piemi\u0146as mon\u0113t\u0101m. Finan\u0161u ministrija nor\u0101da, ka n\u0101kotn\u0113 pl\u0101noti jauni izdevumi, tostarp 25 eiro mon\u0113ta par godu Elizabetei \u0160varcheuptai (Elisabeth Schwarzhaupt), pirmajai V\u0101cijas sievie\u0161u kabineta ministrei, un cita, kas svin\u0113s 150. gadadienu kop\u0161 Riharda V\u0101gnera festiv\u0101la Baireit\u0101. Valsts amatpersonas pa\u0161laik izv\u0113rt\u0113, vai izmai\u0146as met\u0101lu sast\u0101v\u0101 var\u0113tu samazin\u0101t zaud\u0113jumus.<\/p>\n<p>Kult\u016bras v\u0113rt\u012bba un n\u0101kotnes perspekt\u012bvas<\/p>\n<p>V\u0101cija ir viena no retaj\u0101m eirozonas valst\u012bm, kas joproj\u0101m izlai\u017e t\u012bra sudraba likum\u012bg\u0101 maks\u0101\u0161anas l\u012bdzek\u013ca mon\u0113tas. Katra piemi\u0146as mon\u0113ta st\u0101sta par V\u0101cijas kult\u016bru, v\u0113sturi un izgudrojumiem, un t\u0101s tiek uzskat\u012btas par nacion\u0101l\u0101 muzeja ekspoz\u012bciju kabatas izm\u0113r\u0101. Iepriek\u0161\u0113j\u0101s godin\u0101t\u0101s personas un notikumi ietver mon\u0113tas, kas velt\u012btas G\u0113tem, Albertam Ein\u0161teinam un V\u0101cij\u0101 dzimu\u0161ajam p\u0101vestam Benediktam XVI. \u0160\u012b pagaidu aptur\u0113\u0161ana uzsver, k\u0101 glob\u0101lo pre\u010du tirgu sv\u0101rst\u012bbas var satricin\u0101t pat senas trad\u012bcijas.<\/p>\n","protected":false},"excerpt":{"rendered":"Sudraba mon\u0113tu kal\u0161anas kr\u012bze V\u0101cij\u0101 V\u0101cijas Finan\u0161u ministrija ir aptur\u0113jusi divu sudraba piemi\u0146as mon\u0113tu izlai\u0161anu, jo met\u0101la cenu&hellip;\n","protected":false},"author":2,"featured_media":31138,"comment_status":"","ping_status":"","sticky":false,"template":"","format":"standard","meta":{"footnotes":""},"categories":[16],"tags":[77,76,438,35,39,38,36,37,34,40,9427,9426,9424,9425],"class_list":{"0":"post-31137","1":"post","2":"type-post","3":"status-publish","4":"format-standard","5":"has-post-thumbnail","7":"category-bizness","8":"tag-bizness","9":"tag-business","10":"tag-finansu-ministrija","11":"tag-latvia","12":"tag-latvian","13":"tag-latviesu","14":"tag-latviesu-valoda","15":"tag-latviesuvaloda","16":"tag-latvija","17":"tag-lv","18":"tag-metalu-cenas","19":"tag-pieminas-monetas","20":"tag-sudraba-monetas","21":"tag-vacijas-monetas"},"share_on_mastodon":{"url":"https:\/\/pubeurope.com\/@lv\/115438002026569881","error":""},"_links":{"self":[{"href":"https:\/\/www.europesays.com\/lv\/wp-json\/wp\/v2\/posts\/31137","targetHints":{"allow":["GET"]}}],"collection":[{"href":"https:\/\/www.europesays.com\/lv\/wp-json\/wp\/v2\/posts"}],"about":[{"href":"https:\/\/www.europesays.com\/lv\/wp-json\/wp\/v2\/types\/post"}],"author":[{"embeddable":true,"href":"https:\/\/www.europesays.com\/lv\/wp-json\/wp\/v2\/users\/2"}],"replies":[{"embeddable":true,"href":"https:\/\/www.europesays.com\/lv\/wp-json\/wp\/v2\/comments?post=31137"}],"version-history":[{"count":0,"href":"https:\/\/www.europesays.com\/lv\/wp-json\/wp\/v2\/posts\/31137\/revisions"}],"wp:featuredmedia":[{"embeddable":true,"href":"https:\/\/www.europesays.com\/lv\/wp-json\/wp\/v2\/media\/31138"}],"wp:attachment":[{"href":"https:\/\/www.europesays.com\/lv\/wp-json\/wp\/v2\/media?parent=31137"}],"wp:term":[{"taxonomy":"category","embeddable":true,"href":"https:\/\/www.europesays.com\/lv\/wp-json\/wp\/v2\/categories?post=31137"},{"taxonomy":"post_tag","embeddable":true,"href":"https:\/\/www.europesays.com\/lv\/wp-json\/wp\/v2\/tags?post=31137"}],"curies":[{"name":"wp","href":"https:\/\/api.w.org\/{rel}","templated":true}]}}