{"id":31139,"date":"2025-10-26T02:03:09","date_gmt":"2025-10-26T02:03:09","guid":{"rendered":"https:\/\/www.europesays.com\/lv\/31139\/"},"modified":"2025-10-26T02:03:09","modified_gmt":"2025-10-26T02:03:09","slug":"latvijas-duets-graudina-samoilova-parspej-lietuvietes-un-solo-uz-elite-16-ceturtdalfinalu","status":"publish","type":"post","link":"https:\/\/www.europesays.com\/lv\/31139\/","title":{"rendered":"Latvijas duets Graudi\u0146a\/Samoilova p\u0101rsp\u0113j lietuvietes un so\u013co uz \u201cElite 16\u201d ceturtda\u013cfin\u0101lu"},"content":{"rendered":"<p>Jau zi\u0146ots, ka E grupas sp\u0113l\u0113s Graudi\u0146a\/Samoilova ar 2-0 (21:10, 21:8) sagr\u0101va ar 20. numuru izlikto Mozambikas p\u0101ri Vanesa Muianga\/Mersija Mu\u010desa, kas iepriek\u0161 p\u0101rvar\u0113ja kvalifik\u0101cijas sacens\u012bbu barjeru, un ar 2-0 (21:16, 21:18) p\u0101rsp\u0113ja N\u012bderlandes duetu Raisa Shona\/Katja Stama (17.), k\u0101 grupas lab\u0101k\u0101 komanda iek\u013c\u016bstot izsl\u0113g\u0161anas sp\u0113\u013cu otraj\u0101 k\u0101rt\u0101.<\/p>\n","protected":false},"excerpt":{"rendered":"Jau zi\u0146ots, ka E grupas sp\u0113l\u0113s Graudi\u0146a\/Samoilova ar 2-0 (21:10, 21:8) sagr\u0101va ar 20. numuru izlikto Mozambikas p\u0101ri&hellip;\n","protected":false},"author":2,"featured_media":31140,"comment_status":"","ping_status":"","sticky":false,"template":"","format":"standard","meta":{"footnotes":""},"categories":[5],"tags":[23,28,29,32,33,22,30,31,35,39,38,36,37,34,40,20,26,27,24,25,21],"class_list":{"0":"post-31139","1":"post","2":"type-post","3":"status-publish","4":"format-standard","5":"has-post-thumbnail","7":"category-aktualitates","8":"tag-aktualitates","9":"tag-breaking-news","10":"tag-breakingnews","11":"tag-featured-news","12":"tag-featurednews","13":"tag-headlines","14":"tag-latest-news","15":"tag-latestnews","16":"tag-latvia","17":"tag-latvian","18":"tag-latviesu","19":"tag-latviesu-valoda","20":"tag-latviesuvaloda","21":"tag-latvija","22":"tag-lv","23":"tag-news","24":"tag-popularakas-zinas","25":"tag-popularakaszinas","26":"tag-top-stories","27":"tag-topstories","28":"tag-zinas"},"share_on_mastodon":{"url":"https:\/\/pubeurope.com\/@lv\/115438013827931419","error":""},"_links":{"self":[{"href":"https:\/\/www.europesays.com\/lv\/wp-json\/wp\/v2\/posts\/31139","targetHints":{"allow":["GET"]}}],"collection":[{"href":"https:\/\/www.europesays.com\/lv\/wp-json\/wp\/v2\/posts"}],"about":[{"href":"https:\/\/www.europesays.com\/lv\/wp-json\/wp\/v2\/types\/post"}],"author":[{"embeddable":true,"href":"https:\/\/www.europesays.com\/lv\/wp-json\/wp\/v2\/users\/2"}],"replies":[{"embeddable":true,"href":"https:\/\/www.europesays.com\/lv\/wp-json\/wp\/v2\/comments?post=31139"}],"version-history":[{"count":0,"href":"https:\/\/www.europesays.com\/lv\/wp-json\/wp\/v2\/posts\/31139\/revisions"}],"wp:featuredmedia":[{"embeddable":true,"href":"https:\/\/www.europesays.com\/lv\/wp-json\/wp\/v2\/media\/31140"}],"wp:attachment":[{"href":"https:\/\/www.europesays.com\/lv\/wp-json\/wp\/v2\/media?parent=31139"}],"wp:term":[{"taxonomy":"category","embeddable":true,"href":"https:\/\/www.europesays.com\/lv\/wp-json\/wp\/v2\/categories?post=31139"},{"taxonomy":"post_tag","embeddable":true,"href":"https:\/\/www.europesays.com\/lv\/wp-json\/wp\/v2\/tags?post=31139"}],"curies":[{"name":"wp","href":"https:\/\/api.w.org\/{rel}","templated":true}]}}