{"id":31163,"date":"2025-10-26T03:38:11","date_gmt":"2025-10-26T03:38:11","guid":{"rendered":"https:\/\/www.europesays.com\/lv\/31163\/"},"modified":"2025-10-26T03:38:11","modified_gmt":"2025-10-26T03:38:11","slug":"baterijas-rezekne-un-tume-no-30-oktobra-nodrosinas-balansesanas-rezerves-energosistemas-drosumam-uzladets","status":"publish","type":"post","link":"https:\/\/www.europesays.com\/lv\/31163\/","title":{"rendered":"Baterijas R\u0113zekn\u0113 un Tum\u0113 no 30. oktobra nodro\u0161in\u0101s balans\u0113\u0161anas rezerves energosist\u0113mas dro\u0161umam \u2013 Uzl\u0101d\u0113ts"},"content":{"rendered":"<p>Latvijas p\u0101rvades sist\u0113mas operators AS \u201cAugstsprieguma t\u012bkls\u201d (AST) pabeidzis darbu pie elektroener\u0123iju uzkr\u0101jo\u0161o bateriju sist\u0113m\u0101m R\u0113zekn\u0113 un Tum\u0113, kas ir nosl\u0113dzo\u0161ais Baltijas energosist\u0113mu sinhroniz\u0101cijas ar Eiropu projekts. <\/p>\n<p>AST baterijas nodro\u0161in\u0101s Latvijas energosist\u0113mai nepiecie\u0161am\u0101s balans\u0113\u0161anas jaudas sist\u0113mas dro\u0161am un stabilam darbam. Abas AST elektroener\u0123iju uzkr\u0101jo\u0161o bateriju sist\u0113mas R\u0113zekn\u0113 un Tum\u0113 ir veiksm\u012bgi nosl\u0113gu\u0161as kvalifik\u0101cijas p\u0101rbaudes frekvences uztur\u0113\u0161anas rezervju (FCR) un autom\u0101tiskas frekvences atjauno\u0161anas rezervju (aFRR) balans\u0113\u0161anas pakalpojumu snieg\u0161anai un to dal\u012bba balans\u0113\u0161anas jaudu tirg\u016b pl\u0101nota no 29. oktobra ar balans\u0113\u0161anas rezervju pieg\u0101di no 30. oktobra.<\/p>\n<blockquote class=\"wp-block-quote is-layout-flow wp-block-quote-is-layout-flow\">\n<p>Lai ar\u012b Latvijas un Baltijas energosist\u0113mu atsl\u0113g\u0161an\u0101s no Krievijas kontrol\u0113t\u0101s energosist\u0113mas un pievieno\u0161an\u0101s Eiropai notika jau febru\u0101ra s\u0101kum\u0101, darbi turpin\u0101j\u0101s. \u0160ogad tika uzst\u0101d\u012bti v\u0113l divi sinhronie kompensatori, veiksm\u012bgi norit\u0113ja Kurzemes sinhrono kompensatoru darb\u012bbas testi un tagad atkl\u0101jam bateriju projektu, kas ir nosl\u0113guma punkts vair\u0101k nek\u0101 15 gadu ilgajam darbam ce\u013c\u0101 uz Baltijas valstu energoneatkar\u012bbu. Ne v\u0113sturiskaj\u0101 ned\u0113\u013cas nogal\u0113 febru\u0101r\u012b, ne k\u0101d\u0101 no citiem sinhroniz\u0101cijas projekta posmiem iedz\u012bvot\u0101ji darbus energosist\u0113m\u0101 pat nepaman\u012bja, elektroapg\u0101dei esot dro\u0161ai un stabilai. P\u0113c AST bateriju darb\u012bbas uzs\u0101k\u0161anas dz\u012bvosim v\u0113l dro\u0161\u0101k\u0101 energosist\u0113m\u0101.<\/p>\n<p>Klimata un ener\u0123\u0113tikas ministrs Kaspars Melnis<\/p><\/blockquote>\n<blockquote class=\"wp-block-quote is-layout-flow wp-block-quote-is-layout-flow\">\n<p>Bateriju projekts R\u0113zekn\u0113 un Tum\u0113 ir nosl\u0113gums m\u016bsu kop\u012bgaj\u0101 darb\u0101 pie p\u0113d\u0113j\u0101s desmitgad\u0113s noz\u012bm\u012bg\u0101k\u0101 energoneatkar\u012bbas projekta \u2013 Baltijas sinhroniz\u0101cijas ar kontinent\u0101lo Eiropu. Baterijas ir noz\u012bm\u012bgas sist\u0113mas dro\u0161ai un nep\u0101rtrauktai darb\u012bbai. R\u0113zekne ir \u012bpa\u0161a vieta Latvijas energoneatkar\u012bbai. \u0160eit 8. febru\u0101r\u012b m\u0113s p\u0101rtrauc\u0101m elektroener\u0123ijas savienojumu ar Krieviju, kas bija ar\u012b simbols m\u016bsu v\u0113sturiskai atkar\u012bbai no Krievijas energosist\u0113mas darb\u012bbas. M\u016bsu liel\u0101kais bateriju projekts R\u0113zekn\u0113 \u0161odien ir pier\u0101d\u012bjums m\u016bsu energoneatkar\u012bbai, jo ar bateriju pal\u012bdz\u012bbu turpin\u0101sim pa\u0161i uztur\u0113t m\u016bsu t\u012bkl\u0101 stabilu darb\u012bbu un frekvenci, t\u0101d\u0101 veid\u0101 nodro\u0161inot dro\u0161u un nep\u0101rtrauktu elektroapg\u0101des pakalpojumu ikvienam Latvijas iedz\u012bvot\u0101jam un Latvijas uz\u0146\u0113mumam. \u0160\u012b ir liela diena gan mums k\u0101 uz\u0146\u0113mumam, gan visai Latvijai, stiprinot valsts ener\u0123\u0113tisko dro\u0161\u012bbu.<\/p>\n<p>AST valdes priek\u0161s\u0113d\u0113t\u0101js Rolands Irklis<\/p><\/blockquote>\n<p>Baterijas ir noz\u012bm\u012bgas kop\u0113jo izmaksu samazin\u0101jums pat\u0113r\u0113t\u0101jiem un tirgus dal\u012bbniekiem Latvij\u0101 un vis\u0101 Baltij\u0101. T\u0101s no 2026. gada \u013caus Latvij\u0101 samazin\u0101t balans\u0113\u0161anas jaudas uztur\u0113\u0161anas izmaksas par apm\u0113ram 20 milj. EUR gad\u0101.<\/p>\n<p><a href=\"https:\/\/uzladets.lv\/elektrumdrive251014kv\" target=\"_blank\" rel=\"nofollow noopener\"><img decoding=\"async\" src=\"https:\/\/www.europesays.com\/lv\/wp-content\/uploads\/2025\/10\/Uzladets.lv_300x250px-8.png\" style=\"max-width: 300px; max-height:250px;\"\/><\/a><img loading=\"lazy\" decoding=\"async\" src=\"https:\/\/www.europesays.com\/lv\/wp-content\/uploads\/2025\/10\/1761054191_51_\" border=\"0\" width=\"1\" height=\"1\"\/><\/p>\n<p><img loading=\"lazy\" decoding=\"async\" width=\"1024\" height=\"683\" src=\"https:\/\/www.europesays.com\/lv\/wp-content\/uploads\/2025\/10\/AST_Rezeknes_BESS_1-1024x683.jpg\" alt=\"AST R\u0113zeknes BESS\" class=\"wp-image-17885\"  \/>AST R\u0113zeknes BESS lentes p\u0101rgrie\u0161ana (Publicit\u0101tes att\u0113ls)<\/p>\n<p>AST baterijas ir patlaban ir viena no jaud\u012bg\u0101kaj\u0101m un liel\u0101kaj\u0101m elektroener\u0123iju uzkr\u0101jo\u0161aj\u0101m bateriju sist\u0113m\u0101m Eiropas Savien\u012bb\u0101, ko Latvijai uzst\u0101d\u012bjis V\u0101cijas uz\u0146\u0113mums Rolls-Royce Solutions sadarb\u012bb\u0101 ar LEC Construction International. R\u0113zeknes bateriju jauda ir 60 MW, ar uzkr\u0101\u0161anas ietilp\u012bbu 120 MWh. Kop\u0101 ar sist\u0113mu Tum\u0113 (20 MW\/40 MWh), t\u0101s sasniedz\u00a080 MW\/160 MWh.<\/p>\n<p>Kop\u0113j\u0101s BESS invest\u012bcijas sasniedz 77,07 miljonus EUR. Bateriju sist\u0113mu pieg\u0101dei un uzst\u0101d\u012b\u0161anai R\u0113zekn\u0113 piesaist\u012bts Eiropas Savien\u012bbas finans\u0113jums no Atvese\u013co\u0161anas un Notur\u012bbas Meh\u0101nisma strukt\u016brfondiem (RePowerEU) 100% apm\u0113r\u0101. Vienlaikus BESS Tum\u0113 un ar BESS piesl\u0113g\u0161anu saist\u012btos apak\u0161staciju papla\u0161in\u0101\u0161anas darbus Tum\u0113 un R\u0113zekn\u0113 75% apjom\u0101 l\u012bdzfinans\u0113 no Eiropas Savieno\u0161anas Instrumenta (Connecting Europe Facility \u2013 CEF). Lai nodro\u0161in\u0101tu efekt\u012bvu BESS darb\u012bbu un pilnv\u0113rt\u012bgi izmantotu to\u00a0 kapacit\u0101ti, AST kop\u0101 ar R\u012bgas Tehnisk\u0101s universit\u0101tes zin\u0101tniekiem izstr\u0101d\u0101ju\u0161i unik\u0101lu bateriju vad\u012bbas sist\u0113mu.<\/p>\n<p>2025. gada 8. febru\u0101r\u012b Baltijas valstis atsl\u0113dz\u0101s no Krievijas kontrol\u0113t\u0101s IPS\/UPS elektroener\u0123ijas sist\u0113mas un 9. febru\u0101r\u012b veiksm\u012bgi pievienoja savas elektrosist\u0113mas kontinent\u0101l\u0101s Eiropas sinhronajai zonai. Baltijas valstis ir pievienoju\u0161\u0101s Eiropas t\u012bklam, kas apkalpo vair\u0101k nek\u0101 400 miljonus pat\u0113r\u0113t\u0101ju 26 valst\u012bs. Sinhroniz\u0101cija \u013cauj Baltijas valst\u012bm p\u0101rvald\u012bt savas elektroener\u0123ijas sist\u0113mas cie\u0161\u0101 sadarb\u012bb\u0101 ar cit\u0101m kontinent\u0101l\u0101s Eiropas valst\u012bm, nodro\u0161inot stabilu un uzticamu frekvences regul\u0113\u0161anu, t\u0101d\u0113j\u0101di stiprinot ener\u0123\u0113tisko neatkar\u012bbu un palielinot ener\u0123\u0113tisko dro\u0161\u012bbu vis\u0101 re\u0123ion\u0101.<\/p>\n<p>Baltijas t\u012bklu sinhroniz\u0101cija ar kontinent\u0101lo Eiropu ir ne tikai pienesums elektroener\u0123ijas apg\u0101des dro\u0161umam re\u0123ion\u0101, t\u0101 veicina ar\u012b Eiropas iek\u0161\u0113j\u0101 ener\u0123ijas tirgus att\u012bst\u012bbu un rada jaunas uz\u0146\u0113m\u0113jdarb\u012bbas iesp\u0113jas. T\u0101pat projekta ietvaros veiktie ieguld\u012bjumi iek\u0101rt\u0101s un tehnolo\u0123ij\u0101s ir viens no priek\u0161nosac\u012bjumiem, lai p\u0101rvades t\u012bklam var\u0113tu dro\u0161i piesl\u0113gt liela apjoma atjaunojam\u0101s ener\u0123ijas avotus un izpild\u012bt Eiropas za\u013c\u0101 kursa m\u0113r\u0137us.<\/p>\n<p><a href=\"https:\/\/mistape.com\" target=\"_blank\" rel=\"nofollow noopener\" class=\"mistape-link mistape-logo\"><\/a><\/p>\n<p>Ja rakst\u0101 paman\u012bji k\u013c\u016bdu, padod mums par to zi\u0146u, iez\u012bm\u0113jot a\u010dg\u0101rno tekstu un nospie\u017eot Ctrl+Enter. Paldies!<\/p>\n<p>&#13;<br \/>\n                    0&#13;<br \/>\n                    0&#13;<br \/>\n                    balsojumi<\/p>\n<p>Raksta nov\u0113rt\u0113jums<\/p>\n<p>\t\tPost navigation<\/p>\n","protected":false},"excerpt":{"rendered":"Latvijas p\u0101rvades sist\u0113mas operators AS \u201cAugstsprieguma t\u012bkls\u201d (AST) pabeidzis darbu pie elektroener\u0123iju uzkr\u0101jo\u0161o bateriju sist\u0113m\u0101m R\u0113zekn\u0113 un Tum\u0113,&hellip;\n","protected":false},"author":2,"featured_media":31164,"comment_status":"","ping_status":"","sticky":false,"template":"","format":"standard","meta":{"footnotes":""},"categories":[12],"tags":[8584,23,9440,8585,28,29,32,33,22,30,31,35,39,38,36,37,34,40,20,26,27,167,24,25,9441,21],"class_list":{"0":"post-31163","1":"post","2":"type-post","3":"status-publish","4":"format-standard","5":"has-post-thumbnail","7":"category-latvija","8":"tag-aer","9":"tag-aktualitates","10":"tag-ast","11":"tag-bess","12":"tag-breaking-news","13":"tag-breakingnews","14":"tag-featured-news","15":"tag-featurednews","16":"tag-headlines","17":"tag-latest-news","18":"tag-latestnews","19":"tag-latvia","20":"tag-latvian","21":"tag-latviesu","22":"tag-latviesu-valoda","23":"tag-latviesuvaloda","24":"tag-latvija","25":"tag-lv","26":"tag-news","27":"tag-popularakas-zinas","28":"tag-popularakaszinas","29":"tag-rezekne","30":"tag-top-stories","31":"tag-topstories","32":"tag-tume","33":"tag-zinas"},"share_on_mastodon":{"url":"https:\/\/pubeurope.com\/@lv\/115438387417208476","error":""},"_links":{"self":[{"href":"https:\/\/www.europesays.com\/lv\/wp-json\/wp\/v2\/posts\/31163","targetHints":{"allow":["GET"]}}],"collection":[{"href":"https:\/\/www.europesays.com\/lv\/wp-json\/wp\/v2\/posts"}],"about":[{"href":"https:\/\/www.europesays.com\/lv\/wp-json\/wp\/v2\/types\/post"}],"author":[{"embeddable":true,"href":"https:\/\/www.europesays.com\/lv\/wp-json\/wp\/v2\/users\/2"}],"replies":[{"embeddable":true,"href":"https:\/\/www.europesays.com\/lv\/wp-json\/wp\/v2\/comments?post=31163"}],"version-history":[{"count":0,"href":"https:\/\/www.europesays.com\/lv\/wp-json\/wp\/v2\/posts\/31163\/revisions"}],"wp:featuredmedia":[{"embeddable":true,"href":"https:\/\/www.europesays.com\/lv\/wp-json\/wp\/v2\/media\/31164"}],"wp:attachment":[{"href":"https:\/\/www.europesays.com\/lv\/wp-json\/wp\/v2\/media?parent=31163"}],"wp:term":[{"taxonomy":"category","embeddable":true,"href":"https:\/\/www.europesays.com\/lv\/wp-json\/wp\/v2\/categories?post=31163"},{"taxonomy":"post_tag","embeddable":true,"href":"https:\/\/www.europesays.com\/lv\/wp-json\/wp\/v2\/tags?post=31163"}],"curies":[{"name":"wp","href":"https:\/\/api.w.org\/{rel}","templated":true}]}}