{"id":31169,"date":"2025-10-26T04:02:13","date_gmt":"2025-10-26T04:02:13","guid":{"rendered":"https:\/\/www.europesays.com\/lv\/31169\/"},"modified":"2025-10-26T04:02:13","modified_gmt":"2025-10-26T04:02:13","slug":"neatliec-kruts-parbaudi-izturies-atbildigi-pret-sevi-un-tuvajiem","status":"publish","type":"post","link":"https:\/\/www.europesays.com\/lv\/31169\/","title":{"rendered":"Neatliec kr\u016bts p\u0101rbaudi: izturies atbild\u012bgi pret sevi un tuvajiem"},"content":{"rendered":"<p>Oktobris \u2013 kr\u016bts vesel\u012bbas m\u0113nesis! Zieme\u013ckurzemes re\u0123ion\u0101l\u0101 slimn\u012bca atg\u0101dina: savlaic\u012bgi atkl\u0101ts kr\u016bts v\u0113zis ir \u0101rst\u0113jams, t\u0101p\u0113c regul\u0101ras p\u0101rbaudes ir ne tikai atbild\u012bba pret sevi, bet ar\u012b saviem tuvajiem.<\/p>\n<p>Kr\u016bts v\u0113zis ir visbie\u017e\u0101k sastopamais \u013caundab\u012bgais audz\u0113js sieviet\u0113m, ta\u010du savlaic\u012bgi atkl\u0101ts, tas ir efekt\u012bvi \u0101rst\u0113jams. Ventspils slimn\u012bcas Diagnostikas noda\u013cas vad\u012bt\u0101js, radiologs, diagnosts Andris K\u0101rkli\u0146\u0161 aicina sievietes atcer\u0113ties par kr\u016bts vesel\u012bbu un veikt p\u0101rbaudes regul\u0101ri:<\/p>\n<p>\u201cRegul\u0101ras p\u0101rbaudes ir ne tikai atbild\u012bba pret sevi. T\u0101 ir atbild\u012bba pret j\u016bsu tuvajiem. Sieviete bie\u017ei vispirms dom\u0101 par apk\u0101rt\u0113jiem, g\u0101d\u0101, lai b\u0113rns b\u016btu vesels un vakcin\u0113ts, ta\u010du nereti aizmirst par sevi. Diem\u017e\u0113l katra n\u0101ve lau\u017e dz\u012bves visiem, kas paliek. T\u0101p\u0113c ikvienai sievietei, neatkar\u012bgi no vecuma, ir j\u0101p\u0101rbaud\u0101s. Vi\u0146a ir m\u0101te, vecm\u0101mi\u0146a, centr\u0101lais balsts savai \u0123imenei. M\u0113s neesam rad\u012bti vientul\u012bbai. R\u016bp\u0113joties par savu vesel\u012bbu, j\u016bs esat atbild\u012bga ar\u012b pret saviem tuv\u0101kajiem!\u201d<\/p>\n<p>K\u0101p\u0113c p\u0101rbaud\u012bties?<\/p>\n<p>Ja pa\u0161p\u0101rbaudes laik\u0101 (ko ieteicams veikt reizi m\u0113nes\u012b) sieviete saj\u016bt ko neparastu, nekav\u0113joties j\u0101konsult\u0113jas ar \u0101rstu. Lai gan veidojumi var b\u016bt nekait\u012bgas cistas, nepiecie\u0161ama t\u0101l\u0101ka izmekl\u0113\u0161ana.<\/p>\n<p>Ja tuv\u0101m radiniec\u0113m (m\u0101te, m\u0101sa, vecm\u0101mi\u0146a) ir bijis kr\u016bts v\u0113zis, tad kr\u016bts v\u0113\u017ea att\u012bst\u012bbas risks ir augst\u0101ks. Viz\u012btes laik\u0101 pie \u0123imenes \u0101rsta ieteicams apspriesties par \u0123en\u0113tisko testu iesp\u0113j\u0101m.<\/p>\n<p>Izmekl\u0113jumu metodes atkar\u012bb\u0101 no vecuma<\/p>\n<p>M\u016bsdienu medic\u012bna pied\u0101v\u0101 pla\u0161u diagnostikas meto\u017eu kl\u0101stu kr\u016b\u0161u vesel\u012bbas uzraudz\u012bbai.<\/p>\n<ul class=\"wp-block-list\">\n<li>Pa\u0161p\u0101rbaude: regul\u0101ra kr\u016b\u0161u iztaust\u012b\u0161ana ir svar\u012bga jebkur\u0101 vecum\u0101.<\/li>\n<li>Kl\u012bnisk\u0101 p\u0101rbaude: kr\u016b\u0161u izmekl\u0113\u0161ana ginekologa ikgad\u0113j\u0101s profilaktisk\u0101s viz\u012btes laik\u0101.<\/li>\n<li>Att\u0113ldiagnostika:<\/li>\n<li>kr\u016b\u0161u ultrasonogr\u0101fija (USG). T\u0101 ir ieteicama jaun\u0101k\u0101m sieviet\u0113m (l\u012bdz aptuveni 35\u201340 gadiem), jo \u0161aj\u0101 vecum\u0101 kr\u016btis parasti ir bl\u012bvas.<\/li>\n<li>Mamogr\u0101fija (rentgenizmekl\u0113\u0161ana). \u0160\u012b ir efekt\u012bv\u0101k\u0101 metode sieviet\u0113m p\u0113c 40\u201345 gadu vecuma, jo ar gadiem kr\u016bt\u012bs palielin\u0101s taukaudu daudzums; izmekl\u0113jumu ieteicams veikt 5. l\u012bdz 10. menstru\u0101l\u0101 cikla dien\u0101 (menopauzes laik\u0101 \u2013 jebkur\u0101 dien\u0101).<\/li>\n<li>mamogr\u0101fija ar tomosint\u0113zi: uzlabota digit\u0101l\u0101 mamogr\u0101fijas metode ar tr\u012bsdimensiju att\u0113lu.<\/li>\n<li>magn\u0113tisk\u0101s rezonanses (MR) mamogr\u0101fija: padzi\u013cin\u0101ta izmekl\u0113\u0161ana specifiskos gad\u012bjumos.<\/li>\n<li>\u0122en\u0113tiskie testi: riska noteik\u0161ana, analiz\u0113jot iedzimt\u012bbu.<\/li>\n<\/ul>\n<p>Valsts atbalsts<\/p>\n<p>Sieviet\u0113m vecum\u0101 no 50 l\u012bdz 69 gadiem reizi 2 gados tiek nos\u016bt\u012bts uzaicin\u0101jums veikt bezmaksas mamogr\u0101fiju valsts organiz\u0113t\u0101s profilakses programmas ietvaros.<\/p>\n<p>Ventspils slimn\u012bc\u0101 iesp\u0113jams veikt:<\/p>\n<ul class=\"wp-block-list\">\n<li>bez maksas\u00a0valsts apmaks\u0101tu mamogr\u0101fiju\u00a0ar NVD uzaicin\u0101juma v\u0113stuli;<\/li>\n<li>valsts apmaks\u0101tu mamogr\u0101fiju\u00a0ar\u00a0\u0123imenes \u0101rsta vai speci\u0101lista\u00a0nos\u016bt\u012bjumu\u00a0(l\u012bdzmaks\u0101juma apm\u0113rs\u00a0\u2013\u00a03,00 EUR).<\/li>\n<\/ul>\n<p>Lai sa\u0146emtu detaliz\u0113t\u0101ku inform\u0101ciju par kr\u016b\u0161u p\u0101rbaudes iesp\u0113j\u0101m un pieejam\u012bbu, aicin\u0101m sazinieties ar Zieme\u013ckurzemes re\u0123ion\u0101lo slimn\u012bcu Ventspil\u012b, zvanot uz t\u0101lru\u0146a numuru: 636 24665.<\/p>\n","protected":false},"excerpt":{"rendered":"Oktobris \u2013 kr\u016bts vesel\u012bbas m\u0113nesis! Zieme\u013ckurzemes re\u0123ion\u0101l\u0101 slimn\u012bca atg\u0101dina: savlaic\u012bgi atkl\u0101ts kr\u016bts v\u0113zis ir \u0101rst\u0113jams, t\u0101p\u0113c regul\u0101ras p\u0101rbaudes&hellip;\n","protected":false},"author":2,"featured_media":31170,"comment_status":"","ping_status":"","sticky":false,"template":"","format":"standard","meta":{"footnotes":""},"categories":[12],"tags":[23,28,29,32,33,22,30,31,35,39,38,36,37,34,40,20,26,27,24,25,21],"class_list":{"0":"post-31169","1":"post","2":"type-post","3":"status-publish","4":"format-standard","5":"has-post-thumbnail","7":"category-latvija","8":"tag-aktualitates","9":"tag-breaking-news","10":"tag-breakingnews","11":"tag-featured-news","12":"tag-featurednews","13":"tag-headlines","14":"tag-latest-news","15":"tag-latestnews","16":"tag-latvia","17":"tag-latvian","18":"tag-latviesu","19":"tag-latviesu-valoda","20":"tag-latviesuvaloda","21":"tag-latvija","22":"tag-lv","23":"tag-news","24":"tag-popularakas-zinas","25":"tag-popularakaszinas","26":"tag-top-stories","27":"tag-topstories","28":"tag-zinas"},"share_on_mastodon":{"url":"https:\/\/pubeurope.com\/@lv\/115438481758838391","error":""},"_links":{"self":[{"href":"https:\/\/www.europesays.com\/lv\/wp-json\/wp\/v2\/posts\/31169","targetHints":{"allow":["GET"]}}],"collection":[{"href":"https:\/\/www.europesays.com\/lv\/wp-json\/wp\/v2\/posts"}],"about":[{"href":"https:\/\/www.europesays.com\/lv\/wp-json\/wp\/v2\/types\/post"}],"author":[{"embeddable":true,"href":"https:\/\/www.europesays.com\/lv\/wp-json\/wp\/v2\/users\/2"}],"replies":[{"embeddable":true,"href":"https:\/\/www.europesays.com\/lv\/wp-json\/wp\/v2\/comments?post=31169"}],"version-history":[{"count":0,"href":"https:\/\/www.europesays.com\/lv\/wp-json\/wp\/v2\/posts\/31169\/revisions"}],"wp:featuredmedia":[{"embeddable":true,"href":"https:\/\/www.europesays.com\/lv\/wp-json\/wp\/v2\/media\/31170"}],"wp:attachment":[{"href":"https:\/\/www.europesays.com\/lv\/wp-json\/wp\/v2\/media?parent=31169"}],"wp:term":[{"taxonomy":"category","embeddable":true,"href":"https:\/\/www.europesays.com\/lv\/wp-json\/wp\/v2\/categories?post=31169"},{"taxonomy":"post_tag","embeddable":true,"href":"https:\/\/www.europesays.com\/lv\/wp-json\/wp\/v2\/tags?post=31169"}],"curies":[{"name":"wp","href":"https:\/\/api.w.org\/{rel}","templated":true}]}}