{"id":31175,"date":"2025-10-26T04:26:12","date_gmt":"2025-10-26T04:26:12","guid":{"rendered":"https:\/\/www.europesays.com\/lv\/31175\/"},"modified":"2025-10-26T04:26:12","modified_gmt":"2025-10-26T04:26:12","slug":"vm-piedava-pariet-uz-tris-limenu-slimnicam-un-ieviest-kvalitate-balstitu-finansesanas-sistemu-rekurzeme-lv","status":"publish","type":"post","link":"https:\/\/www.europesays.com\/lv\/31175\/","title":{"rendered":"VM pied\u0101v\u0101 p\u0101riet uz tr\u012bs l\u012bme\u0146u slimn\u012bc\u0101m un ieviest kvalit\u0101t\u0113 balst\u012btu finans\u0113\u0161anas sist\u0113mu \u2013 ReKurZeme.lv"},"content":{"rendered":"<p><img fetchpriority=\"high\" decoding=\"async\" width=\"1024\" height=\"768\" src=\"https:\/\/www.europesays.com\/lv\/wp-content\/uploads\/2025\/10\/IMG_20230116_123906-1024x768-1.jpg\" alt=\"\" class=\"wp-image-126925\"  \/><\/p>\n<p>Vesel\u012bbas ministrija (VM) rosina l\u012bdz 2029. gadam p\u0101riet uz tr\u012bs l\u012bme\u0146u slimn\u012bcu modeli pa\u0161reiz\u0113jo piecu viet\u0101, k\u0101 ar\u012b ieviest kvalit\u0101tes r\u0101d\u012bt\u0101jos balst\u012btu finans\u0113\u0161anas sist\u0113mu un paredz\u0113t \u0101rstniec\u012bbas iest\u0101d\u0113m liel\u0101ku elast\u012bbu l\u012bdzek\u013cu izmanto\u0161an\u0101, paredz sabiedriskajai apsprie\u0161anai nodotais ministrijas zi\u0146ojums \u201cPar slimn\u012bcu t\u012bklu\u201d.<\/p>\n<p>Saturs turpin\u0101sies p\u0113c rekl\u0101mas.<\/p>\n<p>Saturs turpin\u0101sies p\u0113c rekl\u0101mas.<\/p>\n<p>K\u0101 a\u0123ent\u016bru LETA inform\u0113ja VM Komunik\u0101cijas noda\u013cas vad\u012bt\u0101js Oskars \u0160neiders, zi\u0146ojums aptver principus slimn\u012bcu t\u012bkla organiz\u0113\u0161anai, nevis individu\u0101lu iest\u0101\u017eu darb\u012bbas izmai\u0146as. \u201cB\u016btiski nor\u0101d\u012bt, ka \u0161obr\u012bd nav pie\u0146emti l\u0113mumi par konkr\u0113tu slimn\u012bcu profilu p\u0101rskat\u012b\u0161anu vai reorganiz\u0101ciju,\u201d uzsver ministrij\u0101.<\/p>\n<p>VM pied\u0101v\u0101 p\u0101riet uz tr\u012bs l\u012bme\u0146u iedal\u012bjumu slimn\u012bcu modeli \u2013 daudzprofilu slimn\u012bc\u0101m, re\u0123ion\u0101laj\u0101m un lok\u0101laj\u0101m slimn\u012bc\u0101m.<\/p>\n<p>Tiek pl\u0101nots, ka specializ\u0113t\u0101s \u0101rstniec\u012bbas iest\u0101des veidos atsevi\u0161\u0137u t\u012bklu. Re\u0123ion\u0101laj\u0101s slimn\u012bc\u0101s tiks nodro\u0161in\u0101ti terapijas un \u0137irur\u0123ijas pakalpojumu profili, savuk\u0101rt p\u0101r\u0113jie profili tiks nodro\u0161in\u0101ti atbilsto\u0161i nepiecie\u0161am\u012bbai un resursu pieejam\u012bbai. Vienlaikus \u0161aj\u0101s slimn\u012bc\u0101s visu diennakti b\u016bs j\u0101b\u016bt pieejamiem funkcion\u0101l\u0101s, vizu\u0101l\u0101s diagnostikas un laboratoriskajiem pakalpojumiem.<\/p>\n<p>Saturs turpin\u0101sies p\u0113c rekl\u0101mas.<\/p>\n<p>Izv\u0113rt\u0113jot pacientu pl\u016bsmu un pieejamos cilv\u0113kresursus, lok\u0101l\u0101s slimn\u012bcas tiks iedal\u012btas div\u0101s grup\u0101s: \u0101rstniec\u012bbas iest\u0101d\u0113s, kur\u0101s saglab\u0101sies Neatliekam\u0101s medic\u012bnas un pacientu uz\u0146em\u0161anas noda\u013ca (NMPUN) un \u0101rstniec\u012bbas iest\u0101d\u0113s, kur\u0101s darbosies steidzam\u0101s medic\u012bnisk\u0101s pal\u012bdz\u012bbas noda\u013ca.<\/p>\n<p>Lok\u0101l\u0101s slimn\u012bc\u0101s, kur\u0101s tiks saglab\u0101ts NMPUN, visu diennakti neatliekamo vesel\u012bbas apr\u016bpi nodro\u0161in\u0101s \u0101rsts speci\u0101lists intern\u0101s medic\u012bnas (terapijas) vai \u0137irur\u0123ijas profil\u0101. Vienlaikus \u0161aj\u0101s slimn\u012bc\u0101s tiks nodro\u0161in\u0101ti pl\u0101nveida intern\u0101s medic\u012bnas pakalpojumi, tostarp terapija un hronisko pacientu apr\u016bpe, k\u0101 ar\u012b turpin\u0101ta pacientu \u0101rst\u0113\u0161ana un rehabilit\u0101cija p\u0113c sare\u017e\u0123\u012bt\u0101kas vai smag\u0101kas \u0101rst\u0113\u0161an\u0101s augst\u0101ka l\u012bme\u0146a slimn\u012bc\u0101s.<\/p>\n<p>Slimn\u012bcu l\u012bme\u0146i un stacion\u0101ro pakalpojumu kl\u0101sts tiks noteikti p\u0113c slimn\u012bcas kapacit\u0101tes, pieejam\u0101 \u0101rstniec\u012bbas person\u0101la, infrastrukt\u016bras un sniegto pakalpojumu sare\u017e\u0123\u012bt\u012bbas, skaidro VM.<\/p>\n<p>Saturs turpin\u0101sies p\u0113c rekl\u0101mas.<\/p>\n<p>Vienlaikus paredz\u0113ts, ka neatliekam\u0101 medic\u012bnisk\u0101 pal\u012bdz\u012bba tiks nodro\u0161in\u0101ta vis\u0101s slimn\u012bc\u0101s neatkar\u012bgi no to l\u012bme\u0146a. Katr\u0101 no slimn\u012bc\u0101m iedz\u012bvot\u0101jiem b\u016bs pieejami \u0101rsti, atbalsta person\u0101ls, laboratoriskie un diagnostiskie izmekl\u0113jumi diennakts re\u017e\u012bm\u0101.<\/p>\n<p>Lai samazin\u0101tu p\u0101rslodzi uz\u0146em\u0161anas noda\u013c\u0101s, no 2025. gada paredz\u0113ts pilot\u0113t \u201csteidzam\u0101s medic\u012bnisk\u0101s pal\u012bdz\u012bbas noda\u013cas\u201d maz\u0101k\u0101s slimn\u012bc\u0101s, kur pacientu pl\u016bsma ir neliela.<\/p>\n<p>T\u0101pat pl\u0101nots ieviest vienotus pacientu nov\u0113ro\u0161anas krit\u0113rijus, kas \u013cautu nov\u0113rst nepamatotu hospitaliz\u0101ciju. Pa\u0161laik vid\u0113ji 80% nov\u0113roto pacientu p\u0113c \u012bslaic\u012bgas \u0101rst\u0113\u0161anas stacion\u0113t nav nepiecie\u0161ams. Paredz\u0113ta ar\u012b nov\u0113ro\u0161anas jeb observ\u0101cijas pakalpojumu att\u012bst\u012bba, kas \u013caus samazin\u0101t nepamatotu hospitaliz\u0101ciju skaitu un uzlabot apr\u016bpes efektivit\u0101ti.<\/p>\n<p>Saturs turpin\u0101sies p\u0113c rekl\u0101mas.<\/p>\n<p>VM uzsver, ka \u012bpa\u0161a uzman\u012bba tiks piev\u0113rsta slimn\u012bc\u0101m \u0101r\u0113j\u0101s robe\u017eas tuvum\u0101, lai nodro\u0161in\u0101tu neatliekam\u0101s medic\u012bnisk\u0101s pal\u012bdz\u012bbas pieejam\u012bbas nep\u0101rtraukt\u012bbu. Papildus tiks stiprin\u0101ta sadarb\u012bba ar Neatliekam\u0101s medic\u012bnisk\u0101s pal\u012bdz\u012bbas dienestu, analiz\u0113ts brig\u0101\u017eu izvietojums un pl\u0101nota t\u012bkla papla\u0161in\u0101\u0161ana.<\/p>\n<p>Vienlaikus, k\u0101 uzsver VM, \u0146emot v\u0113r\u0101 ierobe\u017eotu valsts bud\u017eeta finans\u0113jumu, ir nepiecie\u0161ams p\u0101rskat\u012bt finans\u0113\u0161anas modeli, paredzot \u0101rstniec\u012bbas iest\u0101d\u0113m liel\u0101ku elast\u012bbu l\u012bdzek\u013cu izmanto\u0161an\u0101 un vienlaikus veicinot efekt\u012bv\u0101ku pacientu \u0101rst\u0113\u0161anu.<\/p>\n<p>T\u0101p\u0113c l\u012bdz 2029. gadam, pl\u0101nojot finans\u0113jumu slimn\u012bc\u0101m, tiks v\u0113rt\u0113ta ar\u012b sniegto vesel\u012bbas apr\u016bpes pakalpojumu kvalit\u0101te, lai m\u0113r\u0137tiec\u012bgi stiprin\u0101tu t\u0101s \u0101rstniec\u012bbas iest\u0101des, kas darbojas efekt\u012bv\u0101k, nevis vien\u0101di uztur\u0113tu visas slimn\u012bcas neatkar\u012bgi no rezult\u0101tiem, nor\u0101d\u012bts zi\u0146ojum\u0101.<\/p>\n<p>Saturs turpin\u0101sies p\u0113c rekl\u0101mas.<\/p>\n<p>VM uzsver, ka finans\u0113\u0161anas modelim j\u0101nodro\u0161ina liel\u0101ka elast\u012bba slimn\u012bcu vad\u012bbai finans\u0113juma izmanto\u0161an\u0101, vienlaikus motiv\u0113jot efekt\u012bv\u0101ku pakalpojumu snieg\u0161anu \u0101rpus stacion\u0101r\u0101s apr\u016bpes un veicinot atvese\u013co\u0161an\u0101s procesu nodro\u0161in\u0101\u0161anu zem\u0101ka l\u012bme\u0146a slimn\u012bc\u0101s. T\u0101pat finans\u0113\u0161anas principiem nevajadz\u0113tu ierobe\u017eot darba organiz\u0101ciju attiec\u012bb\u0101 uz person\u0101la piesaisti k\u0101dai konkr\u0113tai noda\u013cai vai de\u017eur\u0113\u0161anu vienas slimn\u012bcas ietvar\u0101.<\/p>\n<p>T\u0101pat VM rosina izv\u0113rt\u0113t kop\u0113j\u0101 finans\u0113juma (\u201cbulk financing\u201d) pilotprojekta iesp\u0113ju vien\u0101 vid\u0113ja izm\u0113ra Latvijas slimn\u012bc\u0101. Tas noz\u012bm\u0113tu, ka slimn\u012bca, l\u012bdz\u012bgi k\u0101 Skandin\u0101vij\u0101, sa\u0146emtu fiks\u0113tu gada bud\u017eetu, nevis prec\u012bzu samaksu par katru pacientu. Slimn\u012bca b\u016btu atbild\u012bga par noteikta pakalpojumu apjoma un kvalit\u0101tes nodro\u0161in\u0101\u0161anu, un pilotprojekta rezult\u0101ti tiktu sal\u012bdzin\u0101ti ar l\u012bdzv\u0113rt\u012bgu slimn\u012bcu, kas turpina darbu eso\u0161aj\u0101 finans\u0113\u0161anas model\u012b.<\/p>\n<p>VM uzsver, ka pilotprojekta m\u0113r\u0137is b\u016btu samazin\u0101t maznoz\u012bm\u012bgu hospitaliz\u0101ciju un izmekl\u0113jumu skaitu, k\u0101 ar\u012b virz\u012bt atl\u012bdz\u012bbu par rezult\u0101tu, nevis tikai par sniegto pakalpojumu apjomu.<\/p>\n<p>Saturs turpin\u0101sies p\u0113c rekl\u0101mas.<\/p>\n<p>Ministrija atz\u012bm\u0113, ka slimn\u012bcu t\u012bkla reforma ir nepiecie\u0161ama, jo Latvij\u0101 joproj\u0101m tr\u016bkst \u0101rstniec\u012bbas person\u0101la un slimn\u012bcu sp\u0113ja nodro\u0161in\u0101t diennakts de\u017e\u016bras b\u016btiski at\u0161\u0137iras.<\/p>\n<p>Pag\u0101ju\u0161aj\u0101 gad\u0101 \u012bstenotais pilotprojekts par hospitaliz\u0101cijas k\u0101rt\u012bbu par\u0101d\u012bjis, ka jau \u0161obr\u012bd ir slimn\u012bcas, kas nenodro\u0161ina neatliekamo medic\u012bnisko pal\u012bdz\u012bbu atbilsto\u0161\u0101 apm\u0113r\u0101 person\u0101la tr\u016bkuma d\u0113\u013c, t\u0101d\u0113\u013c nepiecie\u0161ams l\u012bdz\u0161in\u0113jo k\u0101rt\u012bbu p\u0101rskat\u012bt. T\u0101lab zi\u0146ojum\u0101 iek\u013cautas pak\u0101peniski \u012bstenojams pas\u0101kumu kopums atbilsto\u0161i Valsts kontroles rev\u012bzijas ieteikumu \u012bsteno\u0161anai par stacion\u0101r\u0101s vesel\u012bbas apr\u016bpes organiz\u0113\u0161anu, nor\u0101da VM.<\/p>\n<p>Demogr\u0101fiskie izaicin\u0101jumi ir l\u012bdz\u012bgi ar\u012b cit\u0101s Eiropas Savien\u012bbas valst\u012bs, t\u0101d\u0113\u013c slimn\u012bcu t\u012bkla p\u0101rskat\u012b\u0161ana \u0161obr\u012bd tiek \u012bstenota ar\u012b t\u0101d\u0101s valst\u012bs k\u0101 Igaunija, Lietuva, V\u0101cija, \u012arija, Austrija, Slov\u0101kija un cit\u0101s, nor\u0101da ministrij\u0101.<\/p>\n<p>Saturs turpin\u0101sies p\u0113c rekl\u0101mas.<\/p>\n<p>Zi\u0146ojums nodots sabiedriskajai apsprie\u0161anai l\u012bdz 7. novembrim. Savuk\u0101rt 13. novembr\u012b ministrij\u0101 no plkst. 11 l\u012bdz 14 gaid\u0101ma kl\u0101tienes apspriede par iecer\u0113to. Pieteikumu dal\u012bbai san\u0101ksm\u0113, k\u0101 ar\u012b ieteikumus izskat\u012b\u0161anai san\u0101ksm\u0113 ministrija l\u016bdz l\u012bdz 7. novembrim nos\u016bt\u012bt uz e-pasta adresi \u201csanda.lejniece@vm.gov.lv\u201d.<\/p>\n<p>Foto \u2013 Uldis Dobelis\n            \t\t    <\/p>\n","protected":false},"excerpt":{"rendered":"Vesel\u012bbas ministrija (VM) rosina l\u012bdz 2029. gadam p\u0101riet uz tr\u012bs l\u012bme\u0146u slimn\u012bcu modeli pa\u0161reiz\u0113jo piecu viet\u0101, k\u0101 ar\u012b&hellip;\n","protected":false},"author":2,"featured_media":31176,"comment_status":"","ping_status":"","sticky":false,"template":"","format":"standard","meta":{"footnotes":""},"categories":[12],"tags":[23,28,29,32,33,22,30,31,35,39,38,36,37,34,40,20,26,27,24,25,21],"class_list":{"0":"post-31175","1":"post","2":"type-post","3":"status-publish","4":"format-standard","5":"has-post-thumbnail","7":"category-latvija","8":"tag-aktualitates","9":"tag-breaking-news","10":"tag-breakingnews","11":"tag-featured-news","12":"tag-featurednews","13":"tag-headlines","14":"tag-latest-news","15":"tag-latestnews","16":"tag-latvia","17":"tag-latvian","18":"tag-latviesu","19":"tag-latviesu-valoda","20":"tag-latviesuvaloda","21":"tag-latvija","22":"tag-lv","23":"tag-news","24":"tag-popularakas-zinas","25":"tag-popularakaszinas","26":"tag-top-stories","27":"tag-topstories","28":"tag-zinas"},"share_on_mastodon":{"url":"https:\/\/pubeurope.com\/@lv\/115438576186737779","error":""},"_links":{"self":[{"href":"https:\/\/www.europesays.com\/lv\/wp-json\/wp\/v2\/posts\/31175","targetHints":{"allow":["GET"]}}],"collection":[{"href":"https:\/\/www.europesays.com\/lv\/wp-json\/wp\/v2\/posts"}],"about":[{"href":"https:\/\/www.europesays.com\/lv\/wp-json\/wp\/v2\/types\/post"}],"author":[{"embeddable":true,"href":"https:\/\/www.europesays.com\/lv\/wp-json\/wp\/v2\/users\/2"}],"replies":[{"embeddable":true,"href":"https:\/\/www.europesays.com\/lv\/wp-json\/wp\/v2\/comments?post=31175"}],"version-history":[{"count":0,"href":"https:\/\/www.europesays.com\/lv\/wp-json\/wp\/v2\/posts\/31175\/revisions"}],"wp:featuredmedia":[{"embeddable":true,"href":"https:\/\/www.europesays.com\/lv\/wp-json\/wp\/v2\/media\/31176"}],"wp:attachment":[{"href":"https:\/\/www.europesays.com\/lv\/wp-json\/wp\/v2\/media?parent=31175"}],"wp:term":[{"taxonomy":"category","embeddable":true,"href":"https:\/\/www.europesays.com\/lv\/wp-json\/wp\/v2\/categories?post=31175"},{"taxonomy":"post_tag","embeddable":true,"href":"https:\/\/www.europesays.com\/lv\/wp-json\/wp\/v2\/tags?post=31175"}],"curies":[{"name":"wp","href":"https:\/\/api.w.org\/{rel}","templated":true}]}}