{"id":31183,"date":"2025-10-26T04:57:06","date_gmt":"2025-10-26T04:57:06","guid":{"rendered":"https:\/\/www.europesays.com\/lv\/31183\/"},"modified":"2025-10-26T04:57:06","modified_gmt":"2025-10-26T04:57:06","slug":"asv-noteikusas-sankcijas-kolumbijas-prezidentam-gustavo-petro-par-narkotiku-kartelu-atbalstisanu-lente-lv","status":"publish","type":"post","link":"https:\/\/www.europesays.com\/lv\/31183\/","title":{"rendered":"ASV noteiku\u0161as sankcijas Kolumbijas prezidentam Gustavo Petro par narkotiku karte\u013cu atbalst\u012b\u0161anu\u00a0\u2014\u00a0Lente.lv"},"content":{"rendered":"<p>ASV noteiku\u0161as sankcijas pret Kolumbijas prezidentu Gustavo Petro<\/p>\n<p>Amerikas Savienot\u0101s Valstis (ASV) ir izdevu\u0161as sankcijas pret Kolumbijas prezidentu Gustavo Petro, aps\u016bdzot vi\u0146u par narkotiku karte\u013cu atbalst\u012b\u0161anu un \u013caujot tiem plaukt. \u0160is drosm\u012bgais solis seko p\u0113c vair\u0101ku m\u0113ne\u0161u spriedzes un publiska v\u0101rdu kara starp Petro un ASV prezidentu Donaldu Trampu. Sankciju ievie\u0161ana ir rad\u012bjusi nopietnas diplom\u0101tisk\u0101s sekas, un Kolumbija ir atsaukusi savu v\u0113stnieku no ASV uz konsult\u0101cij\u0101m Bogot\u0101. \u0160\u012b kr\u012bze ir savijusies ap str\u012bdiem par narkotiku kontrabandas apkaro\u0161anu un ASV \u012bstenotaj\u0101m oper\u0101cij\u0101m Kar\u012bbu j\u016br\u0101.<\/p>\n<p>Diplom\u0101tisk\u0101 spriedze un aps\u016bdz\u012bbas<\/p>\n<p>Str\u012bds starp ab\u0101m valst\u012bm ir saasin\u0101jies aizvien vair\u0101k, \u012bpa\u0161i kop\u0161 Donalda Trampa atgrie\u0161an\u0101s pie varas ASV. Tramps ir publiski kritiz\u0113jis Kolumbijas prezidentu Petro, nod\u0113v\u0113jot vi\u0146u par &#8220;neleg\u0101lo narkotiku l\u012bderi&#8221; un draudot p\u0101rtraukt finansi\u0101lo pal\u012bdz\u012bbu, k\u0101 ar\u012b noteikt papildu muitas tarifus Kolumbijas prec\u0113m. \u0160\u0101di izteikumi ir izrais\u012bju\u0161i sa\u0161utumu Kolumbij\u0101, kur iek\u0161lietu ministrs Armando Bendeti tos raksturojis k\u0101 &#8220;iebrukuma vai milit\u0101ras r\u012bc\u012bbas draudus&#8221;. Petro savuk\u0101rt ir aps\u016bdz\u0113jis Trampu slepkav\u012bb\u0101s un Kolumbijas suverenit\u0101tes p\u0101rk\u0101p\u0161an\u0101, \u012bpa\u0161i saist\u012bb\u0101 ar ASV veiktajiem triecieniem narkotiku kontrabandas ku\u0123iem Kar\u012bbu j\u016br\u0101, kuros g\u0101ju\u0161i boj\u0101 civiliedz\u012bvot\u0101ji.<\/p>\n<p>Narkotiku apkaro\u0161anas politikas at\u0161\u0137ir\u012bbas<\/p>\n<p>ASV l\u0113mums noteikt sankcijas pret Kolumbijas prezidentu Gustavo Petro skaidrojams ar nepietiekamiem centieniem ierobe\u017eot kokas audz\u0113\u0161anu un koka\u012bna non\u0101k\u0161anu glob\u0101lajos narkotiku tirgos. Kolumbija, kas ir pasaul\u0113 liel\u0101k\u0101 koka\u012bna ra\u017eot\u0101jvalsts, nav sp\u0113jusi piln\u012bb\u0101 izpild\u012bt ASV pras\u012bbas \u0161aj\u0101 jom\u0101. Petro kop\u0161 st\u0101\u0161an\u0101s prezidenta amat\u0101 2022. gad\u0101 ir aizst\u0101v\u0113jis at\u0161\u0137ir\u012bgu pieeju narkotiku apkaro\u0161anai, uzsverot soci\u0101lo probl\u0113mu risin\u0101\u0161anu, kas veicina narkotiku tirdzniec\u012bbu, nevis tikai milit\u0101ras oper\u0101cijas. Tas ir pretrun\u0101 ar Trampa administr\u0101cijas stingro nost\u0101ju, kas pieprasa akt\u012bv\u0101ku un agres\u012bv\u0101ku c\u012b\u0146u pret narkokarte\u013ciem.<\/p>\n<p>ASV un Kolumbijas attiec\u012bbas v\u0113sturisk\u0101 perspekt\u012bv\u0101<\/p>\n<p>Kolumbija gadu desmitiem ir bijusi viena no tuv\u0101kaj\u0101m ASV sabiedrotaj\u0101m Lat\u012b\u0146amerik\u0101, sa\u0146emot iev\u0113rojamu finansi\u0101lo un milit\u0101ro pal\u012bdz\u012bbu. Ta\u010du p\u0113d\u0113jos gados, \u012bpa\u0161i kop\u0161 Trampa atgrie\u0161an\u0101s pie varas, abu valstu attiec\u012bbas ir krasi pasliktin\u0101ju\u0161\u0101s. Trampa administr\u0101cija ir p\u0101rtraukusi finansi\u0101lo pal\u012bdz\u012bbu Kolumbijai, uzskatot to par sodu par nesp\u0113ju efekt\u012bvi kontrol\u0113t narkotiku apriti. \u0160is solis ir rad\u012bjis nopietnas domstarp\u012bbas un rad\u012bjis diplom\u0101tisku kr\u012bzi, kas var\u0113tu turpin\u0101ties, jo abu valstu l\u012bderi turpina publiski konfront\u0113t viens otru.<\/p>\n<p>Situ\u0101cijas att\u012bst\u012bba un iesp\u0113jam\u0101s sekas<\/p>\n<p>Situ\u0101cija starp ASV un Kolumbiju ir k\u013cuvusi \u013coti saspringta. Kolumbijas v\u0113stnieka atsauk\u0161ana ir nopietns sign\u0101ls par diplom\u0101tisko attiec\u012bbu pasliktin\u0101\u0161anos. Turpm\u0101k\u0101 att\u012bst\u012bba ir atkar\u012bga no abu valstu l\u012bderu sp\u0113jas rast kompromisu un samazin\u0101t spriedzi. Ja situ\u0101cija netiks atrisin\u0101ta, tas var\u0113tu rad\u012bt v\u0113l liel\u0101kas sekas re\u0123ion\u0101lajai dro\u0161\u012bbai un stabilit\u0101tei, k\u0101 ar\u012b ietekm\u0113t c\u012b\u0146u pret narkotiku tirdzniec\u012bbu pasaules m\u0113rog\u0101. Sabiedr\u012bbai un politikas veidot\u0101jiem ir svar\u012bgi sekot l\u012bdzi notikumu att\u012bst\u012bbai un mekl\u0113t risin\u0101jumus, kas veicin\u0101tu mieru un sadarb\u012bbu.<\/p>\n","protected":false},"excerpt":{"rendered":"ASV noteiku\u0161as sankcijas pret Kolumbijas prezidentu Gustavo Petro Amerikas Savienot\u0101s Valstis (ASV) ir izdevu\u0161as sankcijas pret Kolumbijas prezidentu&hellip;\n","protected":false},"author":2,"featured_media":31184,"comment_status":"","ping_status":"","sticky":false,"template":"","format":"standard","meta":{"footnotes":""},"categories":[5],"tags":[23,9445,28,29,9446,32,33,8395,22,8355,30,31,35,39,38,36,37,34,40,8036,20,26,27,24,25,21],"class_list":{"0":"post-31183","1":"post","2":"type-post","3":"status-publish","4":"format-standard","5":"has-post-thumbnail","7":"category-aktualitates","8":"tag-aktualitates","9":"tag-asv-sankcijas","10":"tag-breaking-news","11":"tag-breakingnews","12":"tag-diplomatiska-krize","13":"tag-featured-news","14":"tag-featurednews","15":"tag-gustavo-petro","16":"tag-headlines","17":"tag-kolumbija","18":"tag-latest-news","19":"tag-latestnews","20":"tag-latvia","21":"tag-latvian","22":"tag-latviesu","23":"tag-latviesu-valoda","24":"tag-latviesuvaloda","25":"tag-latvija","26":"tag-lv","27":"tag-narkotiku-karteli","28":"tag-news","29":"tag-popularakas-zinas","30":"tag-popularakaszinas","31":"tag-top-stories","32":"tag-topstories","33":"tag-zinas"},"share_on_mastodon":{"url":"https:\/\/pubeurope.com\/@lv\/115438698052797973","error":""},"_links":{"self":[{"href":"https:\/\/www.europesays.com\/lv\/wp-json\/wp\/v2\/posts\/31183","targetHints":{"allow":["GET"]}}],"collection":[{"href":"https:\/\/www.europesays.com\/lv\/wp-json\/wp\/v2\/posts"}],"about":[{"href":"https:\/\/www.europesays.com\/lv\/wp-json\/wp\/v2\/types\/post"}],"author":[{"embeddable":true,"href":"https:\/\/www.europesays.com\/lv\/wp-json\/wp\/v2\/users\/2"}],"replies":[{"embeddable":true,"href":"https:\/\/www.europesays.com\/lv\/wp-json\/wp\/v2\/comments?post=31183"}],"version-history":[{"count":0,"href":"https:\/\/www.europesays.com\/lv\/wp-json\/wp\/v2\/posts\/31183\/revisions"}],"wp:featuredmedia":[{"embeddable":true,"href":"https:\/\/www.europesays.com\/lv\/wp-json\/wp\/v2\/media\/31184"}],"wp:attachment":[{"href":"https:\/\/www.europesays.com\/lv\/wp-json\/wp\/v2\/media?parent=31183"}],"wp:term":[{"taxonomy":"category","embeddable":true,"href":"https:\/\/www.europesays.com\/lv\/wp-json\/wp\/v2\/categories?post=31183"},{"taxonomy":"post_tag","embeddable":true,"href":"https:\/\/www.europesays.com\/lv\/wp-json\/wp\/v2\/tags?post=31183"}],"curies":[{"name":"wp","href":"https:\/\/api.w.org\/{rel}","templated":true}]}}