{"id":31194,"date":"2025-10-26T05:09:11","date_gmt":"2025-10-26T05:09:11","guid":{"rendered":"https:\/\/www.europesays.com\/lv\/31194\/"},"modified":"2025-10-26T05:09:11","modified_gmt":"2025-10-26T05:09:11","slug":"asv-armija-ar-izraelas-piekrisanu-izmanto-dronus-pamiera-uzraudzisanai-gazas-josla-zino-mediji-jauns-lv","status":"publish","type":"post","link":"https:\/\/www.europesays.com\/lv\/31194\/","title":{"rendered":"ASV armija, ar Izra\u0113las piekri\u0161anu, izmanto dronus pamiera uzraudz\u012b\u0161anai Gazas josl\u0101, zi\u0146o mediji &#8211; Jauns.lv"},"content":{"rendered":"<ol>\n<li><a href=\"https:\/\/news.google.com\/rss\/articles\/CBMizgFBVV95cUxNRW85S0xIOWt4Sk9BY2JMSXNGOGxYVmdfa0ROOW1TRWpIajNFYktKWVI0dng1UHJoclJHSWJNc21jRW5PWENjWGFKVFpaaWhRVTlVOWtzRlpjS2VLMzVwVkg1ME1nRmhVbmQ2NjFQSGhUV0dRTUhZYW4yYkpzWlU1SncwYTE1cG1BUTVRZzUwYWFfOGU1V2NMSmt4RndqSmx6cFVvenRWUmprVmtpbnlKcjhFMDBWQ09qLThBMEtZZEtkc3lvMUp5VHR3amlWUQ?oc=5\" target=\"_blank\" rel=\"nofollow noopener\">ASV armija, ar Izra\u0113las piekri\u0161anu, izmanto dronus pamiera uzraudz\u012b\u0161anai Gazas josl\u0101, zi\u0146o mediji<\/a>&nbsp;&nbsp;Jauns.lv<\/li>\n<li><a href=\"https:\/\/news.google.com\/rss\/articles\/CBMi5AFBVV95cUxQNEJUcGlkdXRDY2MtN01lZlBCSjZFV1NrbDFKM2NTWHhIeDZhckQtUGVQTFhiWXRRVGxFaWpkTlF3cHJoUURIS210MW8yTVo5N2ZGdk12dEtUWkRYS0hFTjA4N0ViZ0tBMzVGRHBpeDZqeENiYUZOQXBxYWFxYlRCQkQ1ZkhDa0JlUWJ1ajdnQXgyMnlqWUMyZzFVTjRfVWlGRDdmSVBFcDNQZEtRaVNSaE9nbC1uU0xEY2hiMHA5eTFnTGtMcGRIajZILU9DVmVSeDl3ZXBWZlU1V1lQZmpncVNjcjI?oc=5\" target=\"_blank\" rel=\"nofollow noopener\">ASV armija izmantos dronus virs Gazas joslas, lai uzraudz\u012btu pamieru starp Izra\u0113lu un \u00abHam\u0101s\u00bb<\/a>&nbsp;&nbsp;LSM<\/li>\n<li><a href=\"https:\/\/news.google.com\/rss\/articles\/CBMipAFBVV95cUxNZmpFN0NkRHd1dUhVUV9YYTljTkJGV2hTTFdzUng4QWJhRWg0VkRYaVZ3WG1lZDdyQXVXcFNLSFhMUGZ0MnZKS1hseFVmWG9pT2RuYWN4VFJvZkRhVGJBdDZBRDN2WEJYODd3MGQ0cUI5clhnYzF3bFppZlJYWkJqXzB6UUh5dDVvQ3hvb2NNMHFJczhvRkRodjF4M1dON2U2dGNWaA?oc=5\" target=\"_blank\" rel=\"nofollow noopener\">ASV ar droniem uzrauga pamieru Gazas josl\u0101, zi\u0146o medijs<\/a>&nbsp;&nbsp;Delfi<\/li>\n<li><a href=\"https:\/\/news.google.com\/rss\/articles\/CBMixgFBVV95cUxObk9qUXhBS0FkeTFKMHc1RWRkX0haYS1FNWpRRjhWVWdidHoxZnYtUFBucE5ycEozd0NjekRkZldvRGlTUWJ5dUtjdjNPM2NJNmNvdUpzUElrdGI5RS1Oa3N3ZTVEWnJkYjVuTE81RTNmQWp3Xy1aMW5OY1dyRXZ0Z0w3anFzeW9uU05SLUZsQV90QXBBNlUwb0ZmZ0xJc3RBbGZLbzJ3bVhnNERFYWZPWjhBcjJNQ19LZkpFOWVIdTZGak5KUkE?oc=5\" target=\"_blank\" rel=\"nofollow noopener\">ASV stiprina kl\u0101tb\u016btni Gazas josl\u0101, izmantojot dronus pamiera uzraudz\u012bbai<\/a>&nbsp;&nbsp;Lente.lv<\/li>\n<li><a href=\"https:\/\/news.google.com\/rss\/articles\/CBMisgFBVV95cUxQZDBXMzVNVk5hdnlod2xGUkhHc0JjUGxERjhBb0pyMXROOHQzMDBYSE94Vk5DR3hwUHFBYmNIckJkYUdwYUVDSzdHeFhUbzF1a08zcUFfWnFJZ3czX3gwNVdWaFI4YzZuaTR1R2VxanZUN3lZa0VlaWZWclhDNHIwMS01VEs4QUtEcFJTZ2dTVWZxelF1U1RoU1ZrM1RBN09nR3BTbjEyZGtnTUw0Rm9Tandn?oc=5\" target=\"_blank\" rel=\"nofollow noopener\">ASV Gazas pamiera p\u0101rrauga amat\u0101 iece\u013c karjeras diplom\u0101tu<\/a>&nbsp;&nbsp;liepajniekiem.lv<\/li>\n<\/ol>\n","protected":false},"excerpt":{"rendered":"ASV armija, ar Izra\u0113las piekri\u0161anu, izmanto dronus pamiera uzraudz\u012b\u0161anai Gazas josl\u0101, zi\u0146o mediji&nbsp;&nbsp;Jauns.lv ASV armija izmantos dronus virs&hellip;\n","protected":false},"author":2,"featured_media":31195,"comment_status":"","ping_status":"","sticky":false,"template":"","format":"standard","meta":{"footnotes":""},"categories":[5],"tags":[23,28,29,32,33,22,30,31,35,39,38,36,37,34,40,20,26,27,24,25,21],"class_list":{"0":"post-31194","1":"post","2":"type-post","3":"status-publish","4":"format-standard","5":"has-post-thumbnail","7":"category-aktualitates","8":"tag-aktualitates","9":"tag-breaking-news","10":"tag-breakingnews","11":"tag-featured-news","12":"tag-featurednews","13":"tag-headlines","14":"tag-latest-news","15":"tag-latestnews","16":"tag-latvia","17":"tag-latvian","18":"tag-latviesu","19":"tag-latviesu-valoda","20":"tag-latviesuvaloda","21":"tag-latvija","22":"tag-lv","23":"tag-news","24":"tag-popularakas-zinas","25":"tag-popularakaszinas","26":"tag-top-stories","27":"tag-topstories","28":"tag-zinas"},"share_on_mastodon":{"url":"https:\/\/pubeurope.com\/@lv\/115438745288265516","error":""},"_links":{"self":[{"href":"https:\/\/www.europesays.com\/lv\/wp-json\/wp\/v2\/posts\/31194","targetHints":{"allow":["GET"]}}],"collection":[{"href":"https:\/\/www.europesays.com\/lv\/wp-json\/wp\/v2\/posts"}],"about":[{"href":"https:\/\/www.europesays.com\/lv\/wp-json\/wp\/v2\/types\/post"}],"author":[{"embeddable":true,"href":"https:\/\/www.europesays.com\/lv\/wp-json\/wp\/v2\/users\/2"}],"replies":[{"embeddable":true,"href":"https:\/\/www.europesays.com\/lv\/wp-json\/wp\/v2\/comments?post=31194"}],"version-history":[{"count":0,"href":"https:\/\/www.europesays.com\/lv\/wp-json\/wp\/v2\/posts\/31194\/revisions"}],"wp:featuredmedia":[{"embeddable":true,"href":"https:\/\/www.europesays.com\/lv\/wp-json\/wp\/v2\/media\/31195"}],"wp:attachment":[{"href":"https:\/\/www.europesays.com\/lv\/wp-json\/wp\/v2\/media?parent=31194"}],"wp:term":[{"taxonomy":"category","embeddable":true,"href":"https:\/\/www.europesays.com\/lv\/wp-json\/wp\/v2\/categories?post=31194"},{"taxonomy":"post_tag","embeddable":true,"href":"https:\/\/www.europesays.com\/lv\/wp-json\/wp\/v2\/tags?post=31194"}],"curies":[{"name":"wp","href":"https:\/\/api.w.org\/{rel}","templated":true}]}}