{"id":31201,"date":"2025-10-26T05:27:25","date_gmt":"2025-10-26T05:27:25","guid":{"rendered":"https:\/\/www.europesays.com\/lv\/31201\/"},"modified":"2025-10-26T05:27:25","modified_gmt":"2025-10-26T05:27:25","slug":"video-putins-megina-draudet-eiropai-bet-publiski-izgazas-jauns-lv","status":"publish","type":"post","link":"https:\/\/www.europesays.com\/lv\/31201\/","title":{"rendered":"VIDEO: Putins m\u0113\u0123ina draud\u0113t Eiropai, bet publiski izg\u0101\u017eas &#8211; Jauns.lv"},"content":{"rendered":"<ol>\n<li><a href=\"https:\/\/news.google.com\/rss\/articles\/CBMimwFBVV95cUxOLXpvYnRBSXduUk1DR25PMzdfcVdZWHZwN0NST3lOZlg2WkhnY0swbGpyM0FMOTNRM1hjaC1mcThIZWtCUnVsVVhVQWFwdDlWQldxOUdQcHV2V2s3ellwMEZVY25xUWtpV05OZ2YyYm1QOTFPWGlrUlFGOEppLVc0T0g1UDk1LU1LMExlUENlOTZpV3hHd1Vjek9xYw?oc=5\" target=\"_blank\" rel=\"nofollow noopener\">VIDEO: Putins m\u0113\u0123ina draud\u0113t Eiropai, bet publiski izg\u0101\u017eas<\/a>&nbsp;&nbsp;Jauns.lv<\/li>\n<li><a href=\"https:\/\/news.google.com\/rss\/articles\/CBMiswFBVV95cUxOZFBfU2JHY0NwODRFVUxMZGhodERCMGxpa1IxV0ItMV9EUmQxQUx2dmItRXZKa2NrVWN3Vk9PZ1VpYmRaWDk2VXEyTTFFaUE2R2N0TzJERUR2dEotS1ptWnQyMnBQeGpxZUpTS3BOSHl1WGNZVG5GN1VxNFVRYTVXYmF2ZDIzV1MzTHRsa0Q4ZzFtcTV6TUJpZ3g3SmswMjdzRHVlRlpxdXdFNmZoUTd2TkU2Yw?oc=5\" target=\"_blank\" rel=\"nofollow noopener\">Putina attieksme iekustin\u0101jusi ASV un Eiropu; Tramps un D\u0101nija n\u0101k klaj\u0101 ar jauniem pazi\u0146ojumiem<\/a>&nbsp;&nbsp;LA.LV<\/li>\n<li><a href=\"https:\/\/news.google.com\/rss\/articles\/CBMiowFBVV95cUxQU3FBTUduZTlQd2lsLVhETEZTNnV3Mlg1cjVXcmYzYS1EUGVvbi13eUY5aWFzazFhTjB3NTRvbkp6NXdoMWRNRkpHUUdQVm1DaGl6MThtTFBONzA0SGhNY2YwelVBcGkzdVhqYnp6ZjJ4ZzRlS3Y2RXhfS1F3amhJVHFNeGNUQW44a3VRaFlhMkpkUllBOUlBTlA0NUMyM3V2bC13?oc=5\" target=\"_blank\" rel=\"nofollow noopener\">K\u0101da b\u016bs sankciju ietekme uz Krievijas ekonomiku? \/ 23.10.2025<\/a>&nbsp;&nbsp;REplay.lv<\/li>\n<li><a href=\"https:\/\/news.google.com\/rss\/articles\/CBMisgFBVV95cUxPeXB2RXpNR0xIcTNvdzlLeHlWWm95TWVieFViU0t1SzE4amlSUWhnMTBFcmJKZjExVFF3dkVid1U2b3FqRUstdDdsdGxKdlZjMnh2d0hLRHo1dWRiRng4a0tHWXZDS0F1MmppSnhtV1RGRHFSZ2UweFFyYlpibnFLWDV3ZERneDF2TEMtUGlvTjRoSmc2OVMzTXZaRmNpVHlpVFB2YVFlR3RhMFJGS3JtSDhn?oc=5\" target=\"_blank\" rel=\"nofollow noopener\">Eiropas Savien\u012bbas 19. sankciju pakete pret Krieviju: ko t\u0101 paredz?<\/a>&nbsp;&nbsp;Delfi<\/li>\n<li><a href=\"https:\/\/news.google.com\/rss\/articles\/CBMiugFBVV95cUxQSHVJXy1ISlhwbjhhWTRIU0V1OEFQZHI1NlBYYklMRUswLS1tN0NFWWh0c0czWDU4WmJfWUl6Q01oT25qV1Y4dERVbTFQY3lpT200N2pONmtoTExuOU5aXzczRVc3U0pER1BKeTF0MlVaUDhiaENEWUcyajFpQ1RVTHlSVnREcUVHYTF3Nk5udTl1ZHR3TWkxcTZfSnpZMm5QRk9kSUp3aFBXeHBESGducE1sbmRvc3RHQVE?oc=5\" target=\"_blank\" rel=\"nofollow noopener\">ES ener\u0123\u0113tikas ministri atbalsta EP priek\u0161likumu un Krievijas g\u0101zi vairs nepirks<\/a>&nbsp;&nbsp;NRA<\/li>\n<\/ol>\n","protected":false},"excerpt":{"rendered":"VIDEO: Putins m\u0113\u0123ina draud\u0113t Eiropai, bet publiski izg\u0101\u017eas&nbsp;&nbsp;Jauns.lv Putina attieksme iekustin\u0101jusi ASV un Eiropu; Tramps un D\u0101nija n\u0101k&hellip;\n","protected":false},"author":2,"featured_media":31202,"comment_status":"","ping_status":"","sticky":false,"template":"","format":"standard","meta":{"footnotes":""},"categories":[5],"tags":[23,28,29,32,33,22,30,31,35,39,38,36,37,34,40,20,26,27,24,25,21],"class_list":{"0":"post-31201","1":"post","2":"type-post","3":"status-publish","4":"format-standard","5":"has-post-thumbnail","7":"category-aktualitates","8":"tag-aktualitates","9":"tag-breaking-news","10":"tag-breakingnews","11":"tag-featured-news","12":"tag-featurednews","13":"tag-headlines","14":"tag-latest-news","15":"tag-latestnews","16":"tag-latvia","17":"tag-latvian","18":"tag-latviesu","19":"tag-latviesu-valoda","20":"tag-latviesuvaloda","21":"tag-latvija","22":"tag-lv","23":"tag-news","24":"tag-popularakas-zinas","25":"tag-popularakaszinas","26":"tag-top-stories","27":"tag-topstories","28":"tag-zinas"},"share_on_mastodon":{"url":"https:\/\/pubeurope.com\/@lv\/115438815985715825","error":""},"_links":{"self":[{"href":"https:\/\/www.europesays.com\/lv\/wp-json\/wp\/v2\/posts\/31201","targetHints":{"allow":["GET"]}}],"collection":[{"href":"https:\/\/www.europesays.com\/lv\/wp-json\/wp\/v2\/posts"}],"about":[{"href":"https:\/\/www.europesays.com\/lv\/wp-json\/wp\/v2\/types\/post"}],"author":[{"embeddable":true,"href":"https:\/\/www.europesays.com\/lv\/wp-json\/wp\/v2\/users\/2"}],"replies":[{"embeddable":true,"href":"https:\/\/www.europesays.com\/lv\/wp-json\/wp\/v2\/comments?post=31201"}],"version-history":[{"count":0,"href":"https:\/\/www.europesays.com\/lv\/wp-json\/wp\/v2\/posts\/31201\/revisions"}],"wp:featuredmedia":[{"embeddable":true,"href":"https:\/\/www.europesays.com\/lv\/wp-json\/wp\/v2\/media\/31202"}],"wp:attachment":[{"href":"https:\/\/www.europesays.com\/lv\/wp-json\/wp\/v2\/media?parent=31201"}],"wp:term":[{"taxonomy":"category","embeddable":true,"href":"https:\/\/www.europesays.com\/lv\/wp-json\/wp\/v2\/categories?post=31201"},{"taxonomy":"post_tag","embeddable":true,"href":"https:\/\/www.europesays.com\/lv\/wp-json\/wp\/v2\/tags?post=31201"}],"curies":[{"name":"wp","href":"https:\/\/api.w.org\/{rel}","templated":true}]}}