{"id":31211,"date":"2025-10-26T05:39:07","date_gmt":"2025-10-26T05:39:07","guid":{"rendered":"https:\/\/www.europesays.com\/lv\/31211\/"},"modified":"2025-10-26T05:39:07","modified_gmt":"2025-10-26T05:39:07","slug":"asv-stiprina-klatbutni-gazas-josla-izmantojot-dronus-pamiera-uzraudzibai-lente-lv","status":"publish","type":"post","link":"https:\/\/www.europesays.com\/lv\/31211\/","title":{"rendered":"ASV stiprina kl\u0101tb\u016btni Gazas josl\u0101, izmantojot dronus pamiera uzraudz\u012bbai\u00a0\u2014\u00a0Lente.lv"},"content":{"rendered":"<p>ASV papla\u0161ina nov\u0113ro\u0161anu virs Gazas ar dronu pal\u012bdz\u012bbu, lai stiprin\u0101tu pamieru<\/p>\n<p>Savienot\u0101s Valstis pastiprina savu kl\u0101tb\u016btni un uzraudz\u012bbas sp\u0113jas virs Gazas joslas, izmantojot bezpilota lidapar\u0101tus jeb dronus. \u0160is solis ir da\u013ca no centieniem nodro\u0161in\u0101t pamiera iev\u0113ro\u0161anu starp Izra\u0113lu un palest\u012bnie\u0161u grup\u0113jumu \u201cHam\u0101s\u201d. \u0160\u012b oper\u0101cija ir sare\u017e\u0123\u012bta un prasa nemit\u012bgu situ\u0101ciju anal\u012bzi, lai nov\u0113rstu eskal\u0101ciju un saglab\u0101tu trauslo mieru re\u0123ion\u0101.<\/p>\n<p>Dronu izmanto\u0161ana konfliktu zon\u0101s: jauna realit\u0101te<\/p>\n<p>ASV armijas l\u0113mums izmantot dronus Gazas josl\u0101 nav vienreiz\u0113js gad\u012bjums. Tehnolo\u0123iju att\u012bst\u012bba ir radik\u0101li main\u012bjusi milit\u0101r\u0101s oper\u0101cijas, un droni k\u013c\u016bst par arvien neat\u0146emam\u0101ku instrumentu gan izl\u016bko\u0161an\u0101, gan uzraudz\u012bb\u0101, gan pat tie\u0161os triecienos. \u0160ie bezpilota lidapar\u0101ti sp\u0113j nodro\u0161in\u0101t pla\u0161u p\u0101rkl\u0101jumu un re\u0101llaika datus, kas ir neatsverami sare\u017e\u0123\u012btos un dinamiskos konfliktu apgabalos. To izmanto\u0161ana sniedz gan priek\u0161roc\u012bbas, gan ar\u012b rada jaunus izaicin\u0101jumus saist\u012bb\u0101 ar dro\u0161\u012bbu un starptautiskaj\u0101m norm\u0101m.<\/p>\n<p>Gazas joslas sare\u017e\u0123\u012bt\u0101 situ\u0101cija<\/p>\n<p>Gazas josla jau ilgu laiku ir nestabila re\u0123ions, kur\u0101 notiek konflikti starp Izra\u0113lu un \u201cHam\u0101s\u201d. Pamiera vieno\u0161an\u0101s bie\u017ei vien ir trauslas un tiek pak\u013cautas p\u0101rbaud\u012bjumiem, k\u0101 to apliecina jaun\u0101kie notikumi, kad abas puses viena otru aps\u016bdz p\u0101rk\u0101pumos. ASV armijas iesaist\u012b\u0161an\u0101s dronu uzraudz\u012bb\u0101 ir m\u0113\u0123in\u0101jums nodro\u0161in\u0101t liel\u0101ku caurskat\u0101m\u012bbu un nov\u0113rst turpm\u0101kus incidentus. Lai gan dronu izmanto\u0161ana var pal\u012bdz\u0113t uzraudz\u012bt robe\u017eas un identific\u0113t potenci\u0101lus draudus, t\u0101pat past\u0101v ba\u017eas par priv\u0101tuma p\u0101rk\u0101p\u0161anu un civiliedz\u012bvot\u0101ju dro\u0161\u012bbu, \u012bpa\u0161i \u0161ajos apst\u0101k\u013cos. Tas ir l\u012bdzsvarojuma akrob\u0101tikas akts, kur\u0101 j\u0101\u0146em v\u0113r\u0101 dro\u0161\u012bbas, humanit\u0101r\u0101s un politisk\u0101s dimensijas.<\/p>\n<p>Starptautisk\u0101 l\u012bdzdal\u012bba un n\u0101kotnes perspekt\u012bvas<\/p>\n<p>ASV valsts sekret\u0101rs Entonijs Blinkens ir nor\u0101d\u012bjis, ka arvien vair\u0101k valstu izr\u0101da interesi par l\u012bdzdal\u012bbu k\u0101rt\u012bbas uztur\u0113\u0161an\u0101 Gazas josl\u0101. Tas liecina par pla\u0161\u0101ku starptautisk\u0101s sabiedr\u012bbas v\u0113lmi atrast risin\u0101jumus re\u0123iona stabilit\u0101tei. Tom\u0113r Izra\u0113las premjerministra Benjamina Netanjahu iebildumi pret noteiktu valstu kl\u0101tb\u016btni, piem\u0113ram, Turciju, nor\u0101da uz sare\u017e\u0123\u012bto diplom\u0101tisko ainavu. Turpm\u0101k\u0101 situ\u0101cija Gazas josl\u0101 ir atkar\u012bga no daudziem faktoriem, tostarp no \u201cHam\u0101s\u201d un Izra\u0113las sp\u0113jas iev\u0113rot pamieru, k\u0101 ar\u012b no starptautisk\u0101s sabiedr\u012bbas sp\u0113jas vienoties par efekt\u012bviem risin\u0101jumiem, kas nodro\u0161in\u0101tu gan dro\u0161\u012bbu, gan cilv\u0113kties\u012bbas.<\/p>\n<p>ASV milit\u0101r\u0101s strat\u0113\u0123ijas main\u012bg\u0101 seja<\/p>\n<p>\u0160\u012b ASV milit\u0101r\u0101s kl\u0101tb\u016btnes papla\u0161in\u0101\u0161ana Gazas josl\u0101 ir da\u013ca no pla\u0161\u0101kas tendences, kur\u0101 Savienot\u0101s Valstis p\u0101rskata savu glob\u0101lo milit\u0101ro pozicion\u0113\u0161anu. Lai gan notiek milit\u0101ro resursu p\u0101rvieto\u0161ana uz cit\u0101m pasaules da\u013c\u0101m, piem\u0113ram, Indo-Klus\u0101 oke\u0101na re\u0123ionu, Tuvie Austrumi joproj\u0101m saglab\u0101 savu strat\u0113\u0123isko noz\u012bmi. ASV aizsardz\u012bbas ministrija past\u0101v\u012bgi izv\u0113rt\u0113 nepiecie\u0161am\u012bbu uztur\u0113t un piel\u0101got savu milit\u0101ro kl\u0101tb\u016btni, rea\u0123\u0113jot uz main\u012bgaj\u0101m \u0123eopolitiskaj\u0101m tendenc\u0113m un draudiem. Dronu izmanto\u0161ana Gaz\u0101 ir v\u0113l viens piem\u0113rs tam, k\u0101 ASV piel\u0101go savas metodes, lai nodro\u0161in\u0101tu savus intereses un veicin\u0101tu stabilit\u0101ti sare\u017e\u0123\u012btos re\u0123ionos.<\/p>\n","protected":false},"excerpt":{"rendered":"ASV papla\u0161ina nov\u0113ro\u0161anu virs Gazas ar dronu pal\u012bdz\u012bbu, lai stiprin\u0101tu pamieru Savienot\u0101s Valstis pastiprina savu kl\u0101tb\u016btni un uzraudz\u012bbas&hellip;\n","protected":false},"author":2,"featured_media":31212,"comment_status":"","ping_status":"","sticky":false,"template":"","format":"standard","meta":{"footnotes":""},"categories":[5],"tags":[23,9451,28,29,32,33,1274,1272,22,493,30,31,35,39,38,36,37,34,40,20,9452,26,27,24,25,21],"class_list":{"0":"post-31211","1":"post","2":"type-post","3":"status-publish","4":"format-standard","5":"has-post-thumbnail","7":"category-aktualitates","8":"tag-aktualitates","9":"tag-asv-droni","10":"tag-breaking-news","11":"tag-breakingnews","12":"tag-featured-news","13":"tag-featurednews","14":"tag-gazas-josla","15":"tag-hamas","16":"tag-headlines","17":"tag-izraela","18":"tag-latest-news","19":"tag-latestnews","20":"tag-latvia","21":"tag-latvian","22":"tag-latviesu","23":"tag-latviesu-valoda","24":"tag-latviesuvaloda","25":"tag-latvija","26":"tag-lv","27":"tag-news","28":"tag-pamiera-uzraudziba","29":"tag-popularakas-zinas","30":"tag-popularakaszinas","31":"tag-top-stories","32":"tag-topstories","33":"tag-zinas"},"share_on_mastodon":{"url":"https:\/\/pubeurope.com\/@lv\/115438863191250762","error":""},"_links":{"self":[{"href":"https:\/\/www.europesays.com\/lv\/wp-json\/wp\/v2\/posts\/31211","targetHints":{"allow":["GET"]}}],"collection":[{"href":"https:\/\/www.europesays.com\/lv\/wp-json\/wp\/v2\/posts"}],"about":[{"href":"https:\/\/www.europesays.com\/lv\/wp-json\/wp\/v2\/types\/post"}],"author":[{"embeddable":true,"href":"https:\/\/www.europesays.com\/lv\/wp-json\/wp\/v2\/users\/2"}],"replies":[{"embeddable":true,"href":"https:\/\/www.europesays.com\/lv\/wp-json\/wp\/v2\/comments?post=31211"}],"version-history":[{"count":0,"href":"https:\/\/www.europesays.com\/lv\/wp-json\/wp\/v2\/posts\/31211\/revisions"}],"wp:featuredmedia":[{"embeddable":true,"href":"https:\/\/www.europesays.com\/lv\/wp-json\/wp\/v2\/media\/31212"}],"wp:attachment":[{"href":"https:\/\/www.europesays.com\/lv\/wp-json\/wp\/v2\/media?parent=31211"}],"wp:term":[{"taxonomy":"category","embeddable":true,"href":"https:\/\/www.europesays.com\/lv\/wp-json\/wp\/v2\/categories?post=31211"},{"taxonomy":"post_tag","embeddable":true,"href":"https:\/\/www.europesays.com\/lv\/wp-json\/wp\/v2\/tags?post=31211"}],"curies":[{"name":"wp","href":"https:\/\/api.w.org\/{rel}","templated":true}]}}