{"id":31217,"date":"2025-10-26T05:56:12","date_gmt":"2025-10-26T05:56:12","guid":{"rendered":"https:\/\/www.europesays.com\/lv\/31217\/"},"modified":"2025-10-26T05:56:12","modified_gmt":"2025-10-26T05:56:12","slug":"kur-pazudusas-vecpiebalgas-udensrozes-vietejie-entuziasti-labiekarto-udensrozu-diki-raksts","status":"publish","type":"post","link":"https:\/\/www.europesays.com\/lv\/31217\/","title":{"rendered":"Kur pazudu\u0161as Vecpiebalgas \u016bdensrozes? Viet\u0113jie entuziasti labiek\u0101rto \u016bdensro\u017eu d\u012b\u0137i \/ Raksts"},"content":{"rendered":"<p>Vecpiebalgas simbols nenoliedzami ir \u016bdensrozes \u2013 t\u0101s ilgus gadus zied\u0113ja d\u012b\u0137\u012b pa\u0161\u0101 ce\u013ca mal\u0101, priec\u0113jot pa\u0161us piebaldz\u0113nus, t\u016bristus un ar\u012b gar\u0101mbrauc\u0113jus. \u0160ovasar un ar\u012b tagad gan v\u0113rojama cita aina \u2013\u00a0redzams, ka d\u012b\u0137\u012b ir veikti t\u012br\u012b\u0161anas darbi, bet pa\u0161u \u016bdensro\u017eu taj\u0101 vairs nav. Kur paliku\u0161as Vecpiebalgas \u016bdensrozes, vai un kad t\u0101s atgriez\u012bsies?<\/p>\n<p>Kur pazudu\u0161as Vecpiebalgas \u016bdensrozes? Viet\u0113jie entuziasti labiek\u0101rto \u016bdensro\u017eu d\u012b\u0137i<\/p>\n<p>\u016adensro\u017eu audz\u0113t\u0101ja Dace Avoti\u0146a nor\u0101da: &#8220;Te ir pagaidu d\u012b\u0137is, kur ir da\u017e\u0101du \u0161\u0137ir\u0146u \u016bdensrozes, un vi\u0146\u0101m patika, ar\u012b \u0161in\u012b pagaidu d\u012b\u0137\u012b\u00a0vi\u0146as zied\u0113ja.&#8221;<\/p>\n<p>Dace Avoti\u0146a, kura ir sav\u0101 zi\u0146\u0101 \u016bdensro\u017eu mantiniece, blakus \u016bdensro\u017eu d\u012b\u0137im, aiz izrakt\u0101 zemes va\u013c\u0146a,<\/p>\n<blockquote>\n<p>r\u0101da maz\u0101ku d\u012b\u0137i, uz kuru p\u0101rce\u013coju\u0161as \u016bdensrozes, kas ar\u012b tagad v\u0113l arvien zied. St\u0101du p\u0101rne\u0161ana uz pagaidu d\u012b\u0137i nav bijis viegls darbs.<\/p>\n<\/blockquote>\n<p>&#8220;Visliel\u0101kie paldies Augusti\u0146am, Augusti\u0146\u0161 ir tas, kas str\u0101d\u0101ja uz liel\u0101 ekskavatora, (..) vi\u0146a paciet\u012bba, akur\u0101tais darbs \u2013\u00a0bez t\u0101 visa te neb\u016btu nek\u0101.\u00a0T\u0101 katra \u016bdensroze, kas ir p\u0101rnesta no t\u0101 d\u012b\u0137a uz \u0161o d\u012b\u0137i, ir vi\u0146a darbs.\u00a0Diendien\u0101 bija man blakus, par\u0101di, l\u016bdzu, k\u0101 \u0161o \u016bdensrozi p\u0101rcelt, kur vi\u0146u nolikt, vi\u0146a paciet\u012bba bija neizm\u0113rojama,&#8221; st\u0101sta Dace Avoti\u0146a.<\/p>\n<p>Bet k\u0101p\u0113c \u016bdensroz\u0113m bija j\u0101p\u0101rce\u013co uz pagaidu d\u012b\u0137i? Atbilde ir vienk\u0101r\u0161a \u2013 bija pien\u0101cis laiks pamat\u012bg\u0101kai d\u012b\u0137a t\u012br\u012b\u0161anai.<\/p>\n<p>            <img decoding=\"async\" src=\"https:\/\/www.europesays.com\/lv\/wp-content\/uploads\/2025\/10\/rv9y.jpg\" alt=\"\u016adensro\u017eu d\u012b\u0137is Vecpiebalg\u0101\"\/><\/p>\n<p>\u016adensro\u017eu d\u012b\u0137is Vecpiebalg\u0101<\/p>\n<p>Foto: Gunta Matisone<\/p>\n<\/p>\n<p>&#8220;M\u0113s katru gadu pa druskai t\u012br\u012bj\u0101m, bet ar to drusci\u0146u ir par maz. Es grib\u0113tu teikt lielu paldies visiem tiem, kas balsoja par \u0161o projektu, par labiek\u0101rto\u0161anas darbiem Vecpiebalg\u0101, jo ar iedz\u012bvot\u0101ju atbalstu tik\u0101m pie t\u0101s naudi\u0146as,&#8221; priec\u0101jas Avoti\u0146a.<\/p>\n<p>Vecpiebalgas apvien\u012bbas p\u0101rvaldes vad\u012bt\u0101ja Lelde Burdaja st\u0101sta, ka iecere labiek\u0101rtot \u016bdensro\u017eu d\u012b\u0137a apk\u0101rtni briedusi jau sen.\u00a0<\/p>\n<blockquote>\n<p>Ar\u012b t\u0101p\u0113c, ka otrpus ce\u013cam ir izveidots parks, kas tiek d\u0113v\u0113ts par &#8220;Vecpiebalgas viesistabu&#8221;, bet ainava \u0161aj\u0101 ce\u013ca pus\u0113 vairs nebija tik t\u012bkama.<\/p>\n<\/blockquote>\n<p>&#8220;\u0160\u012bs abas puses\u00a0\u013coti kontrast\u0113ja, no vienas puses mums ir &#8220;viesistaba&#8221;, no otras \u016bdensro\u017eu d\u012b\u0137is, kas ir m\u016bsu lepnums. T\u0101 doma bija t\u0101da, ka grib\u0113tos, lai \u0161\u012b centra teritorija no ab\u0101m ce\u013ca pus\u0113m b\u016btu vienl\u012bdz labiek\u0101rtota.\u00a0Ja skat\u0101mies uz \u016bdensro\u017eu d\u012b\u0137i,\u00a0tie labiek\u0101rtojuma elementi, kas tur bija, bija jau novecoju\u0161i, un jauna att\u012bst\u012bba taj\u0101 pus\u0113 nenotika,&#8221; st\u0101sta Lelde Burdaja.<\/p>\n<p>\u016adensro\u017eu d\u012b\u0137a t\u012br\u012b\u0161anas un labiek\u0101rto\u0161anas darbus pa\u0161vald\u012bba nevar\u0113ja s\u0101kt ar\u012b tik ilgi, kam\u0113r bija l\u012bgums ar \u016bdensro\u017eu saimniekiem.<\/p>\n<p>            <img decoding=\"async\" src=\"https:\/\/www.europesays.com\/lv\/wp-content\/uploads\/2025\/10\/rv9z.jpg\" alt=\"D\u012b\u0137is Vecpiebalg\u0101\"\/><\/p>\n<p>D\u012b\u0137is Vecpiebalg\u0101<\/p>\n<p>Foto: Gunta Matisone \/ Latvijas Radio<\/p>\n<\/p>\n<p>Lelde Burdaja papildina: &#8220;T\u0101 k\u0101 \u0161is l\u012bgums beidz\u0101s un n\u0101ca ar\u012b iedz\u012bvot\u0101ju iniciat\u012bva ar l\u012bdzdal\u012bbas bud\u017eeta projektu, kur\u0161 sav\u0101ca balsis\u00a0un l\u012bdz ar to t\u0101du starta finans\u0113jumu \u0161\u012bs teritorijas att\u012bst\u012bbai, tad m\u0113s ar\u012b uzs\u0101k\u0101m kop\u012bgu pl\u0101no\u0161anu, k\u0101 m\u0113s to visu var\u0113tu t\u0101l\u0101k virz\u012bt. \u0160is projekts paredz\u0113ja t\u012bru\u00a0labiek\u0101rto\u0161anu,<\/p>\n<blockquote>\n<p>uztais\u012bt taci\u0146u, uztais\u012bt tilti\u0146u \u016bdensro\u017eu d\u012b\u0137im, tad jau k\u0101du laiku bija skaidrs, ka ar to neb\u016bs gana, t\u0101p\u0113c ka \u016bdensro\u017eu d\u012b\u0137is p\u0113c b\u016bt\u012bbas ir j\u0101sak\u0101rto, jo \u016bdensrozes aiz sevis atst\u0101j ar\u012b \u013coti daudz net\u012brumu.\u00a0<\/p>\n<\/blockquote>\n<p>Tie net\u012brumi k\u0101d\u0101 br\u012bd\u012b ir j\u0101izt\u012bra, lai \u016bdensrozes var\u0113tu turpin\u0101t augt, un ar\u012b \u016bdensro\u017eu saimnieks, jaunais saimnieks, mums nor\u0101d\u012bja uz to, ka, ja \u0161is d\u012b\u0137is netiks izt\u012br\u012bts, tad princip\u0101\u00a0tuv\u0101kaj\u0101 gadu griezum\u0101\u00a0m\u0113s \u016bdensrozes pazaud\u0113sim visp\u0101r.&#8221;<\/p>\n<p>D\u012b\u0137a t\u012br\u012b\u0161anas darbi tika s\u0101kti aizvad\u012btaj\u0101 ruden\u012b, bet diem\u017e\u0113l to pabeig\u0161anu\u00a0\u0161ovasar iekav\u0113ja lietavas.<\/p>\n<p>            <img decoding=\"async\" src=\"https:\/\/www.europesays.com\/lv\/wp-content\/uploads\/2025\/10\/rva0.jpg\" alt=\"D\u012b\u0137is Vecpiebalg\u0101\"\/><\/p>\n<p>D\u012b\u0137is Vecpiebalg\u0101<\/p>\n<p>Foto: Gunta Matisone \/ Latvijas Radio<\/p>\n<\/p>\n<p>&#8220;Tas pirmais posms, ko veic\u0101m pag\u0101ju\u0161ogad, \u2013 izt\u012br\u012bj\u0101m visu to, ko \u016bdensrozes bija pa\u0161as no sevis sara\u017eoju\u0161as.\u00a0N\u0101kamais solis ir izveidot to d\u012b\u0137a gultni un to, k\u0101 tas var\u0113tu vizu\u0101li smuki izskat\u012bties, tas bija \u0161\u012b gada darbi\u0146\u0161, bet diem\u017e\u0113l\u00a0t\u0101 vasara bija t\u0101da, k\u0101 bija, un to nebija iesp\u0113jams fiziski izdar\u012bt.\u00a0Jo nebija iesp\u0113jams br\u012b\u017eam pat\u00a0z\u0101li nop\u013caut, l\u012bdz ar to ir pien\u0101cis rudens un m\u0113s esam tur, kur m\u0113s esam, bet tas nenoz\u012bm\u0113, ka tie pl\u0101ni nenotiks.\u00a0L\u012bgumi ir sasl\u0113gti, m\u0113s gaid\u0101m piem\u0113rotus laikapst\u0101k\u013cus, lai var\u0113tu darbus turpin\u0101t, cerams, ka b\u016bs sals, tad m\u0113s var\u0113sim pabeigt d\u012b\u0137i rakt.<\/p>\n<blockquote>\n<p>D\u012b\u0137is ar\u012b pamain\u012bs formu \u2013 atk\u0101psies no ce\u013ca\u00a0t\u0101d\u0101 veid\u0101, ka, braucot ar automa\u0161\u012bnu, var\u0113s lab\u0101k redz\u0113t visu to skaistumu. Tas, ko m\u0113s esam iepl\u0101noju\u0161i \u2013\u00a0ka d\u012b\u0137im apk\u0101rt ies skaists g\u0101j\u0113ju celi\u0146\u0161 t\u0101, lai cilv\u0113ki, kuri v\u0113las apskat\u012bt \u016bdensrozes, to var izdar\u012bt no ab\u0101m pus\u0113m,<\/p>\n<\/blockquote>\n<p>jo \u0161obr\u012bd piek\u013cuve bija tikai no vienas puses, taci\u0146a b\u016bs savienota ar\u012b ar st\u0101vlaukumu pie veikala.&#8221;<\/p>\n<p>Lelde Burdaja st\u0101sta, ka, pabeidzot d\u012b\u0137a t\u012br\u012b\u0161anas darbus, tiks turpin\u0101ta\u00a0ar\u012b sadarb\u012bba ar \u016bdensro\u017eu mantiniekiem: &#8220;M\u0113s apsaimniekojam teritoriju, bet vi\u0146i ir tie, kas r\u016bp\u0113jas par \u016bdensroz\u0113m, \u0161obr\u012bd m\u0113s \u0161o l\u012bgumu neesam nosl\u0113gu\u0161i, jo ir j\u0101tiek gal\u0101 ar visu b\u016bvniec\u012bbas procesu, un p\u0113c tam m\u0113s sl\u0113dzam savstarp\u0113jo l\u012bgumu par to, ka joproj\u0101m vi\u0146i apsaimnieko \u016bdensrozes, bet m\u0113s r\u016bp\u0113jamies par teritorijas att\u012bst\u012bbu.&#8221;<\/p>\n<p>Bet k\u0101 ir aizs\u0101cies Vecpiebalgas \u016bdensro\u017eu st\u0101sts?<\/p>\n<p>            <img decoding=\"async\" src=\"https:\/\/www.europesays.com\/lv\/wp-content\/uploads\/2025\/10\/rva1.jpg\" alt=\"Dace Avoti\u0146a, Lelde Burdaja, Aina Ozoli\u0146a\"\/><\/p>\n<p>Dace Avoti\u0146a, Lelde Burdaja, Aina Ozoli\u0146a<\/p>\n<p>Foto: Gunta Matisone \/ Latvijas Radio<\/p>\n<\/p>\n<blockquote>\n<p>Pirms gadiem piecdesmit t\u0101s \u0161eit audz\u0113t aizs\u0101ka vecpiebaldz\u0113ns J\u0101nis Sniedze, kura meitas Aina Ozoli\u0146a un Dace Avoti\u0146a, t\u0113vam aizejot m\u016b\u017e\u012bb\u0101, p\u0101r\u0146\u0113ma \u0161\u012bs r\u016bpes par Vecpiebalgas simbolu.<\/p>\n<\/blockquote>\n<p>&#8220;Vi\u0146\u0161 bija fan\u0101ti\u0137is! Vi\u0146\u0161 bija ar \u016bde\u0146iem saist\u012bts, mums ta\u010du ir Alauksts, Inesis, t\u0101di ezeri, un tur jau ir t\u0101s \u016bdensrozes, \u0161is d\u012b\u0137is ar\u012b k\u0101dreiz bija balts, nu, p\u0113c tam vi\u0146\u0161 palika kr\u0101sains, n\u0101ca jaunas \u0161\u0137irnes kl\u0101t, un t\u0101 tas d\u012b\u0137is izveidoj\u0101s. Mums ar m\u0101su nekas cits neatlika\u00a0k\u0101 turpin\u0101t, jo te ir b\u016bts gandr\u012bz 50 gadus sakar\u0101 ar t\u0113vu.\u00a0Tad m\u0113s turpin\u0101j\u0101m ilgus gadus bez vi\u0146a un m\u0113\u0123in\u0101sim turpin\u0101t t\u0101l\u0101k,&#8221; st\u0101sta Dace Avoti\u0146a.<\/p>\n<p>Tagad, k\u0101 nor\u0101da Dace Ozoli\u0146a, r\u016bpes par \u016bdensroz\u0113m ir gatavs uz\u0146emties vi\u0146as d\u0113ls:\u00a0<\/p>\n<blockquote>\n<p>&#8220;Piebalgas sauklis \u2013 Piebalga ir, bija un b\u016bs, nu, es teik\u0161u t\u0101 \u2013 \u016bdensrozes bija, \u0161obr\u012bd nav, bet noteikti b\u016bs!&#8221;<\/p>\n<\/blockquote>\n<p>Ja ar d\u012b\u0137a t\u012br\u012b\u0161anas un labiek\u0101rto\u0161anas darbiem viss veiksies, k\u0101 iecer\u0113ts, tad \u016bdensrozes taj\u0101 atgriez\u012bsies n\u0101kamgad \u2013 ap J\u0101\u0146iem.<\/p>\n","protected":false},"excerpt":{"rendered":"Vecpiebalgas simbols nenoliedzami ir \u016bdensrozes \u2013 t\u0101s ilgus gadus zied\u0113ja d\u012b\u0137\u012b pa\u0161\u0101 ce\u013ca mal\u0101, priec\u0113jot pa\u0161us piebaldz\u0113nus, t\u016bristus&hellip;\n","protected":false},"author":2,"featured_media":31218,"comment_status":"","ping_status":"","sticky":false,"template":"","format":"standard","meta":{"footnotes":""},"categories":[12],"tags":[23,28,29,32,33,22,30,31,35,39,38,36,37,34,40,20,26,27,24,25,21],"class_list":{"0":"post-31217","1":"post","2":"type-post","3":"status-publish","4":"format-standard","5":"has-post-thumbnail","7":"category-latvija","8":"tag-aktualitates","9":"tag-breaking-news","10":"tag-breakingnews","11":"tag-featured-news","12":"tag-featurednews","13":"tag-headlines","14":"tag-latest-news","15":"tag-latestnews","16":"tag-latvia","17":"tag-latvian","18":"tag-latviesu","19":"tag-latviesu-valoda","20":"tag-latviesuvaloda","21":"tag-latvija","22":"tag-lv","23":"tag-news","24":"tag-popularakas-zinas","25":"tag-popularakaszinas","26":"tag-top-stories","27":"tag-topstories","28":"tag-zinas"},"share_on_mastodon":{"url":"https:\/\/pubeurope.com\/@lv\/115438930188057467","error":""},"_links":{"self":[{"href":"https:\/\/www.europesays.com\/lv\/wp-json\/wp\/v2\/posts\/31217","targetHints":{"allow":["GET"]}}],"collection":[{"href":"https:\/\/www.europesays.com\/lv\/wp-json\/wp\/v2\/posts"}],"about":[{"href":"https:\/\/www.europesays.com\/lv\/wp-json\/wp\/v2\/types\/post"}],"author":[{"embeddable":true,"href":"https:\/\/www.europesays.com\/lv\/wp-json\/wp\/v2\/users\/2"}],"replies":[{"embeddable":true,"href":"https:\/\/www.europesays.com\/lv\/wp-json\/wp\/v2\/comments?post=31217"}],"version-history":[{"count":0,"href":"https:\/\/www.europesays.com\/lv\/wp-json\/wp\/v2\/posts\/31217\/revisions"}],"wp:featuredmedia":[{"embeddable":true,"href":"https:\/\/www.europesays.com\/lv\/wp-json\/wp\/v2\/media\/31218"}],"wp:attachment":[{"href":"https:\/\/www.europesays.com\/lv\/wp-json\/wp\/v2\/media?parent=31217"}],"wp:term":[{"taxonomy":"category","embeddable":true,"href":"https:\/\/www.europesays.com\/lv\/wp-json\/wp\/v2\/categories?post=31217"},{"taxonomy":"post_tag","embeddable":true,"href":"https:\/\/www.europesays.com\/lv\/wp-json\/wp\/v2\/tags?post=31217"}],"curies":[{"name":"wp","href":"https:\/\/api.w.org\/{rel}","templated":true}]}}