{"id":31219,"date":"2025-10-26T05:57:22","date_gmt":"2025-10-26T05:57:22","guid":{"rendered":"https:\/\/www.europesays.com\/lv\/31219\/"},"modified":"2025-10-26T05:57:22","modified_gmt":"2025-10-26T05:57:22","slug":"ministrija-piedava-pariet-uz-tris-limenu-slimnicam","status":"publish","type":"post","link":"https:\/\/www.europesays.com\/lv\/31219\/","title":{"rendered":"Ministrija pied\u0101v\u0101 p\u0101riet uz tr\u012bs l\u012bme\u0146u slimn\u012bc\u0101m"},"content":{"rendered":"<p>Slimn\u012bcu l\u012bme\u0146i un stacion\u0101ro pakalpojumu kl\u0101sts tiks noteikti p\u0113c slimn\u012bcas kapacit\u0101tes, pieejam\u0101 \u0101rstniec\u012bbas person\u0101la, infrastrukt\u016bras un sniegto pakalpojumu sare\u017e\u0123\u012bt\u012bbas, skaidro VM.<\/p>\n<p>Vienlaikus paredz\u0113ts, ka neatliekam\u0101 medic\u012bnisk\u0101 pal\u012bdz\u012bba tiks nodro\u0161in\u0101ta vis\u0101s slimn\u012bc\u0101s neatkar\u012bgi no to l\u012bme\u0146a. Katr\u0101 no slimn\u012bc\u0101m iedz\u012bvot\u0101jiem b\u016bs pieejami \u0101rsti, atbalsta person\u0101ls, laboratoriskie un diagnostiskie izmekl\u0113jumi diennakts re\u017e\u012bm\u0101.<\/p>\n<p>Lai samazin\u0101tu p\u0101rslodzi uz\u0146em\u0161anas noda\u013c\u0101s, no 2025. gada paredz\u0113ts pilot\u0113t &#8220;steidzam\u0101s medic\u012bnisk\u0101s pal\u012bdz\u012bbas noda\u013cas&#8221; maz\u0101k\u0101s slimn\u012bc\u0101s, kur pacientu pl\u016bsma ir neliela.<\/p>\n<p>T\u0101pat pl\u0101nots ieviest vienotus pacientu nov\u0113ro\u0161anas krit\u0113rijus, kas \u013cautu nov\u0113rst nepamatotu hospitaliz\u0101ciju. Pa\u0161laik vid\u0113ji 80% nov\u0113roto pacientu p\u0113c \u012bslaic\u012bgas \u0101rst\u0113\u0161anas stacion\u0113t nav nepiecie\u0161ams. Paredz\u0113ta ar\u012b nov\u0113ro\u0161anas jeb observ\u0101cijas pakalpojumu att\u012bst\u012bba, kas \u013caus samazin\u0101t nepamatotu hospitaliz\u0101ciju skaitu un uzlabot apr\u016bpes efektivit\u0101ti.<\/p>\n<p>VM uzsver, ka \u012bpa\u0161a uzman\u012bba tiks piev\u0113rsta slimn\u012bc\u0101m \u0101r\u0113j\u0101s robe\u017eas tuvum\u0101, lai nodro\u0161in\u0101tu neatliekam\u0101s medic\u012bnisk\u0101s pal\u012bdz\u012bbas pieejam\u012bbas nep\u0101rtraukt\u012bbu. Papildus tiks stiprin\u0101ta sadarb\u012bba ar Neatliekam\u0101s medic\u012bnisk\u0101s pal\u012bdz\u012bbas dienestu, analiz\u0113ts brig\u0101\u017eu izvietojums un pl\u0101nota t\u012bkla papla\u0161in\u0101\u0161ana.<\/p>\n<p>Vienlaikus, k\u0101 uzsver VM, \u0146emot v\u0113r\u0101 ierobe\u017eotu valsts bud\u017eeta finans\u0113jumu, ir nepiecie\u0161ams p\u0101rskat\u012bt finans\u0113\u0161anas modeli, paredzot \u0101rstniec\u012bbas iest\u0101d\u0113m liel\u0101ku elast\u012bbu l\u012bdzek\u013cu izmanto\u0161an\u0101 un vienlaikus veicinot efekt\u012bv\u0101ku pacientu \u0101rst\u0113\u0161anu.<\/p>\n<p>T\u0101p\u0113c l\u012bdz 2029. gadam, pl\u0101nojot finans\u0113jumu slimn\u012bc\u0101m, tiks v\u0113rt\u0113ta ar\u012b sniegto vesel\u012bbas apr\u016bpes pakalpojumu kvalit\u0101te, lai m\u0113r\u0137tiec\u012bgi stiprin\u0101tu t\u0101s \u0101rstniec\u012bbas iest\u0101des, kas darbojas efekt\u012bv\u0101k, nevis vien\u0101di uztur\u0113tu visas slimn\u012bcas neatkar\u012bgi no rezult\u0101tiem, nor\u0101d\u012bts zi\u0146ojum\u0101.<\/p>\n","protected":false},"excerpt":{"rendered":"Slimn\u012bcu l\u012bme\u0146i un stacion\u0101ro pakalpojumu kl\u0101sts tiks noteikti p\u0113c slimn\u012bcas kapacit\u0101tes, pieejam\u0101 \u0101rstniec\u012bbas person\u0101la, infrastrukt\u016bras un sniegto pakalpojumu&hellip;\n","protected":false},"author":2,"featured_media":31220,"comment_status":"","ping_status":"","sticky":false,"template":"","format":"standard","meta":{"footnotes":""},"categories":[5],"tags":[23,28,29,32,33,22,30,31,35,39,38,36,37,34,40,20,26,27,183,24,25,1454,21],"class_list":{"0":"post-31219","1":"post","2":"type-post","3":"status-publish","4":"format-standard","5":"has-post-thumbnail","7":"category-aktualitates","8":"tag-aktualitates","9":"tag-breaking-news","10":"tag-breakingnews","11":"tag-featured-news","12":"tag-featurednews","13":"tag-headlines","14":"tag-latest-news","15":"tag-latestnews","16":"tag-latvia","17":"tag-latvian","18":"tag-latviesu","19":"tag-latviesu-valoda","20":"tag-latviesuvaloda","21":"tag-latvija","22":"tag-lv","23":"tag-news","24":"tag-popularakas-zinas","25":"tag-popularakaszinas","26":"tag-slimnica","27":"tag-top-stories","28":"tag-topstories","29":"tag-veselibas-ministrija","30":"tag-zinas"},"share_on_mastodon":{"url":"https:\/\/pubeurope.com\/@lv\/115438933979259583","error":""},"_links":{"self":[{"href":"https:\/\/www.europesays.com\/lv\/wp-json\/wp\/v2\/posts\/31219","targetHints":{"allow":["GET"]}}],"collection":[{"href":"https:\/\/www.europesays.com\/lv\/wp-json\/wp\/v2\/posts"}],"about":[{"href":"https:\/\/www.europesays.com\/lv\/wp-json\/wp\/v2\/types\/post"}],"author":[{"embeddable":true,"href":"https:\/\/www.europesays.com\/lv\/wp-json\/wp\/v2\/users\/2"}],"replies":[{"embeddable":true,"href":"https:\/\/www.europesays.com\/lv\/wp-json\/wp\/v2\/comments?post=31219"}],"version-history":[{"count":0,"href":"https:\/\/www.europesays.com\/lv\/wp-json\/wp\/v2\/posts\/31219\/revisions"}],"wp:featuredmedia":[{"embeddable":true,"href":"https:\/\/www.europesays.com\/lv\/wp-json\/wp\/v2\/media\/31220"}],"wp:attachment":[{"href":"https:\/\/www.europesays.com\/lv\/wp-json\/wp\/v2\/media?parent=31219"}],"wp:term":[{"taxonomy":"category","embeddable":true,"href":"https:\/\/www.europesays.com\/lv\/wp-json\/wp\/v2\/categories?post=31219"},{"taxonomy":"post_tag","embeddable":true,"href":"https:\/\/www.europesays.com\/lv\/wp-json\/wp\/v2\/tags?post=31219"}],"curies":[{"name":"wp","href":"https:\/\/api.w.org\/{rel}","templated":true}]}}