{"id":31221,"date":"2025-10-26T06:15:13","date_gmt":"2025-10-26T06:15:13","guid":{"rendered":"https:\/\/www.europesays.com\/lv\/31221\/"},"modified":"2025-10-26T06:15:13","modified_gmt":"2025-10-26T06:15:13","slug":"asv-armija-izmantos-dronus-virs-gazas-joslas-lai-uzraudzitu-pamieru-starp-izraelu-un-hamas-raksts","status":"publish","type":"post","link":"https:\/\/www.europesays.com\/lv\/31221\/","title":{"rendered":"ASV armija izmantos dronus virs Gazas joslas, lai uzraudz\u012btu pamieru starp Izra\u0113lu un \u00abHam\u0101s\u00bb \/ Raksts"},"content":{"rendered":"<p>ASV armija nesen ir s\u0101kusi izmantot savus dronus virs Gazas joslas, lai uzraudz\u012btu pamiera iev\u0113ro\u0161anu starp Izra\u0113lu un palest\u012bnie\u0161u teroristisko\u00a0organiz\u0101ciju &#8220;Ham\u0101s&#8221;, zi\u0146o ASV mediji.<\/p>\n<p>Ar izra\u0113lie\u0161u piekri\u0161anu no gaisa tiek uz\u0146emtas fotogr\u0101fijas par darb\u012bb\u0101m Gazas josl\u0101, v\u0113sta laikraksts &#8220;New York Times&#8221;, atsaucoties uz ASV un Izra\u0113las milit\u0101rajiem avotiem. Ar bezpilota lidapar\u0101tu izmanto\u0161anu tiek atbalst\u012bts ASV koordin\u0101cijas centrs Izra\u0113las dienvidos, kas uzrauga hum\u0101n\u0101s pal\u012bdz\u012bbas vajadz\u012bbas un pamiera iev\u0113ro\u0161anu.<\/p>\n<p>Izra\u0113las vald\u012bbas amatpersonas bezpilota lidapar\u0101tu izmanto\u0161anu raksturoja k\u0101 diezgan neparastu. ASV vald\u012bbas avoti \u0161oned\u0113\u013c pauda \u0161aubas, vai Izra\u0113la patie\u0161\u0101m iev\u0113ros visas vieno\u0161an\u0101s, lai uztur\u0113tu trauslo pamieru.<\/p>\n<p>No ASV 24. oktobr\u012b Gazas joslas pamiera p\u0101rraudz\u012b\u0161anas strukt\u016bras civil\u0101 vad\u012bt\u0101ja amat\u0101 iecelts amerik\u0101\u0146u karjeras diplom\u0101ts\u00a0St\u012bvs\u00a0Feigins. Vi\u0146\u0161 str\u0101d\u0101s kop\u0101 ar ASV armijas \u0123ener\u0101lleitnantu Patriku Frenku, kas jau iecelts par milit\u0101ro vad\u012bt\u0101ju p\u0113c 10. oktobra pamiera izveidotaj\u0101 strukt\u016br\u0101.<\/p>\n<blockquote>\n<p>Civil\u0101s un milit\u0101r\u0101s koordin\u0101cijas centrs tika izveidots 17. oktobr\u012b Izra\u0113las dienvidos, lai nov\u0113rotu, vai pamiers netiek p\u0101rk\u0101pts, un nodarbotos ar lo\u0123istiku, ar\u012b pal\u012bdz\u012bbas pieg\u0101d\u0113m kara izpost\u012btaj\u0101 Gazas josl\u0101.<\/p>\n<\/blockquote>\n<p>Aptuveni 200 ASV karav\u012bru nos\u016bt\u012bti uz centru, kas izvietots \u012br\u0113t\u0101 noliktav\u0101, kur vi\u0146i str\u0101d\u0101 kop\u0101 ar Izra\u0113las un Eiropas valstu karav\u012briem, Apvienoto Ar\u0101bu Emir\u0101tu un Jord\u0101nijas p\u0101rst\u0101vjiem, k\u0101 ar\u012b ANO un pal\u012bdz\u012bbas organiz\u0101ciju darbiniekiem.<\/p>\n<p>ASV valsts sekret\u0101rs Marko Rubio piektdien apmekl\u0113ja koordin\u0101cijas centru, kas atrodas net\u0101lu no Gazas joslas, un t\u0101 izveidi raksturoja k\u0101 v\u0113sturisku.<\/p>\n<p>KONTEKSTS:<\/p>\n<p>2023. gada 7. oktobr\u012b &#8220;Ham\u0101s&#8221;<a data-id=\"526861\" data-type=\"article\" href=\"https:\/\/www.lsm.lv\/raksts\/zinas\/arzemes\/07.10.2023-izraelas-premjers-pavel-sakt-atbildes-karu-pec-palestiniesu-kaujinieku-rakesu-uzbrukumiem.a526861\/\" target=\"_blank\" class=\"lsm-link\" rel=\"nofollow noopener\">\u00a0sar\u012bkoja<\/a>\u00a0slakti\u0146u Izra\u0113l\u0101, noslepkavojot ap 1200 cilv\u0113ku, no kuriem absol\u016btais vair\u0101kums bija civilpersonas. V\u0113l aptuveni 250 cilv\u0113kus, taj\u0101 skait\u0101 sievietes, b\u0113rnus un sirmgalvjus, teroristi sagr\u0101ba par \u0137\u012blniekiem un aizveda uz Gazas joslu.<\/p>\n<p>Izra\u0113la<a data-id=\"529566\" data-type=\"article\" href=\"https:\/\/www.lsm.lv\/raksts\/zinas\/arzemes\/29.10.2023-izraela-uzsakusi-jaunu-kara-posmu-gazas-josla-apnemiga-iznicinat-teroristus-un-atgriezt-kilniekus.a529566\/\" target=\"_blank\" class=\"lsm-link\" rel=\"nofollow noopener\">\u00a0atbild\u0113ja<\/a>\u00a0ar milit\u0101ro oper\u0101ciju Gazas josl\u0101, k\u0101 ar\u012b pastiprin\u0101ja kl\u0101tb\u016btni Jord\u0101nas Rietumkrast\u0101, solot izn\u012bcin\u0101t teroristu grup\u0113jumu &#8220;Ham\u0101s&#8221;. Starptautisk\u0101 sabiedr\u012bba, tostarp ar\u012b vair\u0101ki Izra\u0113las<a data-id=\"549839\" data-type=\"article\" href=\"https:\/\/www.lsm.lv\/raksts\/zinas\/arzemes\/10.04.2024-baidens-netanjahu-politika-gaza-ir-kludaina-un-es-nepiekritu-sadai-pieejai.a549839\/\" target=\"_blank\" class=\"lsm-link\" rel=\"nofollow noopener\">\u00a0sabiedrotie<\/a>, vair\u0101kk\u0101rt nor\u0101d\u012bju\u0161i uz nesam\u0113r\u012bgu Telavivas atbildi teroristu uzbrukumam.<\/p>\n<p>2024. gada novembr\u012b Starptautisk\u0101 krimin\u0101ltiesa (SKT)<a data-id=\"577308\" data-type=\"article\" href=\"https:\/\/www.lsm.lv\/raksts\/zinas\/arzemes\/21.11.2024-starptautiska-kriminaltiesa-izdevusi-aresta-orderus-netanjahu-un-citu-gazas-kara-iesaistito-aizturesanai.a577308\/?utm_source=lsm&amp;utm_medium=article-body&amp;utm_campaign=admin\" target=\"_blank\" class=\"lsm-link\" rel=\"nofollow noopener\">\u00a0izdeva<\/a>\u00a0aresta orderus Izra\u0113las premjera Netanjahu un citu Gazas kar\u0101 iesaist\u012bto amatpersonu aiztur\u0113\u0161anai, aps\u016bdzot vi\u0146us kara noziegumos un noziegumos pret cilv\u0113ci.<\/p>\n<p>2025. gada vasar\u0101 Izra\u0113las veikt\u0101s ilgsto\u0161\u0101s Gazas teritorijas blok\u0101des un akt\u012bv\u0101 bombard\u0113\u0161ana novedusi pie katastrof\u0101la\u00a0<a data-id=\"611399\" data-type=\"article\" href=\"https:\/\/www.lsm.lv\/raksts\/zinas\/arzemes\/22.08.2025-ano-gaza-ir-katastrofals-bads-izraela-to-sauc-par-meliem.a611399\/?utm_source=lsm&amp;utm_medium=theme&amp;utm_campaign=theme\" target=\"_blank\" class=\"lsm-link\" rel=\"nofollow noopener\">bada<\/a>, pirm\u0101s nepiecie\u0161am\u012bbas pre\u010du un \u016bdens tr\u016bkuma. Starptautisk\u0101 genoc\u012bda p\u0113tnieku\u00a0<a data-id=\"612654\" data-type=\"article\" href=\"https:\/\/www.lsm.lv\/raksts\/zinas\/arzemes\/02.09.2025-starptautiska-genocida-petnieku-asociacija-izraela-veic-genocidu-gazas-josla.a612654\/?utm_source=lsm&amp;utm_medium=theme&amp;utm_campaign=theme\" target=\"_blank\" class=\"lsm-link\" rel=\"nofollow noopener\">asoci\u0101cija\u00a0<\/a>un\u00a0<a data-id=\"612201\" data-type=\"article\" href=\"https:\/\/www.lsm.lv\/raksts\/zinas\/arzemes\/29.08.2025-simtiem-ano-darbinieku-mudina-augsto-cilvektiesibu-komisaru-nosaukt-karu-gazas-josla-par-genocidu.a612201\/?utm_source=lsm&amp;utm_medium=theme&amp;utm_campaign=theme\" target=\"_blank\" class=\"lsm-link\" rel=\"nofollow noopener\">ANO\u00a0<\/a>p\u0101rst\u0101vji aicin\u0101ju\u0161i Telavivas r\u012bc\u012bbu \u0161aj\u0101 teritorij\u0101 atz\u012bt par genoc\u012bdu<\/p>\n<p>Pieaugot Rietumvalstu spiedienam uz Izra\u0113lu, arvien ska\u013c\u0101k izskan aicin\u0101jumi\u00a0<a data-id=\"600836\" data-type=\"article\" href=\"https:\/\/www.lsm.lv\/raksts\/zinas\/arzemes\/28.05.2025-politico-francija-mudina-eiropas-sabiedrotos-atzit-palestinas-valsti.a600836\/\" target=\"_blank\" class=\"lsm-link\" rel=\"nofollow noopener\">atz\u012bt\u00a0<\/a>Palest\u012bnas valsti. L\u012bdz \u0161im to paveiku\u0161as vair\u0101k nek\u0101 150 ANO dal\u012bbvalstis, tostarp 11 no 27 Eiropas Savien\u012bbas valst\u012bm, piem\u0113ram, Sp\u0101nija, Rum\u0101nija, Zviedrija, \u012arija un Bulg\u0101rija. Ruden\u012b Palest\u012bnas valsti atzina\u00a0<a data-id=\"615224\" data-type=\"article\" href=\"https:\/\/www.lsm.lv\/raksts\/zinas\/arzemes\/21.09.2025-lielbritanija-australija-un-kanada-atzist-palestinas-valsti.a615224\/\" target=\"_blank\" class=\"lsm-link\" rel=\"nofollow noopener\">Lielbrit\u0101nija, Kan\u0101da un Austr\u0101lija<\/a>, k\u0101 ar\u012b Portug\u0101le un Francija. \u0160\u0101du valstu soli kritiz\u0113jusi Izra\u0113la un t\u0101s sabiedrot\u0101s ASV.<\/p>\n<p>Oktobra s\u0101kum\u0101 ASV prezidents Donalds Tramps pied\u0101v\u0101ja Izra\u0113lai un &#8220;Ham\u0101s&#8221; savu 20 punktu pamiera\u00a0<a data-id=\"616973\" data-type=\"article\" href=\"https:\/\/www.lsm.lv\/raksts\/zinas\/arzemes\/03.10.2025-tramps-izvirza-ultimatu-hamas-miers-japanak-lidz-svetdienas-vakaram.a616973\/\" target=\"_blank\" class=\"lsm-link\" rel=\"nofollow noopener\">pl\u0101nu<\/a>, uzsverot, ka ab\u0101m pus\u0113m tas j\u0101pie\u0146em. P\u0113c vair\u0101kas dienas ilg\u0101m netie\u0161\u0101m sarun\u0101m \u0112\u0123ipt\u0113 &#8220;Ham\u0101s&#8221; un Izra\u0113la pl\u0101nam. Dr\u012bz p\u0113c tam Izra\u0113la s\u0101ka da\u013c\u0113ji atvilkt savus sp\u0113kus no Gazas joslas.<\/p>\n<p>                    Valodas k\u013c\u016bda rakst\u0101?<\/p>\n<p class=\"d-none d-md-block\">Iez\u012bm\u0113jiet tekstu un spiediet Ctrl+Enter, lai nos\u016bt\u012btu labojamo teksta fragmentu redaktoram! Par faktu k\u013c\u016bd\u0101m l\u016bdzam zi\u0146ot e-past\u0101 <a href=\"https:\/\/www.lsm.lv\/cdn-cgi\/l\/email-protection\" class=\"__cf_email__\" data-cfemail=\"64160100050f070d0e05240817094a0812\" rel=\"nofollow noopener\" target=\"_blank\">[email\u00a0protected]<\/a>.<\/p>\n<p class=\"d-md-none\">Iez\u012bm\u0113jiet tekstu un spiediet uz Zi\u0146ot par k\u013c\u016bdu pogas, lai nos\u016bt\u012btu labojamo teksta fragmentu redaktoram!<\/p>\n<p>\n                    Zi\u0146ot par k\u013c\u016bdu\n                <\/p>\n","protected":false},"excerpt":{"rendered":"ASV armija nesen ir s\u0101kusi izmantot savus dronus virs Gazas joslas, lai uzraudz\u012btu pamiera iev\u0113ro\u0161anu starp Izra\u0113lu un&hellip;\n","protected":false},"author":2,"featured_media":31222,"comment_status":"","ping_status":"","sticky":false,"template":"","format":"standard","meta":{"footnotes":""},"categories":[5],"tags":[23,28,29,32,33,22,30,31,35,39,38,36,37,34,40,20,26,27,24,25,21],"class_list":{"0":"post-31221","1":"post","2":"type-post","3":"status-publish","4":"format-standard","5":"has-post-thumbnail","7":"category-aktualitates","8":"tag-aktualitates","9":"tag-breaking-news","10":"tag-breakingnews","11":"tag-featured-news","12":"tag-featurednews","13":"tag-headlines","14":"tag-latest-news","15":"tag-latestnews","16":"tag-latvia","17":"tag-latvian","18":"tag-latviesu","19":"tag-latviesu-valoda","20":"tag-latviesuvaloda","21":"tag-latvija","22":"tag-lv","23":"tag-news","24":"tag-popularakas-zinas","25":"tag-popularakaszinas","26":"tag-top-stories","27":"tag-topstories","28":"tag-zinas"},"share_on_mastodon":{"url":"https:\/\/pubeurope.com\/@lv\/115439004815856447","error":""},"_links":{"self":[{"href":"https:\/\/www.europesays.com\/lv\/wp-json\/wp\/v2\/posts\/31221","targetHints":{"allow":["GET"]}}],"collection":[{"href":"https:\/\/www.europesays.com\/lv\/wp-json\/wp\/v2\/posts"}],"about":[{"href":"https:\/\/www.europesays.com\/lv\/wp-json\/wp\/v2\/types\/post"}],"author":[{"embeddable":true,"href":"https:\/\/www.europesays.com\/lv\/wp-json\/wp\/v2\/users\/2"}],"replies":[{"embeddable":true,"href":"https:\/\/www.europesays.com\/lv\/wp-json\/wp\/v2\/comments?post=31221"}],"version-history":[{"count":0,"href":"https:\/\/www.europesays.com\/lv\/wp-json\/wp\/v2\/posts\/31221\/revisions"}],"wp:featuredmedia":[{"embeddable":true,"href":"https:\/\/www.europesays.com\/lv\/wp-json\/wp\/v2\/media\/31222"}],"wp:attachment":[{"href":"https:\/\/www.europesays.com\/lv\/wp-json\/wp\/v2\/media?parent=31221"}],"wp:term":[{"taxonomy":"category","embeddable":true,"href":"https:\/\/www.europesays.com\/lv\/wp-json\/wp\/v2\/categories?post=31221"},{"taxonomy":"post_tag","embeddable":true,"href":"https:\/\/www.europesays.com\/lv\/wp-json\/wp\/v2\/tags?post=31221"}],"curies":[{"name":"wp","href":"https:\/\/api.w.org\/{rel}","templated":true}]}}