{"id":31229,"date":"2025-10-26T06:22:36","date_gmt":"2025-10-26T06:22:36","guid":{"rendered":"https:\/\/www.europesays.com\/lv\/31229\/"},"modified":"2025-10-26T06:22:36","modified_gmt":"2025-10-26T06:22:36","slug":"bae-by-katya-shehurina-rigas-modes-nedela-atklaj-jaunu-funkcionalu-eleganci-lente-lv","status":"publish","type":"post","link":"https:\/\/www.europesays.com\/lv\/31229\/","title":{"rendered":"BAE by Katya Shehurina R\u012bgas modes ned\u0113\u013c\u0101 atkl\u0101j jaunu, funkcion\u0101lu eleganci\u00a0\u2014\u00a0Lente.lv"},"content":{"rendered":"<p>Katjas \u0160ehurinas z\u012bmols BAE R\u012bgas modes ned\u0113\u013c\u0101 demonstr\u0113 jaunu virzienu<\/p>\n<p>R\u012bgas modes ned\u0113\u013c\u0101, kas norisin\u0101j\u0101s no 2025. gada 20. l\u012bdz 24. oktobrim, latvie\u0161u dizaineres Katjas \u0160ehurinas z\u012bmols BAE prezent\u0113ja savu jaun\u0101ko kolekciju, atkl\u0101jot jaunu, aizraujo\u0161u virzienu z\u012bmola att\u012bst\u012bb\u0101. Jaun\u0101 kolekcija balans\u0113 starp m\u0101ksliniecisku izpausmi un komerci\u0101lo potenci\u0101lu, pied\u0101v\u0101jot ne tikai eleganci, bet ar\u012b funkcionalit\u0101ti ikdienas dz\u012bv\u0113. \u0160is solis iez\u012bm\u0113 BAE z\u012bmola gatav\u012bbu papla\u0161in\u0101t savu auditoriju un pied\u0101v\u0101t ko vair\u0101k nek\u0101 tikai sv\u0113tku t\u0113rpus.<\/p>\n<p>Elegance un funkcionalit\u0101te ikdien\u0101<\/p>\n<p>Iepriek\u0161 galvenok\u0101rt paz\u012bstams ar vakarkleit\u0101m un k\u0101zu modes elementiem, BAE by Katya Shehurina \u0161aj\u0101 R\u012bgas modes ned\u0113\u013c\u0101 demonstr\u0113ja kolekciju, kas apvieno izsmalcin\u0101tu stilu ar praktiskumu. Dizainere Katja \u0160ehurina savos darbos vienm\u0113r centusies rad\u012bt ap\u0123\u0113rbu, kas sniedz valk\u0101t\u0101jam br\u012bv\u012bbas saj\u016btu. \u0160\u012b kolekcija turpina \u0161o filozofiju, pied\u0101v\u0101jot t\u0113rpus, kas ir ne tikai skaisti un elegantni, bet ar\u012b \u0113rti un piem\u0113roti ikdienas gait\u0101m. Tiek uzsv\u0113rts, ka ap\u0123\u0113rbs var kalpot k\u0101 audekls emociju pau\u0161anai, un jaun\u0101 kolekcija aicina izmantot \u0161o iesp\u0113ju ar no\u0146emamiem aksesu\u0101riem, kas \u013cauj main\u012bt un eksperiment\u0113t ar da\u017e\u0101diem stiliem. Materi\u0101lu izv\u0113l\u0113 domin\u0113 Mikado audums \u2013 grezns, augsta bl\u012bvuma materi\u0101ls ar izteiksm\u012bgu tekst\u016bru, kas pie\u0161\u0137ir t\u0113rpiem \u012bpa\u0161u v\u0113rt\u012bbu.<\/p>\n<p>Ilgtsp\u0113j\u012bba k\u0101 modes n\u0101kotne<\/p>\n<p>\u0160\u012b gada R\u012bgas modes ned\u0113\u013ca kopum\u0101 izc\u0113l\u0101s ar sp\u0113c\u012bgu ilgtsp\u0113j\u012bbas v\u0113st\u012bjumu. Daudzi dizaineri piev\u0113rs\u0101s ekolo\u0123iski draudz\u012bgu materi\u0101lu izmanto\u0161anai, p\u0101rstr\u0101d\u0101tiem audumiem un roku darbam, apliecinot, ka n\u0101kotnes dizains sp\u0113j apvienot est\u0113tiku ar r\u016bp\u0113m par vidi. BAE by Katya Shehurina z\u012bmols, kas jau iepriek\u0161 ir paudis atbalstu ilgtsp\u0113j\u012bgai modei, radot univers\u0101lus t\u0113rpus, ko var valk\u0101t vair\u0101kos veidos, \u0161aj\u0101 zi\u0146\u0101 saskan ar kop\u0113jo modes industrijas tendenci. Z\u012bmols BA\u00c9, kas ir k\u0101 jaun\u0101kais KATYA KATYA LONDON projekts, pied\u0101v\u0101 ilgtsp\u0113j\u012bgu luksusa kleitu kl\u0101stu \u012bpa\u0161iem gad\u012bjumiem, kas rad\u012btas, lai t\u0101s tiktu koptas un valk\u0101tas atk\u0101rtoti, izaicinot strauji main\u012bg\u0101s modes tendences un radot laikam p\u0101ri st\u0101vo\u0161as deta\u013cas.<\/p>\n<p>R\u012bgas modes ned\u0113\u013ca \u2013 platforma jaunajiem talantiem un inov\u0101cij\u0101m<\/p>\n<p>R\u012bgas modes ned\u0113\u013ca 2025 bija \u012bpa\u0161a ar savu \u201cdebijas sezonu\u201d, kas pav\u0113ra durvis jauniem talantiem un inovat\u012bv\u0101m idej\u0101m, atspogu\u013cojot glob\u0101l\u0101s modes tendences. Uz R\u012bgas podiumiem k\u0101pa 17 modes z\u012bmoli no da\u017e\u0101d\u0101m valst\u012bm, un vairums no tiem debit\u0113ja pirmo reizi. Tas apliecina R\u012bgas nostiprin\u0101\u0161anos k\u0101 modes un rado\u0161o industriju centra Baltijas re\u0123ion\u0101. \u0160\u012b dinamisk\u0101 vide \u013cauj ne tikai iepaz\u012bt jaun\u0101kos dizaineru darbus, bet ar\u012b veicina diskusijas par modes n\u0101kotni, m\u0101kslu un ilgtsp\u0113j\u012bbu. Katjas \u0160ehurinas kolekcijas prezent\u0101cija R\u012bgas modes ned\u0113\u013c\u0101 ir apliecin\u0101jums ne tikai vi\u0146as talantam, bet ar\u012b z\u012bmola sp\u0113jai adapt\u0113ties un att\u012bst\u012bties, pied\u0101v\u0101jot modernai sievietei gan est\u0113tiski baud\u0101mus, gan praktiskus risin\u0101jumus. Sav\u0101 prezent\u0101cij\u0101, kas notika 25. oktobr\u012b, dizainere ar kolekciju \u201cNr.1\u201d demonstr\u0113ja savu sp\u0113ju apvienot m\u0101kslu ar komerci\u0101lu pievilc\u012bbu.<\/p>\n","protected":false},"excerpt":{"rendered":"Katjas \u0160ehurinas z\u012bmols BAE R\u012bgas modes ned\u0113\u013c\u0101 demonstr\u0113 jaunu virzienu R\u012bgas modes ned\u0113\u013c\u0101, kas norisin\u0101j\u0101s no 2025. gada&hellip;\n","protected":false},"author":2,"featured_media":31230,"comment_status":"","ping_status":"","sticky":false,"template":"","format":"standard","meta":{"footnotes":""},"categories":[19],"tags":[9405,89,9406,90,9404,35,39,38,4873,36,37,34,40,8281],"class_list":{"0":"post-31229","1":"post","2":"type-post","3":"status-publish","4":"format-standard","5":"has-post-thumbnail","7":"category-izklaide","8":"tag-bae-by-katya-shehurina","9":"tag-entertainment","10":"tag-ilgtspejiga-mode","11":"tag-izklaide","12":"tag-katja-sehurina","13":"tag-latvia","14":"tag-latvian","15":"tag-latviesu","16":"tag-latviesu-dizains","17":"tag-latviesu-valoda","18":"tag-latviesuvaloda","19":"tag-latvija","20":"tag-lv","21":"tag-rigas-modes-nedela"},"share_on_mastodon":{"url":"https:\/\/pubeurope.com\/@lv\/115439032342194509","error":""},"_links":{"self":[{"href":"https:\/\/www.europesays.com\/lv\/wp-json\/wp\/v2\/posts\/31229","targetHints":{"allow":["GET"]}}],"collection":[{"href":"https:\/\/www.europesays.com\/lv\/wp-json\/wp\/v2\/posts"}],"about":[{"href":"https:\/\/www.europesays.com\/lv\/wp-json\/wp\/v2\/types\/post"}],"author":[{"embeddable":true,"href":"https:\/\/www.europesays.com\/lv\/wp-json\/wp\/v2\/users\/2"}],"replies":[{"embeddable":true,"href":"https:\/\/www.europesays.com\/lv\/wp-json\/wp\/v2\/comments?post=31229"}],"version-history":[{"count":0,"href":"https:\/\/www.europesays.com\/lv\/wp-json\/wp\/v2\/posts\/31229\/revisions"}],"wp:featuredmedia":[{"embeddable":true,"href":"https:\/\/www.europesays.com\/lv\/wp-json\/wp\/v2\/media\/31230"}],"wp:attachment":[{"href":"https:\/\/www.europesays.com\/lv\/wp-json\/wp\/v2\/media?parent=31229"}],"wp:term":[{"taxonomy":"category","embeddable":true,"href":"https:\/\/www.europesays.com\/lv\/wp-json\/wp\/v2\/categories?post=31229"},{"taxonomy":"post_tag","embeddable":true,"href":"https:\/\/www.europesays.com\/lv\/wp-json\/wp\/v2\/tags?post=31229"}],"curies":[{"name":"wp","href":"https:\/\/api.w.org\/{rel}","templated":true}]}}