{"id":31231,"date":"2025-10-26T06:23:06","date_gmt":"2025-10-26T06:23:06","guid":{"rendered":"https:\/\/www.europesays.com\/lv\/31231\/"},"modified":"2025-10-26T06:23:06","modified_gmt":"2025-10-26T06:23:06","slug":"pirmo-reizi-starte-u-18-meitenu-komandas-lente-lv","status":"publish","type":"post","link":"https:\/\/www.europesays.com\/lv\/31231\/","title":{"rendered":"pirmo reizi start\u0113 U-18 meite\u0146u komandas\u00a0\u2014\u00a0Lente.lv"},"content":{"rendered":"<p>Notikums Daugavpil\u012b: Jaunie volejbolisti sacen\u0161as EEVZA kaus\u0101<\/p>\n<p>Daugavpil\u012b no 24. l\u012bdz 26. oktobrim norisin\u0101s aizraujo\u0161s volejbola notikums \u2013 Austrumeiropas Volejbola zon\u0101l\u0101s asoci\u0101cijas (EEVZA) kausa izc\u012b\u0146a sporta skolu un jaunie\u0161u klubu komand\u0101m. \u0160ogad sacens\u012bbas ieguvu\u0161as jaunu dimensiju, jo pirmo reizi v\u0113stur\u0113 pievienojusies ar\u012b U-18 meite\u0146u volejbolistu grupa, kas liecina par volejbola popularit\u0101tes aug\u0161anu un att\u012bst\u012bbu jaunie\u0161u vid\u016b.<\/p>\n<p>V\u0113sturiska U-18 debija un U-16 turpin\u0101jums<\/p>\n<p>Jau otro gadu p\u0113c k\u0101rtas Daugavpils Olimpiskais centrs un Daugavpils Sporta skolas z\u0101le uz\u0146em EEVZA kausa izc\u012b\u0146u. Ja U-16 grupas volejbolisti ir pieradu\u0161i pie \u0161\u012bs presti\u017e\u0101s sacens\u012bbu norises, tad U-18 jaunpien\u0101c\u0113jas pie\u0161\u0137ir pas\u0101kumam \u012bpa\u0161u svin\u012bgumu un noz\u012bm\u012bgumu. \u0160\u012b jaun\u0101 kategorija ne tikai papla\u0161ina dal\u012bbnieku loku, bet ar\u012b sniedz iesp\u0113ju v\u0113l jaun\u0101kiem talantiem sevi apliecin\u0101t starptautisk\u0101 l\u012bmen\u012b, ieg\u016bstot v\u0113rt\u012bgu pieredzi un c\u012bnoties par godalg\u0101m.<\/p>\n<p>Starptautisks spriegums un jauno talantu atkl\u0101\u0161ana<\/p>\n<p>EEVZA kausa izc\u012b\u0146a ir noz\u012bm\u012bgs solis jauno sportistu karjer\u0101, pied\u0101v\u0101jot vi\u0146iem iesp\u0113ju sacensties ar vienaud\u017eiem no da\u017e\u0101d\u0101m Austrumeiropas valst\u012bm. \u0160\u0101das sacens\u012bbas ne vien veicina sportisko meistar\u012bbu un komandas garu, bet ar\u012b sniedz neatsveramu pieredzi starptautisk\u0101 konkurenc\u0113. T\u0101s ir platforma, kur\u0101 tiek atkl\u0101ti n\u0101kotnes volejbola zvaigznes, un katra sp\u0113le ir pilna emociju, strat\u0113\u0123ijas un azarta. Spriedze laukum\u0101 un skat\u012bt\u0101ju ov\u0101cijas rad\u012bs neaizmirstamu atmosf\u0113ru, kas motiv\u0113s jaunos sportistus dot visu sevi.<\/p>\n<p>Daugavpils \u2013 volejbola centrs<\/p>\n<p>Daugavpils jau ir nostiprin\u0101jusi savu k\u0101 sporta, \u012bpa\u0161i volejbola, att\u012bst\u012bbas centru re\u0123ion\u0101. Pils\u0113tas sporta infrastrukt\u016bra ir gatava uz\u0146emt \u0161\u0101dus noz\u012bm\u012bgus pas\u0101kumus, nodro\u0161inot gan dal\u012bbniekiem, gan skat\u012bt\u0101jiem komfortablus apst\u0101k\u013cus. Sporta skolu un jaunie\u0161u klubu kauss ir ne tikai par sportiskiem pan\u0101kumiem, bet ar\u012b par kop\u012bbas saj\u016btu un draudz\u012bbas veicin\u0101\u0161anu starp jaunajiem sportistiem no da\u017e\u0101d\u0101m valst\u012bm. T\u0101 ir iesp\u0113ja iepaz\u012bt jaunas kult\u016bras un veidot starptautiskas draudz\u012bbas, kas var ilgt m\u016b\u017ea garum\u0101.<\/p>\n<p>N\u0101kotnes perspekt\u012bvas un sporta att\u012bst\u012bba<\/p>\n<p>EEVZA kausa izc\u012b\u0146as papla\u0161in\u0101\u0161ana ar U-18 grupu ir skaidrs sign\u0101ls par volejbola straujo att\u012bst\u012bbu un augo\u0161o interesi par \u0161o sporta veidu jaunie\u0161u vid\u016b. Tas mudina sporta organiz\u0101cijas un trenerus arvien vair\u0101k piev\u0113rst uzman\u012bbu darbam ar jaunatni, nodro\u0161inot vi\u0146iem kvalitat\u012bvas treni\u0146u iesp\u0113jas un sacens\u012bbu pieredzi. \u0160\u0101du pas\u0101kumu norise Daugavpil\u012b ir noz\u012bm\u012bgs ieguld\u012bjums Latvijas volejbola n\u0101kotn\u0113, stiprinot valsts poz\u012bcijas starptautiskaj\u0101 volejbola aprit\u0113 un iedvesmojot n\u0101kamo paaudzi sasniegt augstus rezult\u0101tus gan laukum\u0101, gan dz\u012bv\u0113.<\/p>\n","protected":false},"excerpt":{"rendered":"Notikums Daugavpil\u012b: Jaunie volejbolisti sacen\u0161as EEVZA kaus\u0101 Daugavpil\u012b no 24. l\u012bdz 26. oktobrim norisin\u0101s aizraujo\u0161s volejbola notikums \u2013&hellip;\n","protected":false},"author":2,"featured_media":31232,"comment_status":"","ping_status":"","sticky":false,"template":"","format":"standard","meta":{"footnotes":""},"categories":[17],"tags":[168,9453,5142,35,39,38,36,37,34,40,67,9454,1208],"class_list":{"0":"post-31231","1":"post","2":"type-post","3":"status-publish","4":"format-standard","5":"has-post-thumbnail","7":"category-sports","8":"tag-daugavpils","9":"tag-eevza-kauss","10":"tag-jauniesu-sports","11":"tag-latvia","12":"tag-latvian","13":"tag-latviesu","14":"tag-latviesu-valoda","15":"tag-latviesuvaloda","16":"tag-latvija","17":"tag-lv","18":"tag-sports","19":"tag-u-18-volejbols","20":"tag-volejbols"},"share_on_mastodon":{"url":"https:\/\/pubeurope.com\/@lv\/115439036258089377","error":""},"_links":{"self":[{"href":"https:\/\/www.europesays.com\/lv\/wp-json\/wp\/v2\/posts\/31231","targetHints":{"allow":["GET"]}}],"collection":[{"href":"https:\/\/www.europesays.com\/lv\/wp-json\/wp\/v2\/posts"}],"about":[{"href":"https:\/\/www.europesays.com\/lv\/wp-json\/wp\/v2\/types\/post"}],"author":[{"embeddable":true,"href":"https:\/\/www.europesays.com\/lv\/wp-json\/wp\/v2\/users\/2"}],"replies":[{"embeddable":true,"href":"https:\/\/www.europesays.com\/lv\/wp-json\/wp\/v2\/comments?post=31231"}],"version-history":[{"count":0,"href":"https:\/\/www.europesays.com\/lv\/wp-json\/wp\/v2\/posts\/31231\/revisions"}],"wp:featuredmedia":[{"embeddable":true,"href":"https:\/\/www.europesays.com\/lv\/wp-json\/wp\/v2\/media\/31232"}],"wp:attachment":[{"href":"https:\/\/www.europesays.com\/lv\/wp-json\/wp\/v2\/media?parent=31231"}],"wp:term":[{"taxonomy":"category","embeddable":true,"href":"https:\/\/www.europesays.com\/lv\/wp-json\/wp\/v2\/categories?post=31231"},{"taxonomy":"post_tag","embeddable":true,"href":"https:\/\/www.europesays.com\/lv\/wp-json\/wp\/v2\/tags?post=31231"}],"curies":[{"name":"wp","href":"https:\/\/api.w.org\/{rel}","templated":true}]}}