{"id":31233,"date":"2025-10-26T06:26:39","date_gmt":"2025-10-26T06:26:39","guid":{"rendered":"https:\/\/www.europesays.com\/lv\/31233\/"},"modified":"2025-10-26T06:26:39","modified_gmt":"2025-10-26T06:26:39","slug":"jekabpiliesi-debate-par-abortiem-briva-valsts-pret-lielo-greku-jekabpils-laiks-jekabpils-zinas","status":"publish","type":"post","link":"https:\/\/www.europesays.com\/lv\/31233\/","title":{"rendered":"J\u0113kabpilie\u0161i debat\u0113 par abortiem: &#8220;Br\u012bva valsts&#8221; pret &#8220;lielo gr\u0113ku&#8221; \/ J\u0113kabpils Laiks: J\u0113kabpils zi\u0146as"},"content":{"rendered":"<p>Latvij\u0101 aktualiz\u0113jies jaut\u0101jums par sievie\u0161u vesel\u012bbu p\u0113c tam, kad da\u017ei politiskie sp\u0113ki iesniegu\u0161i likuma groz\u012bjumus, kas Seksu\u0101l\u0101s un reprodukt\u012bv\u0101s vesel\u012bbas likum\u0101 paredz ieviest terminu \u201cnedzimusi dz\u012bv\u012bba\u201d, ar ko saprot \u201ccilv\u0113ka dz\u012bv\u012bbu, kas s\u0101kas ar apaug\u013co\u0161anos\u201d.<\/p>\n<p>P\u0113d\u0113j\u0101s dien\u0101s iedz\u012bvot\u0101ji pulc\u0113ju\u0161ies pie Saeimas nama, lai izteiktu savu viedokli pret \u0161iem groz\u012bjumiem. Ar\u012b soci\u0101lajos t\u012bklos cilv\u0113ki pau\u017e ba\u017eas, ka \u0161is var\u0113tu b\u016bt pirmais solis sievie\u0161u ties\u012bbu uz gr\u016btniec\u012bbas p\u0101rtrauk\u0161anu ierobe\u017eo\u0161anai.<\/p>\n<p>J\u0113kabpilie\u0161u viedoklis \u0161aj\u0101 jaut\u0101jum\u0101 nav viennoz\u012bm\u012bgs.<\/p>\n<blockquote><p>&#13;<\/p>\n<p>\u201cProtams, negrib\u0113tos, lai t\u0101 dar\u012btu, bet, ja cit\u0101di nesan\u0101k&#8230; \u013boti gr\u016bti atbild\u0113t,\u201d atz\u012bst j\u0113kabpiliete Zina.<\/p>\n<p>&#13;<br \/>\n&#13;<\/p>\n<p>\u201cM\u0113s dz\u012bvojam br\u012bv\u0101 valst\u012b,\u201d pau\u017e k\u0101da j\u0113kabpiliete. \u201cKatrs dr\u012bkst r\u012bkoties, k\u0101 v\u0113las.\u201d<\/p>\n<p>&#13;<br \/>\n&#13;<\/p>\n<p>\u201cAizliegt nu gan gal\u012bgi nevajadz\u0113tu, jo tom\u0113r past\u0101v da\u017e\u0101das situ\u0101cijas,\u201d uzskata Zanda no J\u0113kabpils.<\/p>\n<p>&#13;<br \/>\n&#13;<\/p>\n<p>\u201cB\u0113rnu ir maz, t\u0101p\u0113c, iesp\u0113jams, vajadz\u0113tu aizliegt, jo jaunie\u0161i grib dz\u012bvot \u013coti br\u012bvi, nedom\u0101jot par n\u0101kotni,\u201d saka j\u0113kabpiliete Genoveva.<\/p>\n<p>&#13;<br \/>\n&#13;<\/p>\n<p>\u201cSieviet\u0113m j\u0101atst\u0101j br\u012bva izv\u0113le, lai pa\u0161as lemj, k\u0101 r\u012bkoties,\u201d teic Valent\u012bna no J\u0113kabpils. \u201cSieviet\u0113m pa\u0161\u0101m j\u0101lemj par sevi.\u201d<\/p>\n<p>&#13;\n<\/p><\/blockquote>\n<p>T\u0101pat opoz\u012bcijas politi\u0137i iecer\u0113ju\u0161i likum\u0101 paredz\u0113t, ka gr\u016btniecei, kura v\u0113las m\u0101ksl\u012bgi p\u0101rtraukt gr\u016btniec\u012bbu, k\u0101 ar\u012b topo\u0161\u0101 b\u0113rna t\u0113vam valsts nodro\u0161in\u0101tu iesp\u0113ju sa\u0146emt konsult\u0101ciju pie apm\u0101c\u012bta speci\u0101lista.<\/p>\n<blockquote><p>&#13;<\/p>\n<p>\u201cTam es piekr\u012btu \u2013 lai vi\u0146i zina, kas un k\u0101,\u201d uzskata Zanda. \u201cCiti v\u012brie\u0161i m\u012bl to b\u0113rni\u0146u, bet vi\u0146i nesaprot. Es piekr\u012btu, ka ar\u012b vi\u0146iem j\u0101iet uz konsult\u0101cij\u0101m, lai b\u016btu lietas kurs\u0101.\u201d<\/p>\n<p>&#13;<br \/>\n&#13;<\/p>\n<p>\u201cAborts tiek uzskat\u012bts par lielu gr\u0113ku, un, p\u0113c tic\u012bbas, Dievs to nav paredz\u0113jis,\u201d pau\u017e Vladimirs un Jevdokija. \u201cTas ir aug\u013ca nogalin\u0101\u0161ana. Tom\u0113r, ie\u0146emot b\u0113rnu, \u0161is jaut\u0101jums vienm\u0113r j\u0101izlemj abiem vec\u0101kiem. Princip\u0101 lab\u0101k neveikt abortu, jo dz\u012bv\u012bba ir v\u0113rt\u012bga.\u201d<\/p>\n<p>&#13;\n<\/p><\/blockquote>\n<p>Vesel\u012bbas ministrs Hosams Abu Meri uzskata, ka oblig\u0101tas konsult\u0101cijas, it \u012bpa\u0161i ar tre\u0161\u0101s personas kl\u0101tb\u016btni, var rad\u012bt emocion\u0101lu slogu un kav\u0113t piek\u013cuvi nepiecie\u0161amajiem vesel\u012bbas apr\u016bpes pakalpojumiem, k\u0101 ar\u012b likums jau \u0161obr\u012bd paredz, ka sievietes var sa\u0146emt konsult\u0101ciju pirms l\u0113muma pie\u0146em\u0161anas.<\/p>\n<p>T\u0101pat ministrs uzsver, ka sievie\u0161u autonomija, priv\u0101tums un ties\u012bbas uz piek\u013cuvi vesel\u012bbas apr\u016bpei ir pamatprincipi, ko nedr\u012bkst ierobe\u017eot ar piespiedu meh\u0101nismiem vai papildu \u0161\u0137\u0113r\u0161\u013ciem.<\/p>\n<p>Kate Katr\u012bna Strode<\/p>\n<p><a rel=\"group\" class=\"lightbox content-image content-img-auto-gen\" title=\"\" href=\"https:\/\/www.europesays.com\/lv\/wp-content\/uploads\/2025\/10\/2469993360e67.jpg\"><img decoding=\"async\" alt=\"\" src=\"https:\/\/www.europesays.com\/lv\/wp-content\/uploads\/2025\/10\/2469993360e67.jpg\" style=\"width: 300px; height: 169px;\" class=\"img-fluid\"\/><\/a><\/p>\n<p>Mediju atbalsta fonda ieguld\u012bjums no Latvijas valsts bud\u017eeta l\u012bdzek\u013ciem. Par zi\u0146u si\u017eeta \u201cJ\u0113kabpilie\u0161i debat\u0113 par abortiem: &#8220;Br\u012bva valsts&#8221; pret &#8220;lielo gr\u0113ku&#8221;\u201d saturu atbild SIA \u201cVidusdaugavas telev\u012bzija\u201d.<\/p>\n<p>#SIF_MAF2025<br \/>&#13;<br \/>\n\u00a0<\/p>\n","protected":false},"excerpt":{"rendered":"Latvij\u0101 aktualiz\u0113jies jaut\u0101jums par sievie\u0161u vesel\u012bbu p\u0113c tam, kad da\u017ei politiskie sp\u0113ki iesniegu\u0161i likuma groz\u012bjumus, kas Seksu\u0101l\u0101s un&hellip;\n","protected":false},"author":2,"featured_media":31234,"comment_status":"","ping_status":"","sticky":false,"template":"","format":"standard","meta":{"footnotes":""},"categories":[12],"tags":[23,28,29,32,33,22,987,986,30,31,35,39,38,36,37,34,40,20,26,27,24,25,21],"class_list":{"0":"post-31233","1":"post","2":"type-post","3":"status-publish","4":"format-standard","5":"has-post-thumbnail","7":"category-latvija","8":"tag-aktualitates","9":"tag-breaking-news","10":"tag-breakingnews","11":"tag-featured-news","12":"tag-featurednews","13":"tag-headlines","14":"tag-jekabpils-zinas","15":"tag-jekabpilslaiks","16":"tag-latest-news","17":"tag-latestnews","18":"tag-latvia","19":"tag-latvian","20":"tag-latviesu","21":"tag-latviesu-valoda","22":"tag-latviesuvaloda","23":"tag-latvija","24":"tag-lv","25":"tag-news","26":"tag-popularakas-zinas","27":"tag-popularakaszinas","28":"tag-top-stories","29":"tag-topstories","30":"tag-zinas"},"share_on_mastodon":{"url":"https:\/\/pubeurope.com\/@lv\/115439048150691359","error":""},"_links":{"self":[{"href":"https:\/\/www.europesays.com\/lv\/wp-json\/wp\/v2\/posts\/31233","targetHints":{"allow":["GET"]}}],"collection":[{"href":"https:\/\/www.europesays.com\/lv\/wp-json\/wp\/v2\/posts"}],"about":[{"href":"https:\/\/www.europesays.com\/lv\/wp-json\/wp\/v2\/types\/post"}],"author":[{"embeddable":true,"href":"https:\/\/www.europesays.com\/lv\/wp-json\/wp\/v2\/users\/2"}],"replies":[{"embeddable":true,"href":"https:\/\/www.europesays.com\/lv\/wp-json\/wp\/v2\/comments?post=31233"}],"version-history":[{"count":0,"href":"https:\/\/www.europesays.com\/lv\/wp-json\/wp\/v2\/posts\/31233\/revisions"}],"wp:featuredmedia":[{"embeddable":true,"href":"https:\/\/www.europesays.com\/lv\/wp-json\/wp\/v2\/media\/31234"}],"wp:attachment":[{"href":"https:\/\/www.europesays.com\/lv\/wp-json\/wp\/v2\/media?parent=31233"}],"wp:term":[{"taxonomy":"category","embeddable":true,"href":"https:\/\/www.europesays.com\/lv\/wp-json\/wp\/v2\/categories?post=31233"},{"taxonomy":"post_tag","embeddable":true,"href":"https:\/\/www.europesays.com\/lv\/wp-json\/wp\/v2\/tags?post=31233"}],"curies":[{"name":"wp","href":"https:\/\/api.w.org\/{rel}","templated":true}]}}