{"id":31237,"date":"2025-10-26T06:30:10","date_gmt":"2025-10-26T06:30:10","guid":{"rendered":"https:\/\/www.europesays.com\/lv\/31237\/"},"modified":"2025-10-26T06:30:10","modified_gmt":"2025-10-26T06:30:10","slug":"norisam-pirma-starta-vieta-piastri","status":"publish","type":"post","link":"https:\/\/www.europesays.com\/lv\/31237\/","title":{"rendered":"Norisam pirm\u0101 starta vieta, Piastri"},"content":{"rendered":"<p>No otr\u0101s poz\u012bcijas \u0161ovakar start\u0113s \u0160arls Lekl\u0113rs, bet Norisa galvenajiem s\u0101ncen\u0161iem c\u012b\u0146\u0101 par titulu Maksam Verstapenam un Oskaram Piastri c\u012b\u0146a b\u016bs j\u0101s\u0101k no n\u0101kamaj\u0101m starta rind\u0101m.<\/p>\n<p>Iz\u0161\u0137iro\u0161aj\u0101 kvalifik\u0101cijas k\u0101rt\u0101 Noriss sasniedza rezult\u0101tu 1:15.586, par 0.262 sekund\u0113m p\u0101rsp\u0113jot \u0160arlu Lekl\u0113ru, kam\u0113r L\u016biss Hamiltons zaud\u0113ja 0.352 sekundes. No ceturt\u0101s poz\u012bcijas start\u0113s &#8220;Mercedes&#8221; pilots D\u017eord\u017es Rasels.<\/p>\n<p>P\u0113d\u0113jos posmos uzvar\u0113ju\u0161ais Makss Verstapens, zaud\u0113jot sa\u0137eri otraj\u0101 sektor\u0101, \u0161oreiz ie\u0146\u0113ma tikai piekto poz\u012bciju, aiz sevis atst\u0101jot Kimi Antonelli un Karlosu Sainsu. Tikai astotais palika Oskars Piastri &#8211; no komandas biedra Norisa austr\u0101lietis atpalika 0.588 sekundes.<\/p>\n<p>Piastri smagi n\u0101c\u0101s c\u012bn\u012bties, lai visp\u0101r iek\u013c\u016btu vado\u0161aj\u0101 desmitniek\u0101. Austr\u0101lietis s\u0101kotn\u0113ji bija uz izkri\u0161anas robe\u017eas ar lietot\u0101m m\u012bkstaj\u0101m riep\u0101m, ta\u010du pat ar jaun\u0101m vi\u0146am neizdev\u0101s atrast labu \u0101trumu. Galu gal\u0101 Piastri iek\u013cuva Q3 k\u0101 sept\u012btais, tikai par 0.079 sekund\u0113m p\u0101rsp\u0113jot 11. viet\u0101 eso\u0161o Juki Cunodu.<\/p>\n<p>T\u0101l\u0101k ierindoj\u0101s sezonas debitanti \u012azaks Had\u017e\u0101rs un Olivers B\u0113rmans. Piastri start\u0113s sept\u012btai, bet Cunoda &#8211; desmitais, jo Sainsam ir piecu starta vietu sods.<\/p>\n<p>Sacens\u012bbu s\u0101kums plkst. 22:00 p\u0113c Latvijas laika.<\/p>\n<p>Mehiko GP starta k\u0101rt\u012bba:<img decoding=\"async\" src=\"https:\/\/www.europesays.com\/lv\/wp-content\/uploads\/2025\/10\/G4I5S_eXUAAJlC9.jpeg\" class=\"img-fluid\"\/><\/p>\n","protected":false},"excerpt":{"rendered":"No otr\u0101s poz\u012bcijas \u0161ovakar start\u0113s \u0160arls Lekl\u0113rs, bet Norisa galvenajiem s\u0101ncen\u0161iem c\u012b\u0146\u0101 par titulu Maksam Verstapenam un Oskaram&hellip;\n","protected":false},"author":2,"featured_media":31238,"comment_status":"","ping_status":"","sticky":false,"template":"","format":"standard","meta":{"footnotes":""},"categories":[17],"tags":[35,39,38,36,37,34,40,165,67],"class_list":{"0":"post-31237","1":"post","2":"type-post","3":"status-publish","4":"format-standard","5":"has-post-thumbnail","7":"category-sports","8":"tag-latvia","9":"tag-latvian","10":"tag-latviesu","11":"tag-latviesu-valoda","12":"tag-latviesuvaloda","13":"tag-latvija","14":"tag-lv","15":"tag-motoru-sports","16":"tag-sports"},"share_on_mastodon":{"url":"https:\/\/pubeurope.com\/@lv\/115439063788209048","error":""},"_links":{"self":[{"href":"https:\/\/www.europesays.com\/lv\/wp-json\/wp\/v2\/posts\/31237","targetHints":{"allow":["GET"]}}],"collection":[{"href":"https:\/\/www.europesays.com\/lv\/wp-json\/wp\/v2\/posts"}],"about":[{"href":"https:\/\/www.europesays.com\/lv\/wp-json\/wp\/v2\/types\/post"}],"author":[{"embeddable":true,"href":"https:\/\/www.europesays.com\/lv\/wp-json\/wp\/v2\/users\/2"}],"replies":[{"embeddable":true,"href":"https:\/\/www.europesays.com\/lv\/wp-json\/wp\/v2\/comments?post=31237"}],"version-history":[{"count":0,"href":"https:\/\/www.europesays.com\/lv\/wp-json\/wp\/v2\/posts\/31237\/revisions"}],"wp:featuredmedia":[{"embeddable":true,"href":"https:\/\/www.europesays.com\/lv\/wp-json\/wp\/v2\/media\/31238"}],"wp:attachment":[{"href":"https:\/\/www.europesays.com\/lv\/wp-json\/wp\/v2\/media?parent=31237"}],"wp:term":[{"taxonomy":"category","embeddable":true,"href":"https:\/\/www.europesays.com\/lv\/wp-json\/wp\/v2\/categories?post=31237"},{"taxonomy":"post_tag","embeddable":true,"href":"https:\/\/www.europesays.com\/lv\/wp-json\/wp\/v2\/tags?post=31237"}],"curies":[{"name":"wp","href":"https:\/\/api.w.org\/{rel}","templated":true}]}}