{"id":31243,"date":"2025-10-26T06:34:14","date_gmt":"2025-10-26T06:34:14","guid":{"rendered":"https:\/\/www.europesays.com\/lv\/31243\/"},"modified":"2025-10-26T06:34:14","modified_gmt":"2025-10-26T06:34:14","slug":"saja-jautajuma-ir-nianses-zelenskis-aicina-eiropu-atdot-ukrainai-savu-vietu-rinda","status":"publish","type":"post","link":"https:\/\/www.europesays.com\/lv\/31243\/","title":{"rendered":"\u201c\u0160aj\u0101 jaut\u0101jum\u0101 ir nianses!\u201d Zelenskis aicina Eiropu atdot Ukrainai savu vietu rind\u0101"},"content":{"rendered":"<p>    <img decoding=\"async\" src=\"https:\/\/www.europesays.com\/lv\/wp-content\/uploads\/2025\/10\/20231130_zaa_p138_005-1024x683.jpg\" alt=\"&#10;\"\/><\/p>\n<p>Foto: zumapress\/scanpix\/leta\n<\/p>\n<p>Ukrainas prezidents Volodimirs Zelenskis aicin\u0101jis Eiropas valstis akt\u012bv\u0101k iesaist\u012bties pretgaisa aizsardz\u012bbas atbalsta nodro\u0161in\u0101\u0161an\u0101, pied\u0101v\u0101jot t\u0101m nodot Ukrainai savas \u201cPatriot\u201d ra\u0137e\u0161u sist\u0113mas, apsteidzot pieg\u0101\u017eu grafiku no ASV. \u0160\u0101du priek\u0161likumu vi\u0146\u0161 izteica uzrun\u0101 Eiropadomes san\u0101ksm\u0113. Zelenskis aicina ES l\u012bderus b\u016bt akt\u012bv\u0101kiem pretgaisa aizsardz\u012bbas jaut\u0101jumos.<\/p>\n<p>Zelenskis uzsv\u0113ra, ka<\/p>\n<p>        Las\u012bt\u0101kie<br \/>\n        <a data-imagesrc=\"{&quot;300&quot;:&quot;https:\\\/\\\/lastatic.ams3.cdn.digitaloceanspaces.com\\\/2020\\\/01\\\/zodiaki-300x222.jpg&quot;,&quot;768&quot;:&quot;https:\\\/\\\/lastatic.ams3.cdn.digitaloceanspaces.com\\\/2020\\\/01\\\/zodiaki-768x569.jpg&quot;,&quot;1024&quot;:&quot;https:\\\/\\\/lastatic.ams3.cdn.digitaloceanspaces.com\\\/2020\\\/01\\\/zodiaki-1024x759.jpg&quot;,&quot;200&quot;:&quot;https:\\\/\\\/lastatic.ams3.cdn.digitaloceanspaces.com\\\/2020\\\/01\\\/zodiaki-200x148.jpg&quot;,&quot;400&quot;:&quot;https:\\\/\\\/lastatic.ams3.cdn.digitaloceanspaces.com\\\/2020\\\/01\\\/zodiaki-400x297.jpg&quot;,&quot;500&quot;:&quot;https:\\\/\\\/lastatic.ams3.cdn.digitaloceanspaces.com\\\/2020\\\/01\\\/zodiaki-500x371.jpg&quot;,&quot;800&quot;:&quot;https:\\\/\\\/lastatic.ams3.cdn.digitaloceanspaces.com\\\/2020\\\/01\\\/zodiaki-800x593.jpg&quot;,&quot;1000&quot;:&quot;https:\\\/\\\/lastatic.ams3.cdn.digitaloceanspaces.com\\\/2020\\\/01\\\/zodiaki-1000x741.jpg&quot;,&quot;1133&quot;:&quot;https:\\\/\\\/lastatic.ams3.cdn.digitaloceanspaces.com\\\/2020\\\/01\\\/zodiaki.jpg&quot;}\" data-focuspoint=\"&quot;&quot;\" data-p=\"2455577\" href=\"https:\/\/www.la.lv\/es-esmu-tev-lidzas-5-pazimes-ka-tavi-milie-no-aizsaules-joprojam-ir-tuvuma-un-sarga\" class=\"content-item lazy-load\" wp_automatic_readability=\"27\" rel=\"nofollow noopener\" target=\"_blank\"><\/p>\n<p>                                <img decoding=\"async\" src=\"\" alt=\"\" style=\"\" data-imageid=\"\"\/><\/p>\n<p>\n                                                \u201cEs esmu tev l\u012bdz\u0101s\u2026\u201d 5 paz\u012bmes, ka tavi m\u012b\u013cie no aizsaules joproj\u0101m ir tuvum\u0101 un sarg\u0101\n                            <\/p>\n<p><\/a><a data-imagesrc=\"{&quot;300&quot;:&quot;https:\\\/\\\/lastatic.ams3.cdn.digitaloceanspaces.com\\\/2025\\\/03\\\/Bez-nosaukuma-1500-x-1000-pikseli-54-300x200.jpg&quot;,&quot;1024&quot;:&quot;https:\\\/\\\/lastatic.ams3.cdn.digitaloceanspaces.com\\\/2025\\\/03\\\/Bez-nosaukuma-1500-x-1000-pikseli-54-1024x683.jpg&quot;,&quot;768&quot;:&quot;https:\\\/\\\/lastatic.ams3.cdn.digitaloceanspaces.com\\\/2025\\\/03\\\/Bez-nosaukuma-1500-x-1000-pikseli-54-768x512.jpg&quot;,&quot;200&quot;:&quot;https:\\\/\\\/lastatic.ams3.cdn.digitaloceanspaces.com\\\/2025\\\/03\\\/Bez-nosaukuma-1500-x-1000-pikseli-54-200x133.jpg&quot;,&quot;400&quot;:&quot;https:\\\/\\\/lastatic.ams3.cdn.digitaloceanspaces.com\\\/2025\\\/03\\\/Bez-nosaukuma-1500-x-1000-pikseli-54-400x267.jpg&quot;,&quot;500&quot;:&quot;https:\\\/\\\/lastatic.ams3.cdn.digitaloceanspaces.com\\\/2025\\\/03\\\/Bez-nosaukuma-1500-x-1000-pikseli-54-500x333.jpg&quot;,&quot;800&quot;:&quot;https:\\\/\\\/lastatic.ams3.cdn.digitaloceanspaces.com\\\/2025\\\/03\\\/Bez-nosaukuma-1500-x-1000-pikseli-54-800x533.jpg&quot;,&quot;1000&quot;:&quot;https:\\\/\\\/lastatic.ams3.cdn.digitaloceanspaces.com\\\/2025\\\/03\\\/Bez-nosaukuma-1500-x-1000-pikseli-54-1000x667.jpg&quot;,&quot;1500&quot;:&quot;https:\\\/\\\/lastatic.ams3.cdn.digitaloceanspaces.com\\\/2025\\\/03\\\/Bez-nosaukuma-1500-x-1000-pikseli-54.jpg&quot;}\" data-focuspoint=\"&quot;&quot;\" data-p=\"2454124\" href=\"https:\/\/www.la.lv\/tramps-izvirza-ultimatu-ukrainai-nekavejoties-japartrauc-uguns-esosaja-frontes-linija\" class=\"content-item lazy-load\" wp_automatic_readability=\"26\" rel=\"nofollow noopener\" target=\"_blank\"><\/p>\n<p>                                <img decoding=\"async\" src=\"\" alt=\"\" style=\"\" data-imageid=\"\"\/><\/p>\n<p>                                TV24<\/p>\n<p>                                            Tramps izvirza ultim\u0101tu Ukrainai: nekav\u0113joties j\u0101p\u0101rtrauc uguns eso\u0161aj\u0101 frontes l\u012bnij\u0101\n                            <\/p>\n<p><\/a><a data-imagesrc=\"{&quot;300&quot;:&quot;https:\\\/\\\/lastatic.ams3.cdn.digitaloceanspaces.com\\\/2025\\\/10\\\/64623cbc-03b5-4d39-9c62-4361e3a7b9b4-300x200.jpg&quot;,&quot;1024&quot;:&quot;https:\\\/\\\/lastatic.ams3.cdn.digitaloceanspaces.com\\\/2025\\\/10\\\/64623cbc-03b5-4d39-9c62-4361e3a7b9b4-1024x683.jpg&quot;,&quot;1536&quot;:&quot;https:\\\/\\\/lastatic.ams3.cdn.digitaloceanspaces.com\\\/2025\\\/10\\\/64623cbc-03b5-4d39-9c62-4361e3a7b9b4-1536x1024.jpg&quot;,&quot;500&quot;:&quot;https:\\\/\\\/lastatic.ams3.cdn.digitaloceanspaces.com\\\/2025\\\/10\\\/64623cbc-03b5-4d39-9c62-4361e3a7b9b4-500x333.jpg&quot;,&quot;800&quot;:&quot;https:\\\/\\\/lastatic.ams3.cdn.digitaloceanspaces.com\\\/2025\\\/10\\\/64623cbc-03b5-4d39-9c62-4361e3a7b9b4-800x533.jpg&quot;,&quot;1800&quot;:&quot;https:\\\/\\\/lastatic.ams3.cdn.digitaloceanspaces.com\\\/2025\\\/10\\\/64623cbc-03b5-4d39-9c62-4361e3a7b9b4.jpg&quot;}\" data-focuspoint=\"&quot;&quot;\" data-p=\"2455783\" href=\"https:\/\/www.la.lv\/video-ar-lapstam-un-dzelziem-brunojies-migrantu-pulis-plosas-putina-galvaspilsetas-maskavas-ielas\" class=\"content-item lazy-load\" wp_automatic_readability=\"26.5\" rel=\"nofollow noopener\" target=\"_blank\"><\/p>\n<p>                                <img decoding=\"async\" src=\"\" alt=\"\" style=\"\" data-imageid=\"\"\/><\/p>\n<p>                                            VIDEO. Ar l\u0101pst\u0101m un dzel\u017eiem bru\u0146ojies \u201cmigrantu p\u016blis\u201d plos\u0101s Putina galvaspils\u0113tas Maskavas iel\u0101s\n                            <\/p>\n<p><\/a><br \/>\n        <a class=\"read-more\" href=\"https:\/\/www.la.lv\/top\" rel=\"nofollow noopener\" target=\"_blank\">Las\u012bt citas zi\u0146as<\/a><\/p>\n<blockquote><p> da\u017eas Eiropas valstis rind\u0101 uz \u201cPatriot\u201d sist\u0113mu sa\u0146em\u0161anu no ASV ir priek\u0161\u0101 Ukrainai, lai gan t\u0101m \u0161\u012bs sist\u0113mas nav j\u0101izmanto tik kritiski k\u0101 Ukrainai.<\/p><\/blockquote>\n<p> Vi\u0146\u0161 ierosin\u0101ja main\u012bt pieg\u0101\u017eu sec\u012bbu, pied\u0101v\u0101jot, ka Ukraina var\u0113tu atgriezt vai nomain\u012bt sist\u0113mas, kad pien\u0101ks t\u0101s k\u0101rta.<\/p>\n<p>    CITI \u0160OBR\u012aD LASA<\/p>\n<p>\u201cEsmu pateic\u012bgs visiem, kas m\u016bs jau atbalst\u012bju\u0161i. Ta\u010du \u0161aj\u0101 jaut\u0101jum\u0101 ir nianses. M\u0113s esam run\u0101ju\u0161i ar ASV vald\u012bbu un aizsardz\u012bbas uz\u0146\u0113mumiem par \u2018Patriot\u2019 sist\u0113m\u0101m. Pat ja m\u0113s maks\u0101jam par t\u0101m, pat ja Eiropa maks\u0101, joproj\u0101m past\u0101v gaid\u012b\u0161anas saraksts, kur\u0101 citas valstis ir priek\u0161\u0101. Da\u017e\u0101m valst\u012bm jau ir \u2018Patriot\u2019 sist\u0113mas, bet, par laimi, t\u0101m t\u0101s nav j\u0101izmanto t\u0101, k\u0101 mums. T\u0101p\u0113c <\/p>\n<blockquote><p>m\u0113s ierosin\u0101m main\u012bt sec\u012bbu: ja sa\u0146emsim sist\u0113mas tagad, esam gatavi t\u0101s atgriezt vai nomain\u012bt v\u0113l\u0101k,\u201d sac\u012bja Zelenskis.<\/p><\/blockquote>\n<p>Vi\u0146\u0161 aicin\u0101ja Eiropas kol\u0113\u0123us b\u016bt elast\u012bgiem, uzsverot, ka kara apst\u0101k\u013cos dz\u012bv\u012bbu gl\u0101b\u0161ana ir galven\u0101 priorit\u0101te. \u201cPretgaisa aizsardz\u012bbas atbalstam j\u0101b\u016bt kop\u012bgam Eiropas m\u0113r\u0137im \u2013 kad ikviens Eirop\u0101 pal\u012bdz vienam, uzvar visa Eiropa,\u201d piebilda prezidents.<\/p>\n<p>Ukraina gatavo ilgtermi\u0146a l\u012bgumu par 25 \u201cPatriot\u201d pretgaisa ra\u0137e\u0161u sist\u0113mu ieg\u0101di. Tom\u0113r avi\u0101cijas eksperts Val\u0113rijs Roma\u0146enko nor\u0101da, ka pieg\u0101des var\u0113tu aizkav\u0113ties vismaz l\u012bdz 2030. gadam, raksta <a href=\"https:\/\/www.unian.ua\/world\/zelenskiy-poprosiv-yevropu-posunutisya-u-chergi-na-otrimannya-patriot-13172751.html\" rel=\"nofollow noopener\" target=\"_blank\">Unian<\/a>.<\/p>\n<p>T\u0113mas<\/p>\n<p>    SAIST\u012aTIE RAKSTI<\/p>\n","protected":false},"excerpt":{"rendered":"Foto: zumapress\/scanpix\/leta Ukrainas prezidents Volodimirs Zelenskis aicin\u0101jis Eiropas valstis akt\u012bv\u0101k iesaist\u012bties pretgaisa aizsardz\u012bbas atbalsta nodro\u0161in\u0101\u0161an\u0101, pied\u0101v\u0101jot t\u0101m nodot&hellip;\n","protected":false},"author":2,"featured_media":31244,"comment_status":"","ping_status":"","sticky":false,"template":"","format":"standard","meta":{"footnotes":""},"categories":[5],"tags":[23,28,29,32,33,22,30,31,35,39,38,36,37,34,40,20,26,27,24,25,21],"class_list":{"0":"post-31243","1":"post","2":"type-post","3":"status-publish","4":"format-standard","5":"has-post-thumbnail","7":"category-aktualitates","8":"tag-aktualitates","9":"tag-breaking-news","10":"tag-breakingnews","11":"tag-featured-news","12":"tag-featurednews","13":"tag-headlines","14":"tag-latest-news","15":"tag-latestnews","16":"tag-latvia","17":"tag-latvian","18":"tag-latviesu","19":"tag-latviesu-valoda","20":"tag-latviesuvaloda","21":"tag-latvija","22":"tag-lv","23":"tag-news","24":"tag-popularakas-zinas","25":"tag-popularakaszinas","26":"tag-top-stories","27":"tag-topstories","28":"tag-zinas"},"share_on_mastodon":{"url":"https:\/\/pubeurope.com\/@lv\/115439079716786261","error":""},"_links":{"self":[{"href":"https:\/\/www.europesays.com\/lv\/wp-json\/wp\/v2\/posts\/31243","targetHints":{"allow":["GET"]}}],"collection":[{"href":"https:\/\/www.europesays.com\/lv\/wp-json\/wp\/v2\/posts"}],"about":[{"href":"https:\/\/www.europesays.com\/lv\/wp-json\/wp\/v2\/types\/post"}],"author":[{"embeddable":true,"href":"https:\/\/www.europesays.com\/lv\/wp-json\/wp\/v2\/users\/2"}],"replies":[{"embeddable":true,"href":"https:\/\/www.europesays.com\/lv\/wp-json\/wp\/v2\/comments?post=31243"}],"version-history":[{"count":0,"href":"https:\/\/www.europesays.com\/lv\/wp-json\/wp\/v2\/posts\/31243\/revisions"}],"wp:featuredmedia":[{"embeddable":true,"href":"https:\/\/www.europesays.com\/lv\/wp-json\/wp\/v2\/media\/31244"}],"wp:attachment":[{"href":"https:\/\/www.europesays.com\/lv\/wp-json\/wp\/v2\/media?parent=31243"}],"wp:term":[{"taxonomy":"category","embeddable":true,"href":"https:\/\/www.europesays.com\/lv\/wp-json\/wp\/v2\/categories?post=31243"},{"taxonomy":"post_tag","embeddable":true,"href":"https:\/\/www.europesays.com\/lv\/wp-json\/wp\/v2\/tags?post=31243"}],"curies":[{"name":"wp","href":"https:\/\/api.w.org\/{rel}","templated":true}]}}