{"id":31247,"date":"2025-10-26T06:38:10","date_gmt":"2025-10-26T06:38:10","guid":{"rendered":"https:\/\/www.europesays.com\/lv\/31247\/"},"modified":"2025-10-26T06:38:10","modified_gmt":"2025-10-26T06:38:10","slug":"nakamgad-latvija-izvietos-pretgaisa-aizsardzibas-kaujas-masinas-raksts","status":"publish","type":"post","link":"https:\/\/www.europesays.com\/lv\/31247\/","title":{"rendered":"N\u0101kamgad Latvij\u0101 izvietos pretgaisa aizsardz\u012bbas kaujas ma\u0161\u012bnas \/ Raksts"},"content":{"rendered":"<p>Zviedrijas Bru\u0146otie sp\u0113ki turpina akt\u012bvi gatavoties n\u0101kamajam Latvijas izvietojumam, kura karav\u012bri pa\u0161laik tiek apm\u0101c\u012bti un kop\u012bgi vingrin\u0101s &#8220;Revingehed&#8221; poligon\u0101. \u0160\u012b vien\u012bba, kas joproj\u0101m saglab\u0101 samazin\u0101ta manevru bataljona strukt\u016bru, b\u016bs pastiprin\u0101ta ar jaunu sp\u0113ju \u2013 pretgaisa aizsardz\u012bbas vien\u012bb\u0101m, kas apr\u012bkotas ar pretgaisa aizsardz\u012bbas lielgabalu kaujas ma\u0161\u012bn\u0101m, inform\u0113 Aizsardz\u012bbas ministrija (AM).\u00a0<\/p>\n<p style=\"margin-left:0cm; margin-right:0cm\">Saska\u0146\u0101 ar Zviedrijas Bru\u0146oto sp\u0113ku pl\u0101niem n\u0101kamgad Latvij\u0101 ierad\u012bsies Zviedrijas armijas bataljons, kas b\u016bs pastiprin\u0101ts ar vair\u0101k\u0101m pretgaisa aizsardz\u012bbas lielgabala kaujas ma\u0161\u012bnu vien\u012bb\u0101m. K\u0101 nor\u0101da AM, \u0161is solis stiprin\u0101s NATO kolekt\u012bvo dro\u0161\u012bbu un nodro\u0161in\u0101s papildu aizsardz\u012bbas sp\u0113jas aliansei strat\u0113\u0123iski noz\u012bm\u012bgaj\u0101 austrumu flang\u0101.<\/p>\n<blockquote>\n<p style=\"margin-left:0cm; margin-right:0cm\">M\u0113r\u0137is ir uzlabot bataljona sp\u0113ju savlaic\u012bgi atkl\u0101t un neitraliz\u0113t gaisa m\u0113r\u0137us, tostarp dronus un helikopterus \u2013\u00a0taktisk\u0101 l\u012bmen\u012b. Tas\u00a0ir b\u016btisks solis Zviedrijas un NATO kolekt\u012bv\u0101s aizsardz\u012bbas sp\u0113ju stiprin\u0101\u0161an\u0101 Baltijas re\u0123ion\u0101.<\/p>\n<\/blockquote>\n<p style=\"margin-left:0cm; margin-right:0cm\">Oktobr\u012b pretgaisa lielgabalu kaujas ma\u0161\u012bnu apkalpes &#8220;Revingehed&#8221; poligon\u0101 veica intens\u012bvas kaujas apm\u0101c\u012bbas, sadarbojoties ar &#8220;Helikopter 15&#8221;\u00a0vien\u012bb\u0101m no Zviedrijas Helikopteru flotiles. M\u0101c\u012bb\u0101s tika iesaist\u012bts ar\u012b civilais helikopters, nodro\u0161inot re\u0101listisku un daudzveid\u012bgu treni\u0146u vidi.<\/p>\n<p style=\"margin-left:0cm; margin-right:0cm\">Pretgaisa aizsardz\u012bbas lielgabalu kaujas ma\u0161\u012bna daudz\u0113j\u0101d\u0101 zi\u0146\u0101 l\u012bdzin\u0101s k\u0101jnieku kaujas ma\u0161\u012bnai &#8220;Stridsfordon 90&#8221;, ta\u010du ir apr\u012bkota ar uzraudz\u012bbas un izl\u016bko\u0161anas radaru un augst\u0101ku lielgabala pac\u0113luma le\u0146\u0137i, kas \u013cauj efekt\u012bvi c\u012bn\u012bties ar zema augstuma gaisa m\u0113r\u0137iem.<\/p>\n<p>                    Valodas k\u013c\u016bda rakst\u0101?<\/p>\n<p class=\"d-none d-md-block\">Iez\u012bm\u0113jiet tekstu un spiediet Ctrl+Enter, lai nos\u016bt\u012btu labojamo teksta fragmentu redaktoram! Par faktu k\u013c\u016bd\u0101m l\u016bdzam zi\u0146ot e-past\u0101 <a href=\"https:\/\/www.lsm.lv\/cdn-cgi\/l\/email-protection\" class=\"__cf_email__\" data-cfemail=\"9eecfbfafff5fdf7f4ffdef2edf3b0f2e8\" rel=\"nofollow noopener\" target=\"_blank\">[email\u00a0protected]<\/a>.<\/p>\n<p class=\"d-md-none\">Iez\u012bm\u0113jiet tekstu un spiediet uz Zi\u0146ot par k\u013c\u016bdu pogas, lai nos\u016bt\u012btu labojamo teksta fragmentu redaktoram!<\/p>\n<p>\n                    Zi\u0146ot par k\u013c\u016bdu\n                <\/p>\n","protected":false},"excerpt":{"rendered":"Zviedrijas Bru\u0146otie sp\u0113ki turpina akt\u012bvi gatavoties n\u0101kamajam Latvijas izvietojumam, kura karav\u012bri pa\u0161laik tiek apm\u0101c\u012bti un kop\u012bgi vingrin\u0101s &#8220;Revingehed&#8221;&hellip;\n","protected":false},"author":2,"featured_media":31248,"comment_status":"","ping_status":"","sticky":false,"template":"","format":"standard","meta":{"footnotes":""},"categories":[14],"tags":[23,57,28,29,32,33,22,30,31,35,39,38,36,37,34,40,20,26,27,24,25,54,55,56,21,58],"class_list":{"0":"post-31247","1":"post","2":"type-post","3":"status-publish","4":"format-standard","5":"has-post-thumbnail","7":"category-zinas-no-arvalstim","8":"tag-aktualitates","9":"tag-arvalstim","10":"tag-breaking-news","11":"tag-breakingnews","12":"tag-featured-news","13":"tag-featurednews","14":"tag-headlines","15":"tag-latest-news","16":"tag-latestnews","17":"tag-latvia","18":"tag-latvian","19":"tag-latviesu","20":"tag-latviesu-valoda","21":"tag-latviesuvaloda","22":"tag-latvija","23":"tag-lv","24":"tag-news","25":"tag-popularakas-zinas","26":"tag-popularakaszinas","27":"tag-top-stories","28":"tag-topstories","29":"tag-world","30":"tag-world-news","31":"tag-worldnews","32":"tag-zinas","33":"tag-zinas-no-arvalstim"},"share_on_mastodon":{"url":"https:\/\/pubeurope.com\/@lv\/115439095247585723","error":""},"_links":{"self":[{"href":"https:\/\/www.europesays.com\/lv\/wp-json\/wp\/v2\/posts\/31247","targetHints":{"allow":["GET"]}}],"collection":[{"href":"https:\/\/www.europesays.com\/lv\/wp-json\/wp\/v2\/posts"}],"about":[{"href":"https:\/\/www.europesays.com\/lv\/wp-json\/wp\/v2\/types\/post"}],"author":[{"embeddable":true,"href":"https:\/\/www.europesays.com\/lv\/wp-json\/wp\/v2\/users\/2"}],"replies":[{"embeddable":true,"href":"https:\/\/www.europesays.com\/lv\/wp-json\/wp\/v2\/comments?post=31247"}],"version-history":[{"count":0,"href":"https:\/\/www.europesays.com\/lv\/wp-json\/wp\/v2\/posts\/31247\/revisions"}],"wp:featuredmedia":[{"embeddable":true,"href":"https:\/\/www.europesays.com\/lv\/wp-json\/wp\/v2\/media\/31248"}],"wp:attachment":[{"href":"https:\/\/www.europesays.com\/lv\/wp-json\/wp\/v2\/media?parent=31247"}],"wp:term":[{"taxonomy":"category","embeddable":true,"href":"https:\/\/www.europesays.com\/lv\/wp-json\/wp\/v2\/categories?post=31247"},{"taxonomy":"post_tag","embeddable":true,"href":"https:\/\/www.europesays.com\/lv\/wp-json\/wp\/v2\/tags?post=31247"}],"curies":[{"name":"wp","href":"https:\/\/api.w.org\/{rel}","templated":true}]}}