{"id":31249,"date":"2025-10-26T06:39:07","date_gmt":"2025-10-26T06:39:07","guid":{"rendered":"https:\/\/www.europesays.com\/lv\/31249\/"},"modified":"2025-10-26T06:39:07","modified_gmt":"2025-10-26T06:39:07","slug":"nakamgad-ledus-maksla-atklas-iluzijas-speku","status":"publish","type":"post","link":"https:\/\/www.europesays.com\/lv\/31249\/","title":{"rendered":"N\u0101kamgad ledus m\u0101ksl\u0101 atkl\u0101s il\u016bzijas sp\u0113ku"},"content":{"rendered":"<p>N\u0101kamgad ledus m\u0101ksl\u0101 atkl\u0101s il\u016bzijas sp\u0113ku<\/p>\n<p>2026. gada 7. un 8.\u00a0febru\u0101r\u012b Jelgava tradicion\u0101li k\u013c\u016bs par ledus skulpt\u016bru valst\u012bbu\u00a0\u2013 pils\u0113t\u0101 norisin\u0101sies 27.\u00a0Starptautiskais ledus skulpt\u016bru festiv\u0101ls. Gatavo\u0161an\u0101s pas\u0101kumam jau s\u0101kusies, un l\u012bdz 20.\u00a0novembrim izsludin\u0101ta t\u0113lnieku pieteik\u0161an\u0101s.<\/p>\n<p>Pas\u0101kuma organizatori pa\u0161vald\u012bbas iest\u0101de \u201cKult\u016bra\u201d nor\u0101da, ka \u0161oreiz Ledus skulpt\u016bru festiv\u0101la dal\u012bbnieki un ikviens apmekl\u0113t\u0101js k\u013c\u016bs par da\u013cu no vietas, kur realita\u0304te satiekas ar nezina\u0304mo, kur pra\u0304ta spe\u0304les pa\u0304rtop redzama\u0304s forma\u0304s un mirklis kl\u0327u\u0304st par mu\u0304z\u030ci\u0304bu. Ar vienojo\u0161o t\u0113mu \u201cIl\u016bzijas sp\u0113ks\u201d ledus skulpt\u016bru konkurss rosina t\u0113lniekus izzin\u0101t ilu\u0304zijas mag\u0327iju\u00a0\u2013 rad\u012bt darbus, kuros saplu\u0304st patiesi\u0304ba un maldi, kur skulptu\u0304ras kl\u0327u\u0304st par tiltu starp redzamo un iedoma\u0304to. Ka\u0304da ir patiesi\u0304bas un ilu\u0304zijas robe\u017ea? Vai ma\u0304ksla spe\u0304j apma\u0304ni\u0304t acis un reize\u0304 atkla\u0304t dve\u0304seles dzil\u0327umus? Kad ledus staro gaisma\u0304s, katra skulptu\u0304ra bu\u0304s ka\u0304 nosle\u0304pumaina atbilde, kas aicin\u0101s skati\u0304ta\u0304jus aps\u030caubi\u0304t redze\u0304to un l\u0327auties saju\u0304ta\u0304m.<\/p>\n<p>Dal\u012bbai festiv\u0101l\u0101 \u017e\u016brijas komisija izv\u0113l\u0113sies t\u0113lniekus, kuriem b\u016bs iesp\u0113ja savas skices realiz\u0113t led\u016b. Izv\u0113l\u0113tie m\u0101kslinieki darbus Jelgavas pils\u0113tvid\u0113 s\u0101ks veidot 2026.\u00a0gada 2.\u00a0febru\u0101r\u012b, bet festiv\u0101la apmekl\u0113t\u0101ji t\u0113lnieku veikumu var\u0113s nov\u0113rt\u0113t 7. un 8.\u00a0febru\u0101r\u012b.<\/p>\n<p>Iesniegt savus ski\u010du projektus vietn\u0113 kultura.jelgava.lv t\u0113lnieki var l\u012bdz 20.\u00a0novembrim. Turpat pieejams ar\u012b festiv\u0101la nolikums.<\/p>\n","protected":false},"excerpt":{"rendered":"N\u0101kamgad ledus m\u0101ksl\u0101 atkl\u0101s il\u016bzijas sp\u0113ku 2026. gada 7. un 8.\u00a0febru\u0101r\u012b Jelgava tradicion\u0101li k\u013c\u016bs par ledus skulpt\u016bru valst\u012bbu\u00a0\u2013&hellip;\n","protected":false},"author":2,"featured_media":31250,"comment_status":"","ping_status":"","sticky":false,"template":"","format":"standard","meta":{"footnotes":""},"categories":[12],"tags":[23,28,29,32,33,22,30,31,35,39,38,36,37,34,40,20,26,27,24,25,21],"class_list":{"0":"post-31249","1":"post","2":"type-post","3":"status-publish","4":"format-standard","5":"has-post-thumbnail","7":"category-latvija","8":"tag-aktualitates","9":"tag-breaking-news","10":"tag-breakingnews","11":"tag-featured-news","12":"tag-featurednews","13":"tag-headlines","14":"tag-latest-news","15":"tag-latestnews","16":"tag-latvia","17":"tag-latvian","18":"tag-latviesu","19":"tag-latviesu-valoda","20":"tag-latviesuvaloda","21":"tag-latvija","22":"tag-lv","23":"tag-news","24":"tag-popularakas-zinas","25":"tag-popularakaszinas","26":"tag-top-stories","27":"tag-topstories","28":"tag-zinas"},"share_on_mastodon":{"url":"https:\/\/pubeurope.com\/@lv\/115439099184980031","error":""},"_links":{"self":[{"href":"https:\/\/www.europesays.com\/lv\/wp-json\/wp\/v2\/posts\/31249","targetHints":{"allow":["GET"]}}],"collection":[{"href":"https:\/\/www.europesays.com\/lv\/wp-json\/wp\/v2\/posts"}],"about":[{"href":"https:\/\/www.europesays.com\/lv\/wp-json\/wp\/v2\/types\/post"}],"author":[{"embeddable":true,"href":"https:\/\/www.europesays.com\/lv\/wp-json\/wp\/v2\/users\/2"}],"replies":[{"embeddable":true,"href":"https:\/\/www.europesays.com\/lv\/wp-json\/wp\/v2\/comments?post=31249"}],"version-history":[{"count":0,"href":"https:\/\/www.europesays.com\/lv\/wp-json\/wp\/v2\/posts\/31249\/revisions"}],"wp:featuredmedia":[{"embeddable":true,"href":"https:\/\/www.europesays.com\/lv\/wp-json\/wp\/v2\/media\/31250"}],"wp:attachment":[{"href":"https:\/\/www.europesays.com\/lv\/wp-json\/wp\/v2\/media?parent=31249"}],"wp:term":[{"taxonomy":"category","embeddable":true,"href":"https:\/\/www.europesays.com\/lv\/wp-json\/wp\/v2\/categories?post=31249"},{"taxonomy":"post_tag","embeddable":true,"href":"https:\/\/www.europesays.com\/lv\/wp-json\/wp\/v2\/tags?post=31249"}],"curies":[{"name":"wp","href":"https:\/\/api.w.org\/{rel}","templated":true}]}}