{"id":31253,"date":"2025-10-26T06:44:17","date_gmt":"2025-10-26T06:44:17","guid":{"rendered":"https:\/\/www.europesays.com\/lv\/31253\/"},"modified":"2025-10-26T06:44:17","modified_gmt":"2025-10-26T06:44:17","slug":"zviedrija-aizturejusi-liberija-registretu-kugi-no-kura-baltijas-jura-izgazti-atkritumi-raksts","status":"publish","type":"post","link":"https:\/\/www.europesays.com\/lv\/31253\/","title":{"rendered":"Zviedrija aiztur\u0113jusi Lib\u0113rij\u0101 re\u0123istr\u0113tu ku\u0123i, no kura Baltijas j\u016br\u0101 izg\u0101zti atkritumi \/ Raksts"},"content":{"rendered":"<p>Zviedrijas krasta apsardze \u0161oned\u0113\u013c aiztur\u0113jusi Lib\u0113rij\u0101 re\u0123istr\u0113tu kravas ku\u0123i, kura apkalpi tur aizdom\u0101s par atkritumu izg\u0101\u0161anu Baltijas j\u016br\u0101.<\/p>\n<p>Ku\u0123i ned\u0113\u013cas s\u0101kum\u0101 paman\u012bja pie Fores salas. Krasta apsardzes patru\u013ca sasniedza ku\u0123i br\u012bd\u012b, kad viens no t\u0101 apkalpes locek\u013ciem izg\u0101za atkritumus j\u016br\u0101. Ku\u0123im tika at\u013cauts turpin\u0101t ce\u013cu uz G\u0113teborgas ostu, kur to ceturtdienas r\u012bt\u0101 p\u0101rbaud\u012bja Zviedrijas krasta apsardze.\u00a0<\/p>\n<blockquote>\n<p>Ku\u0123a apkalpes loceklis atzin\u0101s nelikum\u012bg\u0101 atkritumu izme\u0161an\u0101 un vi\u0146am ir piespriests naudas sods, kas 50 reizes p\u0101rsniedz j\u016brnieka dienasnaudas apm\u0113ru.\u00a0<\/p>\n<\/blockquote>\n<p>Zviedrij\u0101 naudas sodi ir proporcion\u0101li p\u0101rk\u0101p\u0113ja ien\u0101kumiem.\u00a0<\/p>\n<p>Krasta apsardzes p\u0101rst\u0101vis Mat\u012bass Lindholms izdevumam &#8220;G\u00f6teborg Posten&#8221; sac\u012bja, ka vi\u0146am nav prec\u012bzas inform\u0101cijas par to, ko j\u016brnieks izmeta Baltijas j\u016br\u0101, ta\u010du tiek uzskat\u012bts, ka tie biju\u0161i &#8220;sadz\u012bves atkritumi&#8221;.\u00a0<\/p>\n<p>Zviedrijas vides ministrs Karls Oskars Bol\u012bns, koment\u0113jot incidentu, soci\u0101laj\u0101 medij\u0101 &#8220;X&#8221; rakst\u012bja, ka &#8220;tas ir skaidrs piem\u0113rs tam, ka krasta apsardze akt\u012bvi veic j\u016bras nov\u0113ro\u0161anu, lai apkarotu vides noziegumus&#8221;.<\/p>\n<p>                    Valodas k\u013c\u016bda rakst\u0101?<\/p>\n<p class=\"d-none d-md-block\">Iez\u012bm\u0113jiet tekstu un spiediet Ctrl+Enter, lai nos\u016bt\u012btu labojamo teksta fragmentu redaktoram! Par faktu k\u013c\u016bd\u0101m l\u016bdzam zi\u0146ot e-past\u0101 <a href=\"https:\/\/www.lsm.lv\/cdn-cgi\/l\/email-protection\" class=\"__cf_email__\" data-cfemail=\"1b697e7f7a707872717a5b77687635776d\" rel=\"nofollow noopener\" target=\"_blank\">[email\u00a0protected]<\/a>.<\/p>\n<p class=\"d-md-none\">Iez\u012bm\u0113jiet tekstu un spiediet uz Zi\u0146ot par k\u013c\u016bdu pogas, lai nos\u016bt\u012btu labojamo teksta fragmentu redaktoram!<\/p>\n<p>\n                    Zi\u0146ot par k\u013c\u016bdu\n                <\/p>\n","protected":false},"excerpt":{"rendered":"Zviedrijas krasta apsardze \u0161oned\u0113\u013c aiztur\u0113jusi Lib\u0113rij\u0101 re\u0123istr\u0113tu kravas ku\u0123i, kura apkalpi tur aizdom\u0101s par atkritumu izg\u0101\u0161anu Baltijas j\u016br\u0101.&hellip;\n","protected":false},"author":2,"featured_media":31254,"comment_status":"","ping_status":"","sticky":false,"template":"","format":"standard","meta":{"footnotes":""},"categories":[14],"tags":[23,57,28,29,32,33,22,30,31,35,39,38,36,37,34,40,20,26,27,24,25,54,55,56,21,58],"class_list":{"0":"post-31253","1":"post","2":"type-post","3":"status-publish","4":"format-standard","5":"has-post-thumbnail","7":"category-zinas-no-arvalstim","8":"tag-aktualitates","9":"tag-arvalstim","10":"tag-breaking-news","11":"tag-breakingnews","12":"tag-featured-news","13":"tag-featurednews","14":"tag-headlines","15":"tag-latest-news","16":"tag-latestnews","17":"tag-latvia","18":"tag-latvian","19":"tag-latviesu","20":"tag-latviesu-valoda","21":"tag-latviesuvaloda","22":"tag-latvija","23":"tag-lv","24":"tag-news","25":"tag-popularakas-zinas","26":"tag-popularakaszinas","27":"tag-top-stories","28":"tag-topstories","29":"tag-world","30":"tag-world-news","31":"tag-worldnews","32":"tag-zinas","33":"tag-zinas-no-arvalstim"},"share_on_mastodon":{"url":"https:\/\/pubeurope.com\/@lv\/115439118809259667","error":""},"_links":{"self":[{"href":"https:\/\/www.europesays.com\/lv\/wp-json\/wp\/v2\/posts\/31253","targetHints":{"allow":["GET"]}}],"collection":[{"href":"https:\/\/www.europesays.com\/lv\/wp-json\/wp\/v2\/posts"}],"about":[{"href":"https:\/\/www.europesays.com\/lv\/wp-json\/wp\/v2\/types\/post"}],"author":[{"embeddable":true,"href":"https:\/\/www.europesays.com\/lv\/wp-json\/wp\/v2\/users\/2"}],"replies":[{"embeddable":true,"href":"https:\/\/www.europesays.com\/lv\/wp-json\/wp\/v2\/comments?post=31253"}],"version-history":[{"count":0,"href":"https:\/\/www.europesays.com\/lv\/wp-json\/wp\/v2\/posts\/31253\/revisions"}],"wp:featuredmedia":[{"embeddable":true,"href":"https:\/\/www.europesays.com\/lv\/wp-json\/wp\/v2\/media\/31254"}],"wp:attachment":[{"href":"https:\/\/www.europesays.com\/lv\/wp-json\/wp\/v2\/media?parent=31253"}],"wp:term":[{"taxonomy":"category","embeddable":true,"href":"https:\/\/www.europesays.com\/lv\/wp-json\/wp\/v2\/categories?post=31253"},{"taxonomy":"post_tag","embeddable":true,"href":"https:\/\/www.europesays.com\/lv\/wp-json\/wp\/v2\/tags?post=31253"}],"curies":[{"name":"wp","href":"https:\/\/api.w.org\/{rel}","templated":true}]}}