{"id":31279,"date":"2025-10-26T07:22:12","date_gmt":"2025-10-26T07:22:12","guid":{"rendered":"https:\/\/www.europesays.com\/lv\/31279\/"},"modified":"2025-10-26T07:22:12","modified_gmt":"2025-10-26T07:22:12","slug":"latviju-vizite-apmekles-lietuvas-premjerministre","status":"publish","type":"post","link":"https:\/\/www.europesays.com\/lv\/31279\/","title":{"rendered":"Latviju viz\u012bt\u0113 apmekl\u0113s Lietuvas premjerministre"},"content":{"rendered":"<p>Ceturtdien, 30. oktobr\u012b, Ministru prezidente Evika Sili\u0146a iepaz\u012b\u0161an\u0101s viz\u012bt\u0113 Latvij\u0101 uz\u0146ems Lietuvas premjerministri Ingu Ru\u0123inieni (Inga Ruginien\u0117). I. Ru\u0123iniene Lietuvas premjerministres amat\u0101 st\u0101j\u0101s \u0161\u012b gada august\u0101, un \u0161\u012b b\u016bs vi\u0146as pirm\u0101 darba viz\u012bte Latvij\u0101.<\/p>\n<p>Viz\u012btes laik\u0101 E. Sili\u0146a Ministru kabinet\u0101 tiksies ar I. Ru\u0123inieni, un tik\u0161an\u0101s ietvaros paredz\u0113ta ar\u012b abu amatpersonu preses konference.<\/p>\n<p>T\u0101pat Lietuvas premjerministrei pl\u0101notas tik\u0161an\u0101s ar Valsts prezidentu Edgaru Rink\u0113vi\u010du un Saeimas priek\u0161s\u0113d\u0113t\u0101ju Daigu Mieri\u0146u.<\/p>\n<p>Viz\u012btes ietvaros I. Ru\u0123iniene un E. Sili\u0146a tiksies ar Latvijas Tirdzniec\u012bbas un r\u016bpniec\u012bbas kameras prezidentu Aigaru Rostovski un Lietuvas Tirdzniec\u012bbas, r\u016bpniec\u012bbas un amatniec\u012bbas kameru asoci\u0101cijas prezidentu Si\u0123itu Gai\u013c\u016bnu (Sigitas Gaili\u016bnas). Sarun\u0101 piedal\u012bsies ar\u012b citi abu valstu uz\u0146\u0113m\u0113ju biedr\u012bbu p\u0101rst\u0101vji, k\u0101 ar\u012b Latvijas un Lietuvas uz\u0146\u0113m\u0113ji.<\/p>\n<p>Mediju p\u0101rst\u0101vji aicin\u0101ti akredit\u0113ties darba viz\u012btes atspogu\u013co\u0161anai l\u012bdz 2025. gada 29. oktobra plkst. 14.00, aizpildot Valsts kancelejas sagatavoto <a href=\"https:\/\/www.mk.gov.lv\/lv\/form\/mediju-akreditacija-i-ruginiene\" rel=\"nofollow noopener\" target=\"_blank\">akredit\u0101cijas anketu<\/a> par katru akredit\u0113jamo personu. Apmekl\u0113jot mediju programm\u0101 nor\u0101d\u012btos pas\u0101kumus, mediju p\u0101rst\u0101vjiem j\u0101iev\u0113ro lieti\u0161\u0137a ap\u0123\u0113rba eti\u0137ete un l\u012bdzi j\u0101\u0146em personu apliecino\u0161s dokuments \u2013 pase vai ID karte.<\/p>\n<p>Mediju programma<\/p>\n<ul>\n<li>Plkst. 10.00 Latvijas Ministru prezidentes Evikas Sili\u0146as un Lietuvas premjerministres Ingas Ru\u0123inienes kop\u012bgs foto\u00a0\n<ul>\n<li>Ministru kabinets,\u00a01. st\u0101va vestibils, Br\u012bv\u012bbas bulv\u0101ris 36\u00a0<\/li>\n<li>Foto un video iesp\u0113ja.<\/li>\n<li>Mediju iera\u0161an\u0101s l\u012bdz plkst. 9.30.<br \/>\u00a0<\/li>\n<\/ul>\n<\/li>\n<li>Plkst. 10.20 Ministru prezidentes Evikas Sili\u0146as un Lietuvas premjerministres Ingas Ru\u0123inienes tik\u0161an\u0101s, piedaloties pavado\u0161aj\u0101m deleg\u0101cij\u0101m\u00a0\n<ul>\n<li>Ministru kabinets, Za\u013c\u0101 z\u0101le, 2. st\u0101vs, Br\u012bv\u012bbas bulv\u0101ris 36\u00a0<\/li>\n<li>Foto un video tik\u0161an\u0101s s\u0101kum\u0101.<\/li>\n<li>Mediju iera\u0161an\u0101s l\u012bdz plkst. 9.30.<\/li>\n<\/ul>\n<\/li>\n<\/ul>\n<ul>\n<li>Plkst. 10.55 Ministru prezidentes Evikas Sili\u0146as un Lietuvas premjerministres Ingas Ru\u0123inienes preses konference\u00a0\n<ul>\n<li>Ministru kabineta Preses konferen\u010du telpa, 319. telpa, 3. st\u0101vs, Br\u012bv\u012bbas bulv\u0101ris 36\u00a0<\/li>\n<li>Foto un video iesp\u0113ja.<\/li>\n<li>Preses konference notiks latvie\u0161u un lietuvie\u0161u valod\u0101s, tiks nodro\u0161in\u0101ts sinhronais tulkojums latvie\u0161u valod\u0101.<\/li>\n<li>Paredz\u0113ta iesp\u0113ja mediju p\u0101rst\u0101vjiem uzdot jaut\u0101jumus amatperson\u0101m.<\/li>\n<li>Tiks nodro\u0161in\u0101ta tie\u0161raide latvie\u0161u valod\u0101 Ministru kabineta t\u012bmek\u013cvietn\u0113 <a href=\"http:\/\/www.mk.gov.lv\/\" target=\"_blank\" rel=\"nofollow noopener\">www.mk.gov.lv<\/a> un Ministru kabineta Facebook lap\u0101.<\/li>\n<li>Mediju iera\u0161an\u0101s l\u012bdz plkst. 10.25.<\/li>\n<\/ul>\n<\/li>\n<li>Plkst. 12.50 Lietuvas premjerministres Ingas Ru\u0123inienes un Saeimas priek\u0161s\u0113d\u0113t\u0101jas Daigas Mieri\u0146as tik\u0161an\u0101s\u00a0\n<ul>\n<li>Saeima, Balt\u0101 z\u0101le un Viesu z\u0101le, J\u0113kaba iela 11<\/li>\n<li>Foto un video iesp\u0113ja.<\/li>\n<li>Mediju iera\u0161an\u0101s l\u012bdz plkst. 12.30.<\/li>\n<\/ul>\n<\/li>\n<\/ul>\n<ul>\n<li>Plkst. 14.00 Lietuvas premjerministres Ingas Ru\u0123inienes un Valsts prezidenta Edgara Rink\u0113vi\u010da tik\u0161an\u0101s\u00a0\n<ul>\n<li>R\u012bgas pils, R\u012bgas istaba, \u0122erbo\u0146u z\u0101le, 2. st\u0101vs, Pils laukums 3<\/li>\n<li>Foto un video iesp\u0113ja.<\/li>\n<li>Mediju iera\u0161an\u0101s l\u012bdz plkst. 13.40.<\/li>\n<\/ul>\n<\/li>\n<li>Plkst. 14.35 Lietuvas premjerministre un Latvijas Ministru prezidente tiekas ar Latvijas Tirdzniec\u012bbas un r\u016bpniec\u012bbas kameras un Lietuvas Tirdzniec\u012bbas, r\u016bpniec\u012bbas un amatniec\u012bbas kameru asoci\u0101cijas, k\u0101 ar\u012b abu valstu uz\u0146\u0113m\u0113ju p\u0101rst\u0101vjiem\n<ul>\n<li>Kri\u0161j\u0101\u0146a Valdem\u0101ra iela 35<\/li>\n<li>Foto un video iesp\u0113ja.<\/li>\n<li>Mediju iera\u0161an\u0101s l\u012bdz plkst. 14.15.<\/li>\n<\/ul>\n<\/li>\n<\/ul>\n","protected":false},"excerpt":{"rendered":"Ceturtdien, 30. oktobr\u012b, Ministru prezidente Evika Sili\u0146a iepaz\u012b\u0161an\u0101s viz\u012bt\u0113 Latvij\u0101 uz\u0146ems Lietuvas premjerministri Ingu Ru\u0123inieni (Inga Ruginien\u0117). I.&hellip;\n","protected":false},"author":2,"featured_media":31280,"comment_status":"","ping_status":"","sticky":false,"template":"","format":"standard","meta":{"footnotes":""},"categories":[12],"tags":[23,28,29,32,33,22,30,31,35,39,38,36,37,34,40,20,26,27,24,25,21],"class_list":{"0":"post-31279","1":"post","2":"type-post","3":"status-publish","4":"format-standard","5":"has-post-thumbnail","7":"category-latvija","8":"tag-aktualitates","9":"tag-breaking-news","10":"tag-breakingnews","11":"tag-featured-news","12":"tag-featurednews","13":"tag-headlines","14":"tag-latest-news","15":"tag-latestnews","16":"tag-latvia","17":"tag-latvian","18":"tag-latviesu","19":"tag-latviesu-valoda","20":"tag-latviesuvaloda","21":"tag-latvija","22":"tag-lv","23":"tag-news","24":"tag-popularakas-zinas","25":"tag-popularakaszinas","26":"tag-top-stories","27":"tag-topstories","28":"tag-zinas"},"share_on_mastodon":{"url":"https:\/\/pubeurope.com\/@lv\/115439268215684558","error":""},"_links":{"self":[{"href":"https:\/\/www.europesays.com\/lv\/wp-json\/wp\/v2\/posts\/31279","targetHints":{"allow":["GET"]}}],"collection":[{"href":"https:\/\/www.europesays.com\/lv\/wp-json\/wp\/v2\/posts"}],"about":[{"href":"https:\/\/www.europesays.com\/lv\/wp-json\/wp\/v2\/types\/post"}],"author":[{"embeddable":true,"href":"https:\/\/www.europesays.com\/lv\/wp-json\/wp\/v2\/users\/2"}],"replies":[{"embeddable":true,"href":"https:\/\/www.europesays.com\/lv\/wp-json\/wp\/v2\/comments?post=31279"}],"version-history":[{"count":0,"href":"https:\/\/www.europesays.com\/lv\/wp-json\/wp\/v2\/posts\/31279\/revisions"}],"wp:featuredmedia":[{"embeddable":true,"href":"https:\/\/www.europesays.com\/lv\/wp-json\/wp\/v2\/media\/31280"}],"wp:attachment":[{"href":"https:\/\/www.europesays.com\/lv\/wp-json\/wp\/v2\/media?parent=31279"}],"wp:term":[{"taxonomy":"category","embeddable":true,"href":"https:\/\/www.europesays.com\/lv\/wp-json\/wp\/v2\/categories?post=31279"},{"taxonomy":"post_tag","embeddable":true,"href":"https:\/\/www.europesays.com\/lv\/wp-json\/wp\/v2\/tags?post=31279"}],"curies":[{"name":"wp","href":"https:\/\/api.w.org\/{rel}","templated":true}]}}