{"id":31281,"date":"2025-10-26T07:29:04","date_gmt":"2025-10-26T07:29:04","guid":{"rendered":"https:\/\/www.europesays.com\/lv\/31281\/"},"modified":"2025-10-26T07:29:04","modified_gmt":"2025-10-26T07:29:04","slug":"sestdien-satiksmes-negadijumos-cietusi-astoni-cilveki-piekerti-13-dzerajsoferi","status":"publish","type":"post","link":"https:\/\/www.europesays.com\/lv\/31281\/","title":{"rendered":"Sestdien satiksmes negad\u012bjumos cietu\u0161i asto\u0146i cilv\u0113ki; pie\u0137erti 13 dz\u0113r\u0101j\u0161oferi"},"content":{"rendered":"<p>\u010cetri <a href=\"https:\/\/www.tvnet.lv\/term\/648978\/dzerajsoferi\" class=\"topicLink\" target=\"_blank\" rel=\"nofollow noopener\">dz\u0113r\u0101j\u0161oferi<\/a> aptur\u0113ti Latgal\u0113, tr\u012bs &#8211; R\u012bgas re\u0123ion\u0101, kur re\u0123istr\u0113ts ar\u012b transportl\u012bdzek\u013ca vad\u012bt\u0101js narkotiku ietekm\u0113. V\u0113l tr\u012bs transportl\u012bdzek\u013cu vad\u012bt\u0101ji, b\u016bdami kunga d\u016b\u0161\u0101, aptur\u0113ti Zemgal\u0113, divi &#8211; Kurzem\u0113, bet viens &#8211; Vidzem\u0113.<\/p>\n<p>11 gad\u012bjumos dz\u0113r\u0101j\u0161oferu organism\u0101 alkohola koncentr\u0101cija bija virs 1,5 promil\u0113m vai ar\u012b vi\u0146i \u0161\u0101d\u0101 st\u0101vokl\u012b bija s\u0113du\u0161ies pie st\u016bres bez transportl\u012bdzek\u013ca vad\u012b\u0161anas ties\u012bb\u0101m, vai ar\u012b izrais\u012bju\u0161i av\u0101riju. Par \u0161\u0101diem likuma p\u0101rk\u0101pumiem ir paredz\u0113ta krimin\u0101latbild\u012bba, t\u0101pat k\u0101 par s\u0113\u0161anos pie st\u016bres narkotisko vielu ietekm\u0113. Savuk\u0101rt divi no sestdien pie\u0137ertajiem transportl\u012bdzek\u013cu vad\u012bt\u0101jiem dz\u0113rum\u0101 tiku\u0161i cauri ar administrat\u012bv\u0101 p\u0101rk\u0101puma protokolu, kas noz\u012bm\u0113, ka vi\u0146u organism\u0101 alkohola koncentr\u0101cija nep\u0101rsniedza 1,5 promiles.<\/p>\n<p>Starp satiksmes negad\u012bjumos pag\u0101ju\u0161aj\u0101 diennakt\u012b cietu\u0161ajiem ir \u010detri g\u0101j\u0113ji un viens elektrisk\u0101 skrejrite\u0146a vad\u012bt\u0101js.<\/p>\n<p>Kopum\u0101 valst\u012b diennakts laik\u0101 re\u0123istr\u0113ts 91 ce\u013cu satiksmes negad\u012bjums, no kuriem asto\u0146i biju\u0161i ar cietu\u0161ajiem. Nevien\u0101 av\u0101rij\u0101 nav ievainoti vair\u0101ki cilv\u0113ki.<\/p>\n<p>R\u012bgas re\u0123ion\u0101 re\u0123istr\u0113ti septi\u0146i ce\u013cu satiksmes negad\u012bjumi ar cietu\u0161ajiem, bet Zemgal\u0113 &#8211; viens, liecina policijas apkopotie dati.<\/p>\n","protected":false},"excerpt":{"rendered":"\u010cetri dz\u0113r\u0101j\u0161oferi aptur\u0113ti Latgal\u0113, tr\u012bs &#8211; R\u012bgas re\u0123ion\u0101, kur re\u0123istr\u0113ts ar\u012b transportl\u012bdzek\u013ca vad\u012bt\u0101js narkotiku ietekm\u0113. V\u0113l tr\u012bs transportl\u012bdzek\u013cu&hellip;\n","protected":false},"author":2,"featured_media":31282,"comment_status":"","ping_status":"","sticky":false,"template":"","format":"standard","meta":{"footnotes":""},"categories":[5],"tags":[23,28,29,2936,5811,32,33,22,30,31,35,39,38,36,37,34,40,20,26,27,9460,24,25,21],"class_list":{"0":"post-31281","1":"post","2":"type-post","3":"status-publish","4":"format-standard","5":"has-post-thumbnail","7":"category-aktualitates","8":"tag-aktualitates","9":"tag-breaking-news","10":"tag-breakingnews","11":"tag-dzerajsoferi","12":"tag-dzerajsoferi-un-promiles","13":"tag-featured-news","14":"tag-featurednews","15":"tag-headlines","16":"tag-latest-news","17":"tag-latestnews","18":"tag-latvia","19":"tag-latvian","20":"tag-latviesu","21":"tag-latviesu-valoda","22":"tag-latviesuvaloda","23":"tag-latvija","24":"tag-lv","25":"tag-news","26":"tag-popularakas-zinas","27":"tag-popularakaszinas","28":"tag-skatuves-negadijumi","29":"tag-top-stories","30":"tag-topstories","31":"tag-zinas"},"share_on_mastodon":{"url":"https:\/\/pubeurope.com\/@lv\/115439295771916837","error":""},"_links":{"self":[{"href":"https:\/\/www.europesays.com\/lv\/wp-json\/wp\/v2\/posts\/31281","targetHints":{"allow":["GET"]}}],"collection":[{"href":"https:\/\/www.europesays.com\/lv\/wp-json\/wp\/v2\/posts"}],"about":[{"href":"https:\/\/www.europesays.com\/lv\/wp-json\/wp\/v2\/types\/post"}],"author":[{"embeddable":true,"href":"https:\/\/www.europesays.com\/lv\/wp-json\/wp\/v2\/users\/2"}],"replies":[{"embeddable":true,"href":"https:\/\/www.europesays.com\/lv\/wp-json\/wp\/v2\/comments?post=31281"}],"version-history":[{"count":0,"href":"https:\/\/www.europesays.com\/lv\/wp-json\/wp\/v2\/posts\/31281\/revisions"}],"wp:featuredmedia":[{"embeddable":true,"href":"https:\/\/www.europesays.com\/lv\/wp-json\/wp\/v2\/media\/31282"}],"wp:attachment":[{"href":"https:\/\/www.europesays.com\/lv\/wp-json\/wp\/v2\/media?parent=31281"}],"wp:term":[{"taxonomy":"category","embeddable":true,"href":"https:\/\/www.europesays.com\/lv\/wp-json\/wp\/v2\/categories?post=31281"},{"taxonomy":"post_tag","embeddable":true,"href":"https:\/\/www.europesays.com\/lv\/wp-json\/wp\/v2\/tags?post=31281"}],"curies":[{"name":"wp","href":"https:\/\/api.w.org\/{rel}","templated":true}]}}