{"id":31285,"date":"2025-10-26T07:35:08","date_gmt":"2025-10-26T07:35:08","guid":{"rendered":"https:\/\/www.europesays.com\/lv\/31285\/"},"modified":"2025-10-26T07:35:08","modified_gmt":"2025-10-26T07:35:08","slug":"evikas-silinas-valdibas-nakotne-pec-stambulas-konvencijas-lemuma","status":"publish","type":"post","link":"https:\/\/www.europesays.com\/lv\/31285\/","title":{"rendered":"Evikas Sili\u0146as vald\u012bbas n\u0101kotne p\u0113c Stambulas konvencijas l\u0113muma"},"content":{"rendered":"<p class=\"descr\">Ceturtdien v\u0113lu vakar\u0101 Saeima p\u0113c gar\u0101m, nogurdino\u0161\u0101m un sam\u0113r\u0101 bezj\u0113dz\u012bg\u0101m debat\u0113m pirmaj\u0101 las\u012bjum\u0101 pie\u0146\u0113ma l\u0113mumu par izst\u0101\u0161anos no Stambulas konvencijas. Skatoties to murgu, cirku vai te\u0101tri (k\u0101 nu kuram lab\u0101k pat\u012bk), grib\u0113tos pievienoties tiem, kuri jaut\u0101: vai tie\u0161\u0101m jums nav nek\u0101 cita ko dar\u012bt, ta\u010du taj\u0101 pa\u0161\u0101 laik\u0101 saprotu: tie\u0161i t\u0101 ar\u012b ir politika.<\/p>\n<p>Paties\u012bb\u0101 jaut\u0101jums ir \u0101rk\u0101rt\u012bgi svar\u012bgs un b\u016btisks. Daudz svar\u012bg\u0101ks par kaut k\u0101diem saimnieciskiem, praktiskas dabas jaut\u0101jumiem, jo runa ir par pa\u0161u galveno &#8211; pa kuru ce\u013cu iesim t\u0101l\u0101k? Ja raug\u0101mies uz situ\u0101ciju no \u0161\u012b rakursa, tad viss nost\u0101jas sav\u0101s viet\u0101s, un k\u013c\u016bst skaidrs, k\u0101p\u0113c tik skarba vico\u0161an\u0101s, apsauk\u0101\u0161an\u0101s un lam\u0101\u0161an\u0101s skan\u0113ja Saeimas z\u0101l\u0113.<\/p>\n<p>Var piekrist ar\u012b tiem, kuri saka, ka <a href=\"https:\/\/nra.lv\/birka\/stambulas-konvencija\/\" rel=\"nofollow noopener\" target=\"_blank\">Stambulas konvencijas<\/a> denons\u0113\u0161ana vai nedenons\u0113\u0161ana uz Latvijas iedz\u012bvot\u0101jiem tikpat k\u0101 nek\u0101du ietekmi neatst\u0101s. To tikpat k\u0101 neviens, iz\u0146emot tos, kuri uz \u0161\u012bs konvencijas r\u0113\u0137ina g\u016bst savu mazo finan\u0161u labumi\u0146u, nejut\u012b\u0161ot. Bet atcer\u0113simies, diskusijas jau nav par konvenciju un v\u0113l maz\u0101k par izslav\u0113to vardarb\u012bbu. Diskusijas ir par ce\u013cu. Pa kuru iesim.<\/p>\n<p>Vec\u0101 politika, kuru Latvij\u0101 iemieso \u201cVienot\u012bba\u201d, cie\u0161 v\u0113sturisku krahu vis\u0101 pasaul\u0113. Vislab\u0101k tas redzams ASV, kur v\u0113l\u0113t\u0101ji pirms gada prezidenta v\u0113l\u0113\u0161an\u0101s nov\u0113rs\u0101s no tradicion\u0101l\u0101s, \u201csol\u012bd\u0101s\u201d, \u201cpareiz\u0101s\u201d, izsv\u0113rt\u0101s un l\u012bdzsvarot\u0101s politikas, dodot priek\u0161roku ac\u012bmredzamam politiskam hulig\u0101nam, kur\u0161 bez maz\u0101k\u0101s minstin\u0101\u0161an\u0101s jauc nost veco valsts p\u0101rvaldes apar\u0101tu t\u0101pat k\u0101 savas rezidences &#8211; Balt\u0101 nama &#8211; austrumu sp\u0101rnu.<\/p>\n<p>\u0160o sabiedr\u012bbas piepras\u012bjumu p\u0113c akt\u012bvas, ener\u0123iskas, nestandarta r\u012bc\u012bbas gaid\u0101mo Saeimas v\u0113l\u0113\u0161anu priek\u0161vakar\u0101 j\u016bt ar\u012b Latvijas politi\u0137i. Vi\u0146iem jau laikus j\u0101izdara svar\u012bga iz\u0161\u0137ir\u0161an\u0101s &#8211; ar ko b\u016bt kop\u0101? Ar dar\u012bt\u0101jiem vai run\u0101t\u0101jiem, kuri bez apjom\u012bgiem (un d\u0101rgiem) \u201cp\u0113t\u012bjumiem\u201d ne soli nesper un ikvienas probl\u0113mas risin\u0101\u0161anai veido darba grupu.<\/p>\n<p> Iest\u0101ju\u0161ies jauni laiki <\/p>\n<p>Saist\u012bb\u0101 ar Stambulas konvencijas denons\u0113\u0161anu da\u017ek\u0101rt izskan jaut\u0101jums: kas Latvijas politiskaj\u0101 ainav\u0101 ir main\u012bjies \u0161ajos divos gados, kop\u0161 \u0161\u012b konvencija ratific\u0113ta? K\u0101p\u0113c toreiz t\u0101 tika bez liela trok\u0161\u0146a pie\u0146emta, bet tagad izraisa t\u0101du a\u017eiot\u0101\u017eu?<\/p>\n<p>Main\u012bjies ir daudz kas. Pirm\u0101m k\u0101rt\u0101m sabiedr\u012bbas v\u0113rt\u0113jums: kura ir jaun\u0101 un kura vec\u0101 politika. Ja pirms diviem gadiem \u201cVienot\u012bba\u201d skait\u012bj\u0101s p\u0101rst\u0101vam politisko avangardu, bet t\u0101s pretinieki &#8211; stagn\u0101tus, bremzes, \u201cpag\u0101ju\u0161o gadsimtu\u201d, tad tagad tie\u0161i \u201cVienot\u012bba\u201d ir t\u0101, kura neko negrib main\u012bt un sabiedr\u012bbas ac\u012bs k\u013c\u016bst par stagn\u0101tiem un bremz\u0113m. Proti, vec\u0101s, tradicion\u0101l\u0101s, m\u016b\u017e\u012bgi \u201cpareiz\u0101s\u201d politikas p\u0101rst\u0101vjiem.<\/p>\n<p>Main\u012bjies ir tas, ka aiz loga ir cits laikmets. Laikmets, kur\u0101 politiku nosaka nevis \u201ckvalitat\u012bv\u0101 \u017eurn\u0101listika\u201d un \u201cnopietni eksperti ar zin\u0101tniskajiem gr\u0101diem\u201d, bet gan \u201cTik-Tok\u201d ietekme\u013ci ar ierobe\u017eotu v\u0101rdu kr\u0101jumu un v\u0113l maz\u0101ku izpratni par \u0113tiku. Laikmets, kur\u0101 tiek jaukts nost Baltais nams (vismaz t\u0101 da\u013ca) un par Pentagona \u0161efu tiek iecelts biju\u0161ais telev\u012bzijas \u0161ovmenis, alkohola cien\u012bt\u0101js, ar lieliem, divdom\u012bgiem tetov\u0113jumiem uz rok\u0101m un kr\u016bt\u012bm. No vi\u0146a daudz neat\u0161\u0137iras p\u0101r\u0113jie pa\u0161reiz\u0113j\u0101 ASV prezidenta administr\u0101cijas locek\u013ci.<\/p>\n<p>Pat\u012bk k\u0101dam tas vai ne, bet t\u0101da ir jaun\u0101 realit\u0101te, un \u0161ajos jaunajos laikos nepiecie\u0161ama jauna politika. Vismaz j\u0101demonstr\u0113 gatav\u012bba to realiz\u0113t. T\u0101 nu sagad\u012bjies, ka Stambulas konvencija Latvij\u0101 ir k\u013cuvusi par to lakmusa pap\u012br\u012bti, kas r\u0101da, kas kur\u0161 ir un pa kuru ce\u013cu ir gatavs iet.<\/p>\n<p>N\u0101kamais solis p\u0113c tam, kad ar \u0161\u012b lakmusa pap\u012br\u012b\u0161a (Stambulas konvencijas) pal\u012bdz\u012bbu ir noskaidrota politisko sp\u0113ku ideolo\u0123isk\u0101 pieder\u012bba (k\u0101 \u0137\u012bmij\u0101 &#8211; sk\u0101bs vai s\u0101rmains), no politisk\u0101s lo\u0123ikas viedok\u013ca b\u016btu j\u0101sper n\u0101kamais solis &#8211; jaunas koal\u012bcijas un jaunas vald\u012bbas izveido\u0161ana. Bet tie\u0161i \u0161eit viss k\u013c\u016bst pavisam neskaidrs un izpl\u016bdis.<\/p>\n<p> \u0122eogr\u0101fija nosaka politisko izv\u0113li <\/p>\n<p>Lieta t\u0101da, ka Latvijas realit\u0101t\u0113 daudz liel\u0101ku noz\u012bmi par da\u017e\u0101diem ideolo\u0123iskiem uzst\u0101d\u012bjumiem un gatav\u012bbu ener\u0123iski kaut ko main\u012bt sp\u0113l\u0113 kaimi\u0146os eso\u0161\u0101s agres\u012bv\u0101s Krievijas faktors. Ne velti, debat\u0113jot par Stambulu un ne tikai par to, viens no bie\u017e\u0101k piemin\u0113tajiem argumentiem ir Kremlis.<\/p>\n<p>Ja mums blakus neb\u016btu Putina Krievija, tad Latvijas politisk\u0101 ainava, visticam\u0101k, izskat\u012btos cit\u0101di. Ta\u010du \u0123eogr\u0101fija ir t\u0101da, k\u0101da t\u0101 ir, t\u0101p\u0113c ar\u012b politisk\u0101 realit\u0101te ir t\u0101da, ka bez \u201cVienot\u012bbas\u201d ir gr\u016bti izveidot t\u0101du jaunu koal\u012bciju, kura t\u0101s dal\u012bbniekiem nenestu politisko apdraud\u0113jumu. Ar to dom\u0101ju ie\u0161anu vien\u0101 koal\u012bcij\u0101 ar \u201cLatvija pirmaj\u0101 viet\u0101\u201d, kuras prokremlisk\u0101 reput\u0101cija var mest nel\u0101gu \u0113nu uz p\u0101r\u0113jiem.<\/p>\n<p>\u201cVienot\u012bba\u201d ir br\u012bdin\u0101jusi potenci\u0101los vald\u012bbas g\u0101z\u0113jus, ka ar vi\u0146iem n\u0101kamaj\u0101 koal\u012bcij\u0101 kop\u0101 neies. Protams, vienm\u0113r past\u0101v iesp\u0113ja pa\u0161iem p\u0113c politisk\u0101 izdev\u012bguma krit\u0113rijiem noz\u012bm\u0113t tos, kuri it k\u0101 biju\u0161i vald\u012bbas g\u0101z\u0113ji, bet \u0161obr\u012bd, maz\u0101k nek\u0101 gadu pirms v\u0113l\u0113\u0161an\u0101m, tas pat nav svar\u012bg\u0101kais. Jo visi kalkul\u0113 &#8211; k\u0101 izdev\u012bg\u0101k: b\u016bt poz\u012bcij\u0101 vai opoz\u012bcij\u0101?<\/p>\n<p>Skaidras atbildes nav gandr\u012bz nevienai partijai, jo savs elektor\u0101lais labums ir gan vien\u0101, gan otr\u0101 gad\u012bjum\u0101. Ir izveidojusies interesanta situ\u0101cija. \u201cVienot\u012bba\u201d ir skaidri pateikusi, ka pati savu vald\u012bbu neg\u0101z\u012bs. ZZS varb\u016bt ne tik tie\u0161i, bet ar\u012b likusi saprast, ka neb\u016bs tie\u0161ie vald\u012bbas g\u0101z\u0113ji. Proti, par bud\u017eetu, kas nepie\u0146em\u0161anas gad\u012bjum\u0101 autom\u0101tiski noz\u012bm\u0113tu vald\u012bbas kri\u0161anu, vi\u0146i balsos kop\u0101 ar koal\u012bciju.<\/p>\n<p>Atliek vien\u012bgi \u201cProgres\u012bvie\u201d, kuru frakcijas vad\u012bt\u0101js un partijas l\u012bderis Andris \u0160uvajevs uzst\u0101jas ar aizvien kareiv\u012bg\u0101kiem pazi\u0146ojumiem, liekot saprast, ka t\u0101 t\u0101s lietas t\u0101l\u0101k neies. Vi\u0146u var saprast. Politisk\u0101 piek\u0101p\u012bba praktisk\u0101 izdev\u012bguma labad vi\u0146a elektor\u0101tam neiet pie sirds. Skaidrs, ka ministri grib\u0113tu turpin\u0101t saimniekot sav\u0101s mui\u017ei\u0146\u0101s, bet partijas politisk\u0101 vad\u012bba uz politisko situ\u0101ciju skat\u0101s gaid\u0101mo v\u0113l\u0113\u0161anu kontekst\u0101. No \u0161\u012b rakursa aizie\u0161ana no koal\u012bcijas, kura nesp\u0113ja notur\u0113t vi\u0146iem tik noz\u012bm\u012bgu kaujas karogu k\u0101 Stambulas konvencija, izskat\u0101s jau visnota\u013c racion\u0101ls l\u0113mums.<\/p>\n<p>Kuri apsv\u0113rumi saist\u012bb\u0101 ar t\u0101l\u0101ko <a href=\"https:\/\/nra.lv\/birka\/evika-silina\/\" rel=\"nofollow noopener\" target=\"_blank\">Evikas Sili\u0146as<\/a> <a href=\"https:\/\/nra.lv\/birka\/valdiba\/\" rel=\"nofollow noopener\" target=\"_blank\">vald\u012bbas<\/a> stabilit\u0101ti k\u013c\u016bs noteico\u0161ie &#8211; praktiskie vai ideolo\u0123iskie &#8211; to redz\u0113sim jau pavisam dr\u012bz\u0101 n\u0101kotn\u0113. Katr\u0101 zi\u0146\u0101 eso\u0161\u0101 <a href=\"https:\/\/nra.lv\/birka\/koalicija\/\" rel=\"nofollow noopener\" target=\"_blank\">koal\u012bcija<\/a> ar katru dienu izskat\u0101s arvien nedab\u012bg\u0101ka. \u0160\u0101ds politiski pretdab\u012bgs veidojums parasti nedod labumu nevienai no t\u0101 sast\u0101vda\u013c\u0101m, t\u0101p\u0113c dr\u012bzas izmai\u0146as uz m\u016bsu politisk\u0101s skatuves ir visai ticamas.<\/p>\n","protected":false},"excerpt":{"rendered":"Ceturtdien v\u0113lu vakar\u0101 Saeima p\u0113c gar\u0101m, nogurdino\u0161\u0101m un sam\u0113r\u0101 bezj\u0113dz\u012bg\u0101m debat\u0113m pirmaj\u0101 las\u012bjum\u0101 pie\u0146\u0113ma l\u0113mumu par izst\u0101\u0161anos no&hellip;\n","protected":false},"author":2,"featured_media":31286,"comment_status":"","ping_status":"","sticky":false,"template":"","format":"standard","meta":{"footnotes":""},"categories":[5],"tags":[23,28,29,32,33,22,30,31,35,39,38,36,37,34,40,20,26,27,24,25,21],"class_list":{"0":"post-31285","1":"post","2":"type-post","3":"status-publish","4":"format-standard","5":"has-post-thumbnail","7":"category-aktualitates","8":"tag-aktualitates","9":"tag-breaking-news","10":"tag-breakingnews","11":"tag-featured-news","12":"tag-featurednews","13":"tag-headlines","14":"tag-latest-news","15":"tag-latestnews","16":"tag-latvia","17":"tag-latvian","18":"tag-latviesu","19":"tag-latviesu-valoda","20":"tag-latviesuvaloda","21":"tag-latvija","22":"tag-lv","23":"tag-news","24":"tag-popularakas-zinas","25":"tag-popularakaszinas","26":"tag-top-stories","27":"tag-topstories","28":"tag-zinas"},"share_on_mastodon":{"url":"https:\/\/pubeurope.com\/@lv\/115439319352076508","error":""},"_links":{"self":[{"href":"https:\/\/www.europesays.com\/lv\/wp-json\/wp\/v2\/posts\/31285","targetHints":{"allow":["GET"]}}],"collection":[{"href":"https:\/\/www.europesays.com\/lv\/wp-json\/wp\/v2\/posts"}],"about":[{"href":"https:\/\/www.europesays.com\/lv\/wp-json\/wp\/v2\/types\/post"}],"author":[{"embeddable":true,"href":"https:\/\/www.europesays.com\/lv\/wp-json\/wp\/v2\/users\/2"}],"replies":[{"embeddable":true,"href":"https:\/\/www.europesays.com\/lv\/wp-json\/wp\/v2\/comments?post=31285"}],"version-history":[{"count":0,"href":"https:\/\/www.europesays.com\/lv\/wp-json\/wp\/v2\/posts\/31285\/revisions"}],"wp:featuredmedia":[{"embeddable":true,"href":"https:\/\/www.europesays.com\/lv\/wp-json\/wp\/v2\/media\/31286"}],"wp:attachment":[{"href":"https:\/\/www.europesays.com\/lv\/wp-json\/wp\/v2\/media?parent=31285"}],"wp:term":[{"taxonomy":"category","embeddable":true,"href":"https:\/\/www.europesays.com\/lv\/wp-json\/wp\/v2\/categories?post=31285"},{"taxonomy":"post_tag","embeddable":true,"href":"https:\/\/www.europesays.com\/lv\/wp-json\/wp\/v2\/tags?post=31285"}],"curies":[{"name":"wp","href":"https:\/\/api.w.org\/{rel}","templated":true}]}}